{"id":14649,"date":"2025-11-26T19:45:44","date_gmt":"2025-11-26T18:45:44","guid":{"rendered":"https:\/\/blogsaverroes.juntadeandalucia.es\/iesmarquesdecomares\/?p=14649"},"modified":"2025-11-26T19:45:44","modified_gmt":"2025-11-26T18:45:44","slug":"metodologia-activa-modelado-manipulativo-para-el-aprendizaje-de-la-genetica-en-4o-de-eso","status":"publish","type":"post","link":"https:\/\/blogsaverroes.juntadeandalucia.es\/iesmarquesdecomares\/metodologia-activa-modelado-manipulativo-para-el-aprendizaje-de-la-genetica-en-4o-de-eso\/","title":{"rendered":"Metodolog\u00eda Activa: Modelado Manipulativo para el Aprendizaje de la Gen\u00e9tica en 4\u00ba de ESO"},"content":{"rendered":"<p data-path-to-node=\"19\">El alumnado de 4\u00ba de ESO, dentro del curr\u00edculo de Biolog\u00eda y Geolog\u00eda, ha participado en una serie de pr\u00e1cticas de modelado dise\u00f1adas para reforzar los conceptos fundamentales del bloque de saberes esenciales C, centrado en la gen\u00e9tica y la evoluci\u00f3n. El uso de modelos manipulativos constituye una herramienta did\u00e1ctica fundamental que permite convertir la abstracci\u00f3n te\u00f3rica en una experiencia tangible.<\/p>\n<p data-path-to-node=\"20\">Para lograr este objetivo, se emplearon alimentos y materiales cotidianos con el fin de construir representaciones moleculares y celulares complejas:<\/p>\n<ul data-path-to-node=\"21\">\n<li>\n<p data-path-to-node=\"21,0,0\"><b>Mitosis con Galletas:<\/b> Se representaron las distintas fases de la divisi\u00f3n celular (profase, metafase, anafase y telofase), utilizando materiales diversos para identificar estructuras clave como los cromosomas y el huso acrom\u00e1tico.<\/p>\n<\/li>\n<li>\n<p data-path-to-node=\"21,1,0\"><b>Doble H\u00e9lice de ADN:<\/b> Nubes de colores y palillos fueron utilizados para ensamblar el modelo tridimensional de la mol\u00e9cula de ADN, donde cada color diferenciaba las bases nitrogenadas.<\/p>\n<\/li>\n<li>\n<p data-path-to-node=\"21,2,0\"><b>Cariotipo:<\/b> Mediante gusanos de goma, los estudiantes practicaron la organizaci\u00f3n y clasificaci\u00f3n de los pares de cromosomas hom\u00f3logos, esencial para la correcta lectura e identificaci\u00f3n de un cariotipo humano.<\/p>\n<\/li>\n<li>\n<p data-path-to-node=\"21,3,0\"><b>Problemas de Herencia:<\/b> Ositos de goma se emplearon para simular y resolver diferentes cruces gen\u00e9ticos, afianzando de este modo los conceptos de alelos, genotipo y fenotipo.<\/p>\n<\/li>\n<\/ul>\n<p data-path-to-node=\"22\">La implementaci\u00f3n de estos modelos es esencial en Biolog\u00eda y Geolog\u00eda, ya que transforma el aprendizaje te\u00f3rico en una experiencia activa. Esta metodolog\u00eda refuerza significativamente la comprensi\u00f3n de la estructura del ADN como base de la herencia y facilita la asimilaci\u00f3n de la din\u00e1mica celular y los patrones de transmisi\u00f3n gen\u00e9tica de forma m\u00e1s intuitiva.<\/p>\n\n\t\t<style>\n\t\t\t#gallery-1 {\n\t\t\t\tmargin: auto;\n\t\t\t}\n\t\t\t#gallery-1 .gallery-item {\n\t\t\t\tfloat: left;\n\t\t\t\tmargin-top: 10px;\n\t\t\t\ttext-align: center;\n\t\t\t\twidth: 33%;\n\t\t\t}\n\t\t\t#gallery-1 img {\n\t\t\t\tborder: 2px solid #cfcfcf;\n\t\t\t}\n\t\t\t#gallery-1 .gallery-caption {\n\t\t\t\tmargin-left: 0;\n\t\t\t}\n\t\t\t\/* see gallery_shortcode() in wp-includes\/media.php *\/\n\t\t<\/style>\n\t\t<div id='gallery-1' class='gallery galleryid-14649 gallery-columns-3 gallery-size-large'><dl class='gallery-item'>\n\t\t\t<dt class='gallery-icon landscape'>\n\t\t\t\t<a href='https:\/\/blogsaverroes.juntadeandalucia.es\/iesmarquesdecomares\/metodologia-activa-modelado-manipulativo-para-el-aprendizaje-de-la-genetica-en-4o-de-eso\/img_7921-maria-esther-pina-torres\/'><img fetchpriority=\"high\" decoding=\"async\" width=\"1024\" height=\"740\" src=\"https:\/\/blogsaverroes.juntadeandalucia.es\/iesmarquesdecomares\/files\/2025\/11\/IMG_7921-Maria-Esther-Pina-Torres-1024x740.jpg\" class=\"attachment-large size-large\" alt=\"\" srcset=\"https:\/\/blogsaverroes.juntadeandalucia.es\/iesmarquesdecomares\/files\/2025\/11\/IMG_7921-Maria-Esther-Pina-Torres-1024x740.jpg 1024w, https:\/\/blogsaverroes.juntadeandalucia.es\/iesmarquesdecomares\/files\/2025\/11\/IMG_7921-Maria-Esther-Pina-Torres-300x217.jpg 300w, https:\/\/blogsaverroes.juntadeandalucia.es\/iesmarquesdecomares\/files\/2025\/11\/IMG_7921-Maria-Esther-Pina-Torres-768x555.jpg 768w, https:\/\/blogsaverroes.juntadeandalucia.es\/iesmarquesdecomares\/files\/2025\/11\/IMG_7921-Maria-Esther-Pina-Torres-1536x1110.jpg 1536w, https:\/\/blogsaverroes.juntadeandalucia.es\/iesmarquesdecomares\/files\/2025\/11\/IMG_7921-Maria-Esther-Pina-Torres-2048x1480.jpg 2048w\" sizes=\"(max-width: 1024px) 100vw, 1024px\" \/><\/a>\n\t\t\t<\/dt><\/dl><dl class='gallery-item'>\n\t\t\t<dt class='gallery-icon landscape'>\n\t\t\t\t<a href='https:\/\/blogsaverroes.juntadeandalucia.es\/iesmarquesdecomares\/metodologia-activa-modelado-manipulativo-para-el-aprendizaje-de-la-genetica-en-4o-de-eso\/img_7924-maria-esther-pina-torres\/'><img decoding=\"async\" width=\"1024\" height=\"768\" src=\"https:\/\/blogsaverroes.juntadeandalucia.es\/iesmarquesdecomares\/files\/2025\/11\/IMG_7924-Maria-Esther-Pina-Torres-1024x768.jpg\" class=\"attachment-large size-large\" alt=\"\" srcset=\"https:\/\/blogsaverroes.juntadeandalucia.es\/iesmarquesdecomares\/files\/2025\/11\/IMG_7924-Maria-Esther-Pina-Torres-1024x768.jpg 1024w, https:\/\/blogsaverroes.juntadeandalucia.es\/iesmarquesdecomares\/files\/2025\/11\/IMG_7924-Maria-Esther-Pina-Torres-300x225.jpg 300w, https:\/\/blogsaverroes.juntadeandalucia.es\/iesmarquesdecomares\/files\/2025\/11\/IMG_7924-Maria-Esther-Pina-Torres-768x576.jpg 768w, https:\/\/blogsaverroes.juntadeandalucia.es\/iesmarquesdecomares\/files\/2025\/11\/IMG_7924-Maria-Esther-Pina-Torres-1536x1152.jpg 1536w, https:\/\/blogsaverroes.juntadeandalucia.es\/iesmarquesdecomares\/files\/2025\/11\/IMG_7924-Maria-Esther-Pina-Torres.jpg 2016w\" sizes=\"(max-width: 1024px) 100vw, 1024px\" \/><\/a>\n\t\t\t<\/dt><\/dl><dl class='gallery-item'>\n\t\t\t<dt class='gallery-icon portrait'>\n\t\t\t\t<a href='https:\/\/blogsaverroes.juntadeandalucia.es\/iesmarquesdecomares\/metodologia-activa-modelado-manipulativo-para-el-aprendizaje-de-la-genetica-en-4o-de-eso\/img_7905-maria-esther-pina-torres\/'><img decoding=\"async\" width=\"768\" height=\"1024\" src=\"https:\/\/blogsaverroes.juntadeandalucia.es\/iesmarquesdecomares\/files\/2025\/11\/IMG_7905-Maria-Esther-Pina-Torres-768x1024.jpg\" class=\"attachment-large size-large\" alt=\"\" srcset=\"https:\/\/blogsaverroes.juntadeandalucia.es\/iesmarquesdecomares\/files\/2025\/11\/IMG_7905-Maria-Esther-Pina-Torres-768x1024.jpg 768w, https:\/\/blogsaverroes.juntadeandalucia.es\/iesmarquesdecomares\/files\/2025\/11\/IMG_7905-Maria-Esther-Pina-Torres-225x300.jpg 225w, https:\/\/blogsaverroes.juntadeandalucia.es\/iesmarquesdecomares\/files\/2025\/11\/IMG_7905-Maria-Esther-Pina-Torres-1152x1536.jpg 1152w, https:\/\/blogsaverroes.juntadeandalucia.es\/iesmarquesdecomares\/files\/2025\/11\/IMG_7905-Maria-Esther-Pina-Torres-rotated.jpg 1512w\" sizes=\"(max-width: 768px) 100vw, 768px\" \/><\/a>\n\t\t\t<\/dt><\/dl><br style=\"clear: both\" \/><dl class='gallery-item'>\n\t\t\t<dt class='gallery-icon landscape'>\n\t\t\t\t<a href='https:\/\/blogsaverroes.juntadeandalucia.es\/iesmarquesdecomares\/metodologia-activa-modelado-manipulativo-para-el-aprendizaje-de-la-genetica-en-4o-de-eso\/img_7909-maria-esther-pina-torres\/'><img loading=\"lazy\" decoding=\"async\" width=\"1024\" height=\"768\" src=\"https:\/\/blogsaverroes.juntadeandalucia.es\/iesmarquesdecomares\/files\/2025\/11\/IMG_7909-Maria-Esther-Pina-Torres-1024x768.jpg\" class=\"attachment-large size-large\" alt=\"\" srcset=\"https:\/\/blogsaverroes.juntadeandalucia.es\/iesmarquesdecomares\/files\/2025\/11\/IMG_7909-Maria-Esther-Pina-Torres-1024x768.jpg 1024w, https:\/\/blogsaverroes.juntadeandalucia.es\/iesmarquesdecomares\/files\/2025\/11\/IMG_7909-Maria-Esther-Pina-Torres-300x225.jpg 300w, https:\/\/blogsaverroes.juntadeandalucia.es\/iesmarquesdecomares\/files\/2025\/11\/IMG_7909-Maria-Esther-Pina-Torres-768x576.jpg 768w, https:\/\/blogsaverroes.juntadeandalucia.es\/iesmarquesdecomares\/files\/2025\/11\/IMG_7909-Maria-Esther-Pina-Torres-1536x1152.jpg 1536w, https:\/\/blogsaverroes.juntadeandalucia.es\/iesmarquesdecomares\/files\/2025\/11\/IMG_7909-Maria-Esther-Pina-Torres.jpg 2016w\" sizes=\"(max-width: 1024px) 100vw, 1024px\" \/><\/a>\n\t\t\t<\/dt><\/dl><dl class='gallery-item'>\n\t\t\t<dt class='gallery-icon landscape'>\n\t\t\t\t<a href='https:\/\/blogsaverroes.juntadeandalucia.es\/iesmarquesdecomares\/metodologia-activa-modelado-manipulativo-para-el-aprendizaje-de-la-genetica-en-4o-de-eso\/img_7939-maria-esther-pina-torres\/'><img loading=\"lazy\" decoding=\"async\" width=\"1024\" height=\"768\" src=\"https:\/\/blogsaverroes.juntadeandalucia.es\/iesmarquesdecomares\/files\/2025\/11\/IMG_7939-Maria-Esther-Pina-Torres-1024x768.jpg\" class=\"attachment-large size-large\" alt=\"\" srcset=\"https:\/\/blogsaverroes.juntadeandalucia.es\/iesmarquesdecomares\/files\/2025\/11\/IMG_7939-Maria-Esther-Pina-Torres-1024x768.jpg 1024w, https:\/\/blogsaverroes.juntadeandalucia.es\/iesmarquesdecomares\/files\/2025\/11\/IMG_7939-Maria-Esther-Pina-Torres-300x225.jpg 300w, https:\/\/blogsaverroes.juntadeandalucia.es\/iesmarquesdecomares\/files\/2025\/11\/IMG_7939-Maria-Esther-Pina-Torres-768x576.jpg 768w, https:\/\/blogsaverroes.juntadeandalucia.es\/iesmarquesdecomares\/files\/2025\/11\/IMG_7939-Maria-Esther-Pina-Torres-1536x1152.jpg 1536w, https:\/\/blogsaverroes.juntadeandalucia.es\/iesmarquesdecomares\/files\/2025\/11\/IMG_7939-Maria-Esther-Pina-Torres-2048x1536.jpg 2048w\" sizes=\"(max-width: 1024px) 100vw, 1024px\" \/><\/a>\n\t\t\t<\/dt><\/dl><dl class='gallery-item'>\n\t\t\t<dt class='gallery-icon portrait'>\n\t\t\t\t<a href='https:\/\/blogsaverroes.juntadeandalucia.es\/iesmarquesdecomares\/metodologia-activa-modelado-manipulativo-para-el-aprendizaje-de-la-genetica-en-4o-de-eso\/img_7908-maria-esther-pina-torres\/'><img loading=\"lazy\" decoding=\"async\" width=\"768\" height=\"1024\" src=\"https:\/\/blogsaverroes.juntadeandalucia.es\/iesmarquesdecomares\/files\/2025\/11\/IMG_7908-Maria-Esther-Pina-Torres-768x1024.jpg\" class=\"attachment-large size-large\" alt=\"\" srcset=\"https:\/\/blogsaverroes.juntadeandalucia.es\/iesmarquesdecomares\/files\/2025\/11\/IMG_7908-Maria-Esther-Pina-Torres-768x1024.jpg 768w, https:\/\/blogsaverroes.juntadeandalucia.es\/iesmarquesdecomares\/files\/2025\/11\/IMG_7908-Maria-Esther-Pina-Torres-225x300.jpg 225w, https:\/\/blogsaverroes.juntadeandalucia.es\/iesmarquesdecomares\/files\/2025\/11\/IMG_7908-Maria-Esther-Pina-Torres-1152x1536.jpg 1152w, https:\/\/blogsaverroes.juntadeandalucia.es\/iesmarquesdecomares\/files\/2025\/11\/IMG_7908-Maria-Esther-Pina-Torres-rotated.jpg 1512w\" sizes=\"(max-width: 768px) 100vw, 768px\" \/><\/a>\n\t\t\t<\/dt><\/dl><br style=\"clear: both\" \/><dl class='gallery-item'>\n\t\t\t<dt class='gallery-icon landscape'>\n\t\t\t\t<a href='https:\/\/blogsaverroes.juntadeandalucia.es\/iesmarquesdecomares\/metodologia-activa-modelado-manipulativo-para-el-aprendizaje-de-la-genetica-en-4o-de-eso\/img_7925-maria-esther-pina-torres-2\/'><img loading=\"lazy\" decoding=\"async\" width=\"1024\" height=\"768\" src=\"https:\/\/blogsaverroes.juntadeandalucia.es\/iesmarquesdecomares\/files\/2025\/11\/IMG_7925-Maria-Esther-Pina-Torres-1-1024x768.jpg\" class=\"attachment-large size-large\" alt=\"\" srcset=\"https:\/\/blogsaverroes.juntadeandalucia.es\/iesmarquesdecomares\/files\/2025\/11\/IMG_7925-Maria-Esther-Pina-Torres-1-1024x768.jpg 1024w, https:\/\/blogsaverroes.juntadeandalucia.es\/iesmarquesdecomares\/files\/2025\/11\/IMG_7925-Maria-Esther-Pina-Torres-1-300x225.jpg 300w, https:\/\/blogsaverroes.juntadeandalucia.es\/iesmarquesdecomares\/files\/2025\/11\/IMG_7925-Maria-Esther-Pina-Torres-1-768x576.jpg 768w, https:\/\/blogsaverroes.juntadeandalucia.es\/iesmarquesdecomares\/files\/2025\/11\/IMG_7925-Maria-Esther-Pina-Torres-1-1536x1152.jpg 1536w, https:\/\/blogsaverroes.juntadeandalucia.es\/iesmarquesdecomares\/files\/2025\/11\/IMG_7925-Maria-Esther-Pina-Torres-1.jpg 2016w\" sizes=\"(max-width: 1024px) 100vw, 1024px\" \/><\/a>\n\t\t\t<\/dt><\/dl>\n\t\t\t<br style='clear: both' \/>\n\t\t<\/div>\n\n","protected":false},"excerpt":{"rendered":"<p>El alumnado de 4\u00ba de ESO, dentro del curr\u00edculo de Biolog\u00eda y Geolog\u00eda, ha participado en una serie de pr\u00e1cticas de modelado dise\u00f1adas para reforzar los conceptos fundamentales del bloque de saberes esenciales C,&#46;&#46;&#46;<\/p>\n","protected":false},"author":8171,"featured_media":14652,"comment_status":"closed","ping_status":"open","sticky":false,"template":"","format":"standard","meta":{"ngg_post_thumbnail":0,"footnotes":""},"categories":[526],"tags":[],"aioseo_notices":[],"_links":{"self":[{"href":"https:\/\/blogsaverroes.juntadeandalucia.es\/iesmarquesdecomares\/wp-json\/wp\/v2\/posts\/14649"}],"collection":[{"href":"https:\/\/blogsaverroes.juntadeandalucia.es\/iesmarquesdecomares\/wp-json\/wp\/v2\/posts"}],"about":[{"href":"https:\/\/blogsaverroes.juntadeandalucia.es\/iesmarquesdecomares\/wp-json\/wp\/v2\/types\/post"}],"author":[{"embeddable":true,"href":"https:\/\/blogsaverroes.juntadeandalucia.es\/iesmarquesdecomares\/wp-json\/wp\/v2\/users\/8171"}],"replies":[{"embeddable":true,"href":"https:\/\/blogsaverroes.juntadeandalucia.es\/iesmarquesdecomares\/wp-json\/wp\/v2\/comments?post=14649"}],"version-history":[{"count":1,"href":"https:\/\/blogsaverroes.juntadeandalucia.es\/iesmarquesdecomares\/wp-json\/wp\/v2\/posts\/14649\/revisions"}],"predecessor-version":[{"id":14657,"href":"https:\/\/blogsaverroes.juntadeandalucia.es\/iesmarquesdecomares\/wp-json\/wp\/v2\/posts\/14649\/revisions\/14657"}],"wp:featuredmedia":[{"embeddable":true,"href":"https:\/\/blogsaverroes.juntadeandalucia.es\/iesmarquesdecomares\/wp-json\/wp\/v2\/media\/14652"}],"wp:attachment":[{"href":"https:\/\/blogsaverroes.juntadeandalucia.es\/iesmarquesdecomares\/wp-json\/wp\/v2\/media?parent=14649"}],"wp:term":[{"taxonomy":"category","embeddable":true,"href":"https:\/\/blogsaverroes.juntadeandalucia.es\/iesmarquesdecomares\/wp-json\/wp\/v2\/categories?post=14649"},{"taxonomy":"post_tag","embeddable":true,"href":"https:\/\/blogsaverroes.juntadeandalucia.es\/iesmarquesdecomares\/wp-json\/wp\/v2\/tags?post=14649"}],"curies":[{"name":"wp","href":"https:\/\/api.w.org\/{rel}","templated":true}]}}