{"id":14707,"date":"2025-12-15T19:19:10","date_gmt":"2025-12-15T18:19:10","guid":{"rendered":"https:\/\/blogsaverroes.juntadeandalucia.es\/iesmarquesdecomares\/?p=14707"},"modified":"2025-12-15T19:19:10","modified_gmt":"2025-12-15T18:19:10","slug":"recital-poetico-musical-en-conmemoracion-del-dia-internacional-de-la-eliminacion-de-la-violencia-contra-la-mujer","status":"publish","type":"post","link":"https:\/\/blogsaverroes.juntadeandalucia.es\/iesmarquesdecomares\/recital-poetico-musical-en-conmemoracion-del-dia-internacional-de-la-eliminacion-de-la-violencia-contra-la-mujer\/","title":{"rendered":"Recital po\u00e9tico-musical en conmemoraci\u00f3n del D\u00eda Internacional de la Eliminaci\u00f3n de la Violencia contra la Mujer"},"content":{"rendered":"<p data-path-to-node=\"21\">El pasado 25 de noviembre, el IES Marqu\u00e9s de Comares conmemor\u00f3 el D\u00eda Internacional de la Eliminaci\u00f3n de la Violencia contra la Mujer con una actividad cultural que fusion\u00f3 la literatura y la m\u00fasica.<\/p>\n<p data-path-to-node=\"22\">El alumnado de 1\u00ba de ESO y del Aula Espec\u00edfica protagoniz\u00f3 un recital de haikus, una forma po\u00e9tica breve de origen japon\u00e9s, seleccionada para invitar a la reflexi\u00f3n en una fecha tan se\u00f1alada. Para enriquecer la lectura, el acto cont\u00f3 con el acompa\u00f1amiento musical del profesor D. Javier Quero, quien interpret\u00f3 diversas piezas al piano, dotando al evento de una atm\u00f3sfera solemne y emotiva.<\/p>\n<p data-path-to-node=\"23\">Esta iniciativa ha permitido al alumnado expresarse a trav\u00e9s de la palabra y el arte, fomentando la participaci\u00f3n conjunta de diferentes grupos del centro. Desde aqu\u00ed felicitamos a todos los participantes por el buen desarrollo del acto y agradecemos su implicaci\u00f3n en las actividades de concienciaci\u00f3n del instituto.<\/p>\n\n\t\t<style>\n\t\t\t#gallery-1 {\n\t\t\t\tmargin: auto;\n\t\t\t}\n\t\t\t#gallery-1 .gallery-item {\n\t\t\t\tfloat: left;\n\t\t\t\tmargin-top: 10px;\n\t\t\t\ttext-align: center;\n\t\t\t\twidth: 33%;\n\t\t\t}\n\t\t\t#gallery-1 img {\n\t\t\t\tborder: 2px solid #cfcfcf;\n\t\t\t}\n\t\t\t#gallery-1 .gallery-caption {\n\t\t\t\tmargin-left: 0;\n\t\t\t}\n\t\t\t\/* see gallery_shortcode() in wp-includes\/media.php *\/\n\t\t<\/style>\n\t\t<div id='gallery-1' class='gallery galleryid-14707 gallery-columns-3 gallery-size-medium'><dl class='gallery-item'>\n\t\t\t<dt class='gallery-icon portrait'>\n\t\t\t\t<a href='https:\/\/blogsaverroes.juntadeandalucia.es\/iesmarquesdecomares\/recital-poetico-musical-en-conmemoracion-del-dia-internacional-de-la-eliminacion-de-la-violencia-contra-la-mujer\/1000056121-ma-del-carmen-florido-aguera\/'><img fetchpriority=\"high\" decoding=\"async\" width=\"225\" height=\"300\" src=\"https:\/\/blogsaverroes.juntadeandalucia.es\/iesmarquesdecomares\/files\/2025\/12\/1000056121-Ma-del-Carmen-Florido-Aguera-225x300.jpg\" class=\"attachment-medium size-medium\" alt=\"\" srcset=\"https:\/\/blogsaverroes.juntadeandalucia.es\/iesmarquesdecomares\/files\/2025\/12\/1000056121-Ma-del-Carmen-Florido-Aguera-225x300.jpg 225w, https:\/\/blogsaverroes.juntadeandalucia.es\/iesmarquesdecomares\/files\/2025\/12\/1000056121-Ma-del-Carmen-Florido-Aguera-768x1024.jpg 768w, https:\/\/blogsaverroes.juntadeandalucia.es\/iesmarquesdecomares\/files\/2025\/12\/1000056121-Ma-del-Carmen-Florido-Aguera-1152x1536.jpg 1152w, https:\/\/blogsaverroes.juntadeandalucia.es\/iesmarquesdecomares\/files\/2025\/12\/1000056121-Ma-del-Carmen-Florido-Aguera-1536x2048.jpg 1536w, https:\/\/blogsaverroes.juntadeandalucia.es\/iesmarquesdecomares\/files\/2025\/12\/1000056121-Ma-del-Carmen-Florido-Aguera-scaled.jpg 1920w\" sizes=\"(max-width: 225px) 100vw, 225px\" \/><\/a>\n\t\t\t<\/dt><\/dl><dl class='gallery-item'>\n\t\t\t<dt class='gallery-icon portrait'>\n\t\t\t\t<a href='https:\/\/blogsaverroes.juntadeandalucia.es\/iesmarquesdecomares\/recital-poetico-musical-en-conmemoracion-del-dia-internacional-de-la-eliminacion-de-la-violencia-contra-la-mujer\/1000056123-1-ma-del-carmen-florido-aguera\/'><img decoding=\"async\" width=\"225\" height=\"300\" src=\"https:\/\/blogsaverroes.juntadeandalucia.es\/iesmarquesdecomares\/files\/2025\/12\/1000056123-1-Ma-del-Carmen-Florido-Aguera-225x300.jpg\" class=\"attachment-medium size-medium\" alt=\"\" srcset=\"https:\/\/blogsaverroes.juntadeandalucia.es\/iesmarquesdecomares\/files\/2025\/12\/1000056123-1-Ma-del-Carmen-Florido-Aguera-225x300.jpg 225w, https:\/\/blogsaverroes.juntadeandalucia.es\/iesmarquesdecomares\/files\/2025\/12\/1000056123-1-Ma-del-Carmen-Florido-Aguera-768x1024.jpg 768w, https:\/\/blogsaverroes.juntadeandalucia.es\/iesmarquesdecomares\/files\/2025\/12\/1000056123-1-Ma-del-Carmen-Florido-Aguera-1152x1536.jpg 1152w, https:\/\/blogsaverroes.juntadeandalucia.es\/iesmarquesdecomares\/files\/2025\/12\/1000056123-1-Ma-del-Carmen-Florido-Aguera-1536x2048.jpg 1536w, https:\/\/blogsaverroes.juntadeandalucia.es\/iesmarquesdecomares\/files\/2025\/12\/1000056123-1-Ma-del-Carmen-Florido-Aguera-scaled.jpg 1920w\" sizes=\"(max-width: 225px) 100vw, 225px\" \/><\/a>\n\t\t\t<\/dt><\/dl><dl class='gallery-item'>\n\t\t\t<dt class='gallery-icon portrait'>\n\t\t\t\t<a href='https:\/\/blogsaverroes.juntadeandalucia.es\/iesmarquesdecomares\/recital-poetico-musical-en-conmemoracion-del-dia-internacional-de-la-eliminacion-de-la-violencia-contra-la-mujer\/1000056120-ma-del-carmen-florido-aguera\/'><img decoding=\"async\" width=\"225\" height=\"300\" src=\"https:\/\/blogsaverroes.juntadeandalucia.es\/iesmarquesdecomares\/files\/2025\/12\/1000056120-Ma-del-Carmen-Florido-Aguera-225x300.jpg\" class=\"attachment-medium size-medium\" alt=\"\" srcset=\"https:\/\/blogsaverroes.juntadeandalucia.es\/iesmarquesdecomares\/files\/2025\/12\/1000056120-Ma-del-Carmen-Florido-Aguera-225x300.jpg 225w, https:\/\/blogsaverroes.juntadeandalucia.es\/iesmarquesdecomares\/files\/2025\/12\/1000056120-Ma-del-Carmen-Florido-Aguera-768x1024.jpg 768w, https:\/\/blogsaverroes.juntadeandalucia.es\/iesmarquesdecomares\/files\/2025\/12\/1000056120-Ma-del-Carmen-Florido-Aguera-1152x1536.jpg 1152w, https:\/\/blogsaverroes.juntadeandalucia.es\/iesmarquesdecomares\/files\/2025\/12\/1000056120-Ma-del-Carmen-Florido-Aguera-1536x2048.jpg 1536w, https:\/\/blogsaverroes.juntadeandalucia.es\/iesmarquesdecomares\/files\/2025\/12\/1000056120-Ma-del-Carmen-Florido-Aguera-scaled.jpg 1920w\" sizes=\"(max-width: 225px) 100vw, 225px\" \/><\/a>\n\t\t\t<\/dt><\/dl><br style=\"clear: both\" \/><dl class='gallery-item'>\n\t\t\t<dt class='gallery-icon portrait'>\n\t\t\t\t<a href='https:\/\/blogsaverroes.juntadeandalucia.es\/iesmarquesdecomares\/recital-poetico-musical-en-conmemoracion-del-dia-internacional-de-la-eliminacion-de-la-violencia-contra-la-mujer\/1000056119-ma-del-carmen-florido-aguera\/'><img loading=\"lazy\" decoding=\"async\" width=\"225\" height=\"300\" src=\"https:\/\/blogsaverroes.juntadeandalucia.es\/iesmarquesdecomares\/files\/2025\/12\/1000056119-Ma-del-Carmen-Florido-Aguera-225x300.jpg\" class=\"attachment-medium size-medium\" alt=\"\" srcset=\"https:\/\/blogsaverroes.juntadeandalucia.es\/iesmarquesdecomares\/files\/2025\/12\/1000056119-Ma-del-Carmen-Florido-Aguera-225x300.jpg 225w, https:\/\/blogsaverroes.juntadeandalucia.es\/iesmarquesdecomares\/files\/2025\/12\/1000056119-Ma-del-Carmen-Florido-Aguera-768x1024.jpg 768w, https:\/\/blogsaverroes.juntadeandalucia.es\/iesmarquesdecomares\/files\/2025\/12\/1000056119-Ma-del-Carmen-Florido-Aguera-1152x1536.jpg 1152w, https:\/\/blogsaverroes.juntadeandalucia.es\/iesmarquesdecomares\/files\/2025\/12\/1000056119-Ma-del-Carmen-Florido-Aguera-1536x2048.jpg 1536w, https:\/\/blogsaverroes.juntadeandalucia.es\/iesmarquesdecomares\/files\/2025\/12\/1000056119-Ma-del-Carmen-Florido-Aguera-scaled.jpg 1920w\" sizes=\"(max-width: 225px) 100vw, 225px\" \/><\/a>\n\t\t\t<\/dt><\/dl><dl class='gallery-item'>\n\t\t\t<dt class='gallery-icon portrait'>\n\t\t\t\t<a href='https:\/\/blogsaverroes.juntadeandalucia.es\/iesmarquesdecomares\/recital-poetico-musical-en-conmemoracion-del-dia-internacional-de-la-eliminacion-de-la-violencia-contra-la-mujer\/1000056118-ma-del-carmen-florido-aguera\/'><img loading=\"lazy\" decoding=\"async\" width=\"225\" height=\"300\" src=\"https:\/\/blogsaverroes.juntadeandalucia.es\/iesmarquesdecomares\/files\/2025\/12\/1000056118-Ma-del-Carmen-Florido-Aguera-225x300.jpg\" class=\"attachment-medium size-medium\" alt=\"\" srcset=\"https:\/\/blogsaverroes.juntadeandalucia.es\/iesmarquesdecomares\/files\/2025\/12\/1000056118-Ma-del-Carmen-Florido-Aguera-225x300.jpg 225w, https:\/\/blogsaverroes.juntadeandalucia.es\/iesmarquesdecomares\/files\/2025\/12\/1000056118-Ma-del-Carmen-Florido-Aguera-768x1024.jpg 768w, https:\/\/blogsaverroes.juntadeandalucia.es\/iesmarquesdecomares\/files\/2025\/12\/1000056118-Ma-del-Carmen-Florido-Aguera-1152x1536.jpg 1152w, https:\/\/blogsaverroes.juntadeandalucia.es\/iesmarquesdecomares\/files\/2025\/12\/1000056118-Ma-del-Carmen-Florido-Aguera-1536x2048.jpg 1536w, https:\/\/blogsaverroes.juntadeandalucia.es\/iesmarquesdecomares\/files\/2025\/12\/1000056118-Ma-del-Carmen-Florido-Aguera-scaled.jpg 1920w\" sizes=\"(max-width: 225px) 100vw, 225px\" \/><\/a>\n\t\t\t<\/dt><\/dl><dl class='gallery-item'>\n\t\t\t<dt class='gallery-icon portrait'>\n\t\t\t\t<a href='https:\/\/blogsaverroes.juntadeandalucia.es\/iesmarquesdecomares\/recital-poetico-musical-en-conmemoracion-del-dia-internacional-de-la-eliminacion-de-la-violencia-contra-la-mujer\/1000056117-ma-del-carmen-florido-aguera\/'><img loading=\"lazy\" decoding=\"async\" width=\"225\" height=\"300\" src=\"https:\/\/blogsaverroes.juntadeandalucia.es\/iesmarquesdecomares\/files\/2025\/12\/1000056117-Ma-del-Carmen-Florido-Aguera-225x300.jpg\" class=\"attachment-medium size-medium\" alt=\"\" srcset=\"https:\/\/blogsaverroes.juntadeandalucia.es\/iesmarquesdecomares\/files\/2025\/12\/1000056117-Ma-del-Carmen-Florido-Aguera-225x300.jpg 225w, https:\/\/blogsaverroes.juntadeandalucia.es\/iesmarquesdecomares\/files\/2025\/12\/1000056117-Ma-del-Carmen-Florido-Aguera-768x1024.jpg 768w, https:\/\/blogsaverroes.juntadeandalucia.es\/iesmarquesdecomares\/files\/2025\/12\/1000056117-Ma-del-Carmen-Florido-Aguera-1152x1536.jpg 1152w, https:\/\/blogsaverroes.juntadeandalucia.es\/iesmarquesdecomares\/files\/2025\/12\/1000056117-Ma-del-Carmen-Florido-Aguera-1536x2048.jpg 1536w, https:\/\/blogsaverroes.juntadeandalucia.es\/iesmarquesdecomares\/files\/2025\/12\/1000056117-Ma-del-Carmen-Florido-Aguera-scaled.jpg 1920w\" sizes=\"(max-width: 225px) 100vw, 225px\" \/><\/a>\n\t\t\t<\/dt><\/dl><br style=\"clear: both\" \/><dl class='gallery-item'>\n\t\t\t<dt class='gallery-icon landscape'>\n\t\t\t\t<a href='https:\/\/blogsaverroes.juntadeandalucia.es\/iesmarquesdecomares\/recital-poetico-musical-en-conmemoracion-del-dia-internacional-de-la-eliminacion-de-la-violencia-contra-la-mujer\/1000056126-ma-del-carmen-florido-aguera\/'><img loading=\"lazy\" decoding=\"async\" width=\"300\" height=\"225\" src=\"https:\/\/blogsaverroes.juntadeandalucia.es\/iesmarquesdecomares\/files\/2025\/12\/1000056126-Ma-del-Carmen-Florido-Aguera-300x225.jpg\" class=\"attachment-medium size-medium\" alt=\"\" srcset=\"https:\/\/blogsaverroes.juntadeandalucia.es\/iesmarquesdecomares\/files\/2025\/12\/1000056126-Ma-del-Carmen-Florido-Aguera-300x225.jpg 300w, https:\/\/blogsaverroes.juntadeandalucia.es\/iesmarquesdecomares\/files\/2025\/12\/1000056126-Ma-del-Carmen-Florido-Aguera-1024x768.jpg 1024w, https:\/\/blogsaverroes.juntadeandalucia.es\/iesmarquesdecomares\/files\/2025\/12\/1000056126-Ma-del-Carmen-Florido-Aguera-768x576.jpg 768w, https:\/\/blogsaverroes.juntadeandalucia.es\/iesmarquesdecomares\/files\/2025\/12\/1000056126-Ma-del-Carmen-Florido-Aguera-1536x1152.jpg 1536w, https:\/\/blogsaverroes.juntadeandalucia.es\/iesmarquesdecomares\/files\/2025\/12\/1000056126-Ma-del-Carmen-Florido-Aguera-2048x1536.jpg 2048w\" sizes=\"(max-width: 300px) 100vw, 300px\" \/><\/a>\n\t\t\t<\/dt><\/dl>\n\t\t\t<br style='clear: both' \/>\n\t\t<\/div>\n\n","protected":false},"excerpt":{"rendered":"<p>El pasado 25 de noviembre, el IES Marqu\u00e9s de Comares conmemor\u00f3 el D\u00eda Internacional de la Eliminaci\u00f3n de la Violencia contra la Mujer con una actividad cultural que fusion\u00f3 la literatura y la m\u00fasica.&#46;&#46;&#46;<\/p>\n","protected":false},"author":8171,"featured_media":14713,"comment_status":"closed","ping_status":"open","sticky":false,"template":"","format":"standard","meta":{"ngg_post_thumbnail":0,"footnotes":""},"categories":[526],"tags":[],"aioseo_notices":[],"_links":{"self":[{"href":"https:\/\/blogsaverroes.juntadeandalucia.es\/iesmarquesdecomares\/wp-json\/wp\/v2\/posts\/14707"}],"collection":[{"href":"https:\/\/blogsaverroes.juntadeandalucia.es\/iesmarquesdecomares\/wp-json\/wp\/v2\/posts"}],"about":[{"href":"https:\/\/blogsaverroes.juntadeandalucia.es\/iesmarquesdecomares\/wp-json\/wp\/v2\/types\/post"}],"author":[{"embeddable":true,"href":"https:\/\/blogsaverroes.juntadeandalucia.es\/iesmarquesdecomares\/wp-json\/wp\/v2\/users\/8171"}],"replies":[{"embeddable":true,"href":"https:\/\/blogsaverroes.juntadeandalucia.es\/iesmarquesdecomares\/wp-json\/wp\/v2\/comments?post=14707"}],"version-history":[{"count":1,"href":"https:\/\/blogsaverroes.juntadeandalucia.es\/iesmarquesdecomares\/wp-json\/wp\/v2\/posts\/14707\/revisions"}],"predecessor-version":[{"id":14715,"href":"https:\/\/blogsaverroes.juntadeandalucia.es\/iesmarquesdecomares\/wp-json\/wp\/v2\/posts\/14707\/revisions\/14715"}],"wp:featuredmedia":[{"embeddable":true,"href":"https:\/\/blogsaverroes.juntadeandalucia.es\/iesmarquesdecomares\/wp-json\/wp\/v2\/media\/14713"}],"wp:attachment":[{"href":"https:\/\/blogsaverroes.juntadeandalucia.es\/iesmarquesdecomares\/wp-json\/wp\/v2\/media?parent=14707"}],"wp:term":[{"taxonomy":"category","embeddable":true,"href":"https:\/\/blogsaverroes.juntadeandalucia.es\/iesmarquesdecomares\/wp-json\/wp\/v2\/categories?post=14707"},{"taxonomy":"post_tag","embeddable":true,"href":"https:\/\/blogsaverroes.juntadeandalucia.es\/iesmarquesdecomares\/wp-json\/wp\/v2\/tags?post=14707"}],"curies":[{"name":"wp","href":"https:\/\/api.w.org\/{rel}","templated":true}]}}