{"id":14742,"date":"2025-12-19T12:39:20","date_gmt":"2025-12-19T11:39:20","guid":{"rendered":"https:\/\/blogsaverroes.juntadeandalucia.es\/iesmarquesdecomares\/?p=14742"},"modified":"2025-12-19T12:39:20","modified_gmt":"2025-12-19T11:39:20","slug":"tradicion-y-creatividad-en-el-concurso-de-christmas-del-ies-marques-de-comares","status":"publish","type":"post","link":"https:\/\/blogsaverroes.juntadeandalucia.es\/iesmarquesdecomares\/tradicion-y-creatividad-en-el-concurso-de-christmas-del-ies-marques-de-comares\/","title":{"rendered":"Tradici\u00f3n y creatividad en el concurso de christmas del IES Marqu\u00e9s de Comares"},"content":{"rendered":"<p>El IES Marqu\u00e9s de Comares mantiene su compromiso con el desarrollo de la expresi\u00f3n art\u00edstica de su alumnado a trav\u00e9s de la convocatoria de su tradicional concurso de christmas navide\u00f1os. Esta iniciativa, plenamente consolidada en el calendario del centro, permite a los estudiantes participantes explorar diferentes t\u00e9cnicas pl\u00e1sticas y compartir su visi\u00f3n de estas fechas.<\/p>\n<p>Los trabajos presentados en esta edici\u00f3n destacan por el trabajo individual y la dedicaci\u00f3n empleada en su elaboraci\u00f3n. Como es costumbre, estas obras forman parte de la identidad del centro durante el periodo invernal, proyectando el talento de los j\u00f3venes hacia el resto de la comunidad educativa.<\/p>\n<p>Desde la direcci\u00f3n y el equipo docente del IES Marqu\u00e9s de Comares, aprovechamos la presentaci\u00f3n de estos trabajos para trasladar nuestros mejores deseos a familias, alumnos y personal, esperando que disfruten de una Feliz Navidad y un pr\u00f3spero a\u00f1o 2026.<\/p>\n<div style=\"width: 636px;\" class=\"wp-video\"><!--[if lt IE 9]><script>document.createElement('video');<\/script><![endif]-->\n<video class=\"wp-video-shortcode\" id=\"video-14742-1\" width=\"636\" height=\"848\" preload=\"metadata\" controls=\"controls\"><source type=\"video\/mp4\" src=\"https:\/\/blogsaverroes.juntadeandalucia.es\/iesmarquesdecomares\/files\/2025\/12\/WhatsApp-Video-2025-12-19-at-12.26.04.mp4?_=1\" \/><a href=\"https:\/\/blogsaverroes.juntadeandalucia.es\/iesmarquesdecomares\/files\/2025\/12\/WhatsApp-Video-2025-12-19-at-12.26.04.mp4\">https:\/\/blogsaverroes.juntadeandalucia.es\/iesmarquesdecomares\/files\/2025\/12\/WhatsApp-Video-2025-12-19-at-12.26.04.mp4<\/a><\/video><\/div>\n<p><a href=\"https:\/\/blogsaverroes.juntadeandalucia.es\/iesmarquesdecomares\/tradicion-y-creatividad-en-el-concurso-de-christmas-del-ies-marques-de-comares\/img_20251219_093237820\/\" rel=\"attachment wp-att-14744\"><img fetchpriority=\"high\" decoding=\"async\" class=\"aligncenter size-large wp-image-14744\" src=\"https:\/\/blogsaverroes.juntadeandalucia.es\/iesmarquesdecomares\/files\/2025\/12\/IMG_20251219_093237820-1024x768.jpg\" alt=\"\" width=\"1024\" height=\"768\" srcset=\"https:\/\/blogsaverroes.juntadeandalucia.es\/iesmarquesdecomares\/files\/2025\/12\/IMG_20251219_093237820-1024x768.jpg 1024w, https:\/\/blogsaverroes.juntadeandalucia.es\/iesmarquesdecomares\/files\/2025\/12\/IMG_20251219_093237820-300x225.jpg 300w, https:\/\/blogsaverroes.juntadeandalucia.es\/iesmarquesdecomares\/files\/2025\/12\/IMG_20251219_093237820-768x576.jpg 768w, https:\/\/blogsaverroes.juntadeandalucia.es\/iesmarquesdecomares\/files\/2025\/12\/IMG_20251219_093237820-1536x1152.jpg 1536w, https:\/\/blogsaverroes.juntadeandalucia.es\/iesmarquesdecomares\/files\/2025\/12\/IMG_20251219_093237820-2048x1536.jpg 2048w\" sizes=\"(max-width: 1024px) 100vw, 1024px\" \/><\/a> <a href=\"https:\/\/blogsaverroes.juntadeandalucia.es\/iesmarquesdecomares\/tradicion-y-creatividad-en-el-concurso-de-christmas-del-ies-marques-de-comares\/img_20251219_093207277\/\" rel=\"attachment wp-att-14745\"><img decoding=\"async\" class=\"aligncenter size-large wp-image-14745\" src=\"https:\/\/blogsaverroes.juntadeandalucia.es\/iesmarquesdecomares\/files\/2025\/12\/IMG_20251219_093207277-729x1024.jpg\" alt=\"\" width=\"729\" height=\"1024\" srcset=\"https:\/\/blogsaverroes.juntadeandalucia.es\/iesmarquesdecomares\/files\/2025\/12\/IMG_20251219_093207277-729x1024.jpg 729w, https:\/\/blogsaverroes.juntadeandalucia.es\/iesmarquesdecomares\/files\/2025\/12\/IMG_20251219_093207277-214x300.jpg 214w, https:\/\/blogsaverroes.juntadeandalucia.es\/iesmarquesdecomares\/files\/2025\/12\/IMG_20251219_093207277-768x1079.jpg 768w, https:\/\/blogsaverroes.juntadeandalucia.es\/iesmarquesdecomares\/files\/2025\/12\/IMG_20251219_093207277-1094x1536.jpg 1094w, https:\/\/blogsaverroes.juntadeandalucia.es\/iesmarquesdecomares\/files\/2025\/12\/IMG_20251219_093207277-1458x2048.jpg 1458w, https:\/\/blogsaverroes.juntadeandalucia.es\/iesmarquesdecomares\/files\/2025\/12\/IMG_20251219_093207277-scaled.jpg 1823w\" sizes=\"(max-width: 729px) 100vw, 729px\" \/><\/a><\/p>\n","protected":false},"excerpt":{"rendered":"<p>El IES Marqu\u00e9s de Comares mantiene su compromiso con el desarrollo de la expresi\u00f3n art\u00edstica de su alumnado a trav\u00e9s de la convocatoria de su tradicional concurso de christmas navide\u00f1os. Esta iniciativa, plenamente consolidada&#46;&#46;&#46;<\/p>\n","protected":false},"author":8171,"featured_media":14745,"comment_status":"closed","ping_status":"open","sticky":false,"template":"","format":"standard","meta":{"ngg_post_thumbnail":0,"footnotes":""},"categories":[526],"tags":[],"aioseo_notices":[],"_links":{"self":[{"href":"https:\/\/blogsaverroes.juntadeandalucia.es\/iesmarquesdecomares\/wp-json\/wp\/v2\/posts\/14742"}],"collection":[{"href":"https:\/\/blogsaverroes.juntadeandalucia.es\/iesmarquesdecomares\/wp-json\/wp\/v2\/posts"}],"about":[{"href":"https:\/\/blogsaverroes.juntadeandalucia.es\/iesmarquesdecomares\/wp-json\/wp\/v2\/types\/post"}],"author":[{"embeddable":true,"href":"https:\/\/blogsaverroes.juntadeandalucia.es\/iesmarquesdecomares\/wp-json\/wp\/v2\/users\/8171"}],"replies":[{"embeddable":true,"href":"https:\/\/blogsaverroes.juntadeandalucia.es\/iesmarquesdecomares\/wp-json\/wp\/v2\/comments?post=14742"}],"version-history":[{"count":2,"href":"https:\/\/blogsaverroes.juntadeandalucia.es\/iesmarquesdecomares\/wp-json\/wp\/v2\/posts\/14742\/revisions"}],"predecessor-version":[{"id":14747,"href":"https:\/\/blogsaverroes.juntadeandalucia.es\/iesmarquesdecomares\/wp-json\/wp\/v2\/posts\/14742\/revisions\/14747"}],"wp:featuredmedia":[{"embeddable":true,"href":"https:\/\/blogsaverroes.juntadeandalucia.es\/iesmarquesdecomares\/wp-json\/wp\/v2\/media\/14745"}],"wp:attachment":[{"href":"https:\/\/blogsaverroes.juntadeandalucia.es\/iesmarquesdecomares\/wp-json\/wp\/v2\/media?parent=14742"}],"wp:term":[{"taxonomy":"category","embeddable":true,"href":"https:\/\/blogsaverroes.juntadeandalucia.es\/iesmarquesdecomares\/wp-json\/wp\/v2\/categories?post=14742"},{"taxonomy":"post_tag","embeddable":true,"href":"https:\/\/blogsaverroes.juntadeandalucia.es\/iesmarquesdecomares\/wp-json\/wp\/v2\/tags?post=14742"}],"curies":[{"name":"wp","href":"https:\/\/api.w.org\/{rel}","templated":true}]}}