{"id":3164,"date":"2019-12-20T11:39:00","date_gmt":"2019-12-20T10:39:00","guid":{"rendered":""},"modified":"2020-02-18T11:47:29","modified_gmt":"2020-02-18T10:47:29","slug":"mes-del-terror-pinturas","status":"publish","type":"post","link":"https:\/\/blogsaverroes.juntadeandalucia.es\/iesmarquesdecomares\/mes-del-terror-pinturas\/","title":{"rendered":"MES DEL TERROR: PINTURAS"},"content":{"rendered":"<p>Alumnos de 2\u00ba ESO han realizado comentarios a cuadros de diferentes  autores tanto espa\u00f1oles como extranjeros. Las pinturas ten\u00edan en com\u00fan  presentar escenas inquietantes o terror\u00edficas, por ello la actividad ha  quedado enmarcada dentro del MES DEL TERROR. Los profesores que han  coordinado su desarrollo han sido do\u00f1a Elena Contreras y do\u00f1a Gema  Rold\u00e1n. Durante estos d\u00edas se podr\u00e1n ver en la biblioteca.<\/p>\n<div style=\"clear: both;text-align: center\"><a href=\"https:\/\/blogsaverroes.juntadeandalucia.es\/iesmarquesdecomares\/files\/2019\/12\/IMG_20191218_094914.jpg\" style=\"margin-left: 1em;margin-right: 1em\"><img fetchpriority=\"high\" decoding=\"async\" border=\"0\" data-original-height=\"1600\" data-original-width=\"1200\" height=\"320\" src=\"https:\/\/blogsaverroes.juntadeandalucia.es\/iesmarquesdecomares\/files\/2019\/12\/IMG_20191218_094914-225x300.jpg\" width=\"240\" \/><\/a><\/div>\n<p><\/p>\n<div style=\"clear: both;text-align: center\"><a href=\"https:\/\/blogsaverroes.juntadeandalucia.es\/iesmarquesdecomares\/files\/2019\/12\/IMG_20191218_094931.jpg\" style=\"margin-left: 1em;margin-right: 1em\"><img decoding=\"async\" border=\"0\" data-original-height=\"1600\" data-original-width=\"1200\" height=\"320\" src=\"https:\/\/blogsaverroes.juntadeandalucia.es\/iesmarquesdecomares\/files\/2019\/12\/IMG_20191218_094931-225x300.jpg\" width=\"240\" \/><\/a><\/div>\n<p><\/p>\n<div style=\"clear: both;text-align: center\"><a href=\"https:\/\/blogsaverroes.juntadeandalucia.es\/iesmarquesdecomares\/files\/2019\/12\/IMG_20191218_094959.jpg\" style=\"margin-left: 1em;margin-right: 1em\"><img decoding=\"async\" border=\"0\" data-original-height=\"1600\" data-original-width=\"1200\" height=\"320\" src=\"https:\/\/blogsaverroes.juntadeandalucia.es\/iesmarquesdecomares\/files\/2019\/12\/IMG_20191218_094959-225x300.jpg\" width=\"240\" \/><\/a><\/div>\n","protected":false},"excerpt":{"rendered":"<p>Alumnos de 2\u00ba ESO han realizado comentarios a cuadros de diferentes autores tanto espa\u00f1oles como extranjeros. Las pinturas ten\u00edan en com\u00fan presentar escenas inquietantes o terror\u00edficas, por ello la actividad ha quedado enmarcada dentro&#46;&#46;&#46;<\/p>\n","protected":false},"author":8454,"featured_media":3194,"comment_status":"closed","ping_status":"open","sticky":false,"template":"","format":"standard","meta":{"ngg_post_thumbnail":0,"footnotes":""},"categories":[213],"tags":[],"aioseo_notices":[],"_links":{"self":[{"href":"https:\/\/blogsaverroes.juntadeandalucia.es\/iesmarquesdecomares\/wp-json\/wp\/v2\/posts\/3164"}],"collection":[{"href":"https:\/\/blogsaverroes.juntadeandalucia.es\/iesmarquesdecomares\/wp-json\/wp\/v2\/posts"}],"about":[{"href":"https:\/\/blogsaverroes.juntadeandalucia.es\/iesmarquesdecomares\/wp-json\/wp\/v2\/types\/post"}],"author":[{"embeddable":true,"href":"https:\/\/blogsaverroes.juntadeandalucia.es\/iesmarquesdecomares\/wp-json\/wp\/v2\/users\/8454"}],"replies":[{"embeddable":true,"href":"https:\/\/blogsaverroes.juntadeandalucia.es\/iesmarquesdecomares\/wp-json\/wp\/v2\/comments?post=3164"}],"version-history":[{"count":2,"href":"https:\/\/blogsaverroes.juntadeandalucia.es\/iesmarquesdecomares\/wp-json\/wp\/v2\/posts\/3164\/revisions"}],"predecessor-version":[{"id":3207,"href":"https:\/\/blogsaverroes.juntadeandalucia.es\/iesmarquesdecomares\/wp-json\/wp\/v2\/posts\/3164\/revisions\/3207"}],"wp:featuredmedia":[{"embeddable":true,"href":"https:\/\/blogsaverroes.juntadeandalucia.es\/iesmarquesdecomares\/wp-json\/wp\/v2\/media\/3194"}],"wp:attachment":[{"href":"https:\/\/blogsaverroes.juntadeandalucia.es\/iesmarquesdecomares\/wp-json\/wp\/v2\/media?parent=3164"}],"wp:term":[{"taxonomy":"category","embeddable":true,"href":"https:\/\/blogsaverroes.juntadeandalucia.es\/iesmarquesdecomares\/wp-json\/wp\/v2\/categories?post=3164"},{"taxonomy":"post_tag","embeddable":true,"href":"https:\/\/blogsaverroes.juntadeandalucia.es\/iesmarquesdecomares\/wp-json\/wp\/v2\/tags?post=3164"}],"curies":[{"name":"wp","href":"https:\/\/api.w.org\/{rel}","templated":true}]}}