{"id":3627,"date":"2020-09-10T18:04:04","date_gmt":"2020-09-10T17:04:04","guid":{"rendered":"https:\/\/blogsaverroes.juntadeandalucia.es\/iesmarquesdecomares\/?p=3627"},"modified":"2020-09-14T14:43:21","modified_gmt":"2020-09-14T13:43:21","slug":"horario-escalonado-de-entrada-al-centro-del-15-al-18-de-septiembre","status":"publish","type":"post","link":"https:\/\/blogsaverroes.juntadeandalucia.es\/iesmarquesdecomares\/horario-escalonado-de-entrada-al-centro-del-15-al-18-de-septiembre\/","title":{"rendered":"Horario escalonado de entrada al centro del 15 al 18 de septiembre."},"content":{"rendered":"<p>En las siguientes im\u00e1genes pueden consultar los horarios de entrada escalonada al centro los d\u00edas 15, 16, 17 y 18 de septiembre.<\/p>\n<p><a href=\"https:\/\/blogsaverroes.juntadeandalucia.es\/iesmarquesdecomares\/files\/2020\/09\/Sin-nombre.png\"><img fetchpriority=\"high\" decoding=\"async\" class=\"alignnone size-full wp-image-3664\" src=\"https:\/\/blogsaverroes.juntadeandalucia.es\/iesmarquesdecomares\/files\/2020\/09\/Sin-nombre.png\" alt=\"\" width=\"1600\" height=\"1029\" srcset=\"https:\/\/blogsaverroes.juntadeandalucia.es\/iesmarquesdecomares\/files\/2020\/09\/Sin-nombre.png 1600w, https:\/\/blogsaverroes.juntadeandalucia.es\/iesmarquesdecomares\/files\/2020\/09\/Sin-nombre-300x193.png 300w, https:\/\/blogsaverroes.juntadeandalucia.es\/iesmarquesdecomares\/files\/2020\/09\/Sin-nombre-1024x659.png 1024w, https:\/\/blogsaverroes.juntadeandalucia.es\/iesmarquesdecomares\/files\/2020\/09\/Sin-nombre-768x494.png 768w, https:\/\/blogsaverroes.juntadeandalucia.es\/iesmarquesdecomares\/files\/2020\/09\/Sin-nombre-1536x988.png 1536w, https:\/\/blogsaverroes.juntadeandalucia.es\/iesmarquesdecomares\/files\/2020\/09\/Sin-nombre-24x15.png 24w, https:\/\/blogsaverroes.juntadeandalucia.es\/iesmarquesdecomares\/files\/2020\/09\/Sin-nombre-36x23.png 36w, https:\/\/blogsaverroes.juntadeandalucia.es\/iesmarquesdecomares\/files\/2020\/09\/Sin-nombre-48x31.png 48w\" sizes=\"(max-width: 1600px) 100vw, 1600px\" \/><\/a><\/p>\n<p>La sesi\u00f3n de presentaci\u00f3n tendr\u00e1 una duraci\u00f3n aproximada de 2 horas. Una vez realizada la sesi\u00f3n de presentaci\u00f3n (ver la tabla anterior) la siguiente clase ser\u00e1 el 21 de septiembre.&nbsp;<\/p>\n<p>En las listas que se publicar\u00e1n el lunes 14 de septiembre podr\u00e1 ver si est\u00e1n en el GRUPO 1 o en el GRUPO 2.<\/p>\n<h3 style=\"background-color: yellow\"><strong>Ense\u00f1anzas de adultos y ciclo formativo de la tarde:<\/strong><\/h3>\n<p>Se debe acceder al centro por la puerta 3 (principal) y permanecer en el patio central, con mascarilla y guardando la distancia de seguridad, hasta que el personal del centro le indique que entre al edificio. Acuda a la hora exacta para evitar aglomeraciones.<\/p>\n<table class=\"alignleft\" style=\"width: 100%;border-collapse: collapse;border-style: solid;border-color: #000000\" border=\"4\" cellpadding=\"2\">\n<tbody>\n<tr>\n<td style=\"width: 5.73774%\">&nbsp;<\/td>\n<td style=\"width: 12.0766%\"><strong>Martes 15<\/strong><\/td>\n<td style=\"width: 20.3825%\"><strong>Mi\u00e9rcoles 16<\/strong><\/td>\n<td style=\"width: 22.7869%\"><strong>Jueves 17<\/strong><\/td>\n<td style=\"width: 22.3498%\"><strong>Viernes 18<\/strong><\/td>\n<\/tr>\n<tr>\n<td style=\"width: 5.73774%\"><strong>18:30<\/strong><\/td>\n<td style=\"width: 12.0766%\">1\u00ba CFGM Sistemas Microinform\u00e1ticos y Redes (Turno tarde)<\/td>\n<td style=\"width: 20.3825%\">1\u00ba ESPA Presencial<\/p>\n<p>2\u00ba ESPA Presencial<\/td>\n<td style=\"width: 22.7869%\">1\u00ba Bachillerato Semipresencial<\/td>\n<td style=\"width: 22.3498%\">1\u00ba Bachillerato Ciencias<\/p>\n<p>1\u00ba Bachillerato Humanidades<\/td>\n<\/tr>\n<tr>\n<td style=\"width: 5.73774%\"><strong>19:30<\/strong><\/td>\n<td style=\"width: 12.0766%\">2\u00ba CFGM Sistemas Microinform\u00e1ticos y Redes<\/td>\n<td style=\"width: 20.3825%\">1\u00ba ESPA Semipresencial<\/p>\n<p>2\u00ba ESPA Semipresencial<\/td>\n<td style=\"width: 22.7869%\">2\u00ba Bachillerato Semipresencial<\/td>\n<td style=\"width: 22.3498%\">2\u00ba Bachillerato Ciencias<\/p>\n<p>2\u00ba Bachillerato Humanidades<\/td>\n<\/tr>\n<\/tbody>\n<\/table>\n<p>&nbsp;<\/p>\n<p>&nbsp;<\/p>\n","protected":false},"excerpt":{"rendered":"<p>En las siguientes im\u00e1genes pueden consultar los horarios de entrada escalonada al centro los d\u00edas 15, 16, 17 y 18 de septiembre. La sesi\u00f3n de presentaci\u00f3n tendr\u00e1 una duraci\u00f3n aproximada de 2 horas. Una&#46;&#46;&#46;<\/p>\n","protected":false},"author":8171,"featured_media":3630,"comment_status":"closed","ping_status":"open","sticky":false,"template":"","format":"standard","meta":{"ngg_post_thumbnail":0,"footnotes":""},"categories":[526],"tags":[],"aioseo_notices":[],"_links":{"self":[{"href":"https:\/\/blogsaverroes.juntadeandalucia.es\/iesmarquesdecomares\/wp-json\/wp\/v2\/posts\/3627"}],"collection":[{"href":"https:\/\/blogsaverroes.juntadeandalucia.es\/iesmarquesdecomares\/wp-json\/wp\/v2\/posts"}],"about":[{"href":"https:\/\/blogsaverroes.juntadeandalucia.es\/iesmarquesdecomares\/wp-json\/wp\/v2\/types\/post"}],"author":[{"embeddable":true,"href":"https:\/\/blogsaverroes.juntadeandalucia.es\/iesmarquesdecomares\/wp-json\/wp\/v2\/users\/8171"}],"replies":[{"embeddable":true,"href":"https:\/\/blogsaverroes.juntadeandalucia.es\/iesmarquesdecomares\/wp-json\/wp\/v2\/comments?post=3627"}],"version-history":[{"count":17,"href":"https:\/\/blogsaverroes.juntadeandalucia.es\/iesmarquesdecomares\/wp-json\/wp\/v2\/posts\/3627\/revisions"}],"predecessor-version":[{"id":3665,"href":"https:\/\/blogsaverroes.juntadeandalucia.es\/iesmarquesdecomares\/wp-json\/wp\/v2\/posts\/3627\/revisions\/3665"}],"wp:featuredmedia":[{"embeddable":true,"href":"https:\/\/blogsaverroes.juntadeandalucia.es\/iesmarquesdecomares\/wp-json\/wp\/v2\/media\/3630"}],"wp:attachment":[{"href":"https:\/\/blogsaverroes.juntadeandalucia.es\/iesmarquesdecomares\/wp-json\/wp\/v2\/media?parent=3627"}],"wp:term":[{"taxonomy":"category","embeddable":true,"href":"https:\/\/blogsaverroes.juntadeandalucia.es\/iesmarquesdecomares\/wp-json\/wp\/v2\/categories?post=3627"},{"taxonomy":"post_tag","embeddable":true,"href":"https:\/\/blogsaverroes.juntadeandalucia.es\/iesmarquesdecomares\/wp-json\/wp\/v2\/tags?post=3627"}],"curies":[{"name":"wp","href":"https:\/\/api.w.org\/{rel}","templated":true}]}}