{"id":6259,"date":"2021-09-12T12:05:17","date_gmt":"2021-09-12T11:05:17","guid":{"rendered":"https:\/\/blogsaverroes.juntadeandalucia.es\/iesmarquesdecomares\/?p=6259"},"modified":"2022-02-27T19:43:06","modified_gmt":"2022-02-27T18:43:06","slug":"volvemos-a-participar-en-aldea","status":"publish","type":"post","link":"https:\/\/blogsaverroes.juntadeandalucia.es\/iesmarquesdecomares\/volvemos-a-participar-en-aldea\/","title":{"rendered":"Volvemos a participar en ALDEA"},"content":{"rendered":"<p>En este curso 2021-22, nuestro centro decide volver a participar en el <em><strong>Programa Aldea, Educaci\u00f3n ambiental para la comunidad educativa&nbsp;<\/strong><\/em>en la modalidad B, como ya hiciera en a\u00f1os anteriores. Empezamos con ilusi\u00f3n un nuevo curso escolar con la idea de mejorar la educaci\u00f3n ambiental de nuestra comunidad educativa. Este a\u00f1o, nuestro centro participa en tres l\u00edneas de intervenci\u00f3n:<\/p>\n<table style=\"border-collapse: collapse;width: 100%\">\n<tbody>\n<tr>\n<td style=\"width: 33.3333%\"><a href=\"https:\/\/blogsaverroes.juntadeandalucia.es\/iesmarquesdecomares\/files\/2022\/02\/ECOHUERTO.jpg\"><img fetchpriority=\"high\" decoding=\"async\" class=\"alignnone size-medium wp-image-5997\" src=\"https:\/\/blogsaverroes.juntadeandalucia.es\/iesmarquesdecomares\/files\/2022\/02\/ECOHUERTO-300x300.jpg\" alt=\"\" width=\"300\" height=\"300\" srcset=\"https:\/\/blogsaverroes.juntadeandalucia.es\/iesmarquesdecomares\/files\/2022\/02\/ECOHUERTO-300x300.jpg 300w, https:\/\/blogsaverroes.juntadeandalucia.es\/iesmarquesdecomares\/files\/2022\/02\/ECOHUERTO-150x150.jpg 150w, https:\/\/blogsaverroes.juntadeandalucia.es\/iesmarquesdecomares\/files\/2022\/02\/ECOHUERTO-80x80.jpg 80w, https:\/\/blogsaverroes.juntadeandalucia.es\/iesmarquesdecomares\/files\/2022\/02\/ECOHUERTO-320x320.jpg 320w, https:\/\/blogsaverroes.juntadeandalucia.es\/iesmarquesdecomares\/files\/2022\/02\/ECOHUERTO.jpg 500w\" sizes=\"(max-width: 300px) 100vw, 300px\" \/><\/a><\/td>\n<td style=\"width: 33.3333%\"><a href=\"https:\/\/blogsaverroes.juntadeandalucia.es\/iesmarquesdecomares\/files\/2022\/02\/RECAPACICLA.jpg\"><img decoding=\"async\" class=\"alignnone size-medium wp-image-5999\" src=\"https:\/\/blogsaverroes.juntadeandalucia.es\/iesmarquesdecomares\/files\/2022\/02\/RECAPACICLA-300x300.jpg\" alt=\"\" width=\"300\" height=\"300\" srcset=\"https:\/\/blogsaverroes.juntadeandalucia.es\/iesmarquesdecomares\/files\/2022\/02\/RECAPACICLA-300x300.jpg 300w, https:\/\/blogsaverroes.juntadeandalucia.es\/iesmarquesdecomares\/files\/2022\/02\/RECAPACICLA-150x150.jpg 150w, https:\/\/blogsaverroes.juntadeandalucia.es\/iesmarquesdecomares\/files\/2022\/02\/RECAPACICLA-80x80.jpg 80w, https:\/\/blogsaverroes.juntadeandalucia.es\/iesmarquesdecomares\/files\/2022\/02\/RECAPACICLA-320x320.jpg 320w, https:\/\/blogsaverroes.juntadeandalucia.es\/iesmarquesdecomares\/files\/2022\/02\/RECAPACICLA.jpg 500w\" sizes=\"(max-width: 300px) 100vw, 300px\" \/><\/a><\/td>\n<td style=\"width: 33.3333%\"><a href=\"https:\/\/blogsaverroes.juntadeandalucia.es\/iesmarquesdecomares\/files\/2022\/02\/ECOSISTEMA-FORESTALES.jpg\"><img decoding=\"async\" class=\"alignnone size-medium wp-image-5998\" src=\"https:\/\/blogsaverroes.juntadeandalucia.es\/iesmarquesdecomares\/files\/2022\/02\/ECOSISTEMA-FORESTALES-300x300.jpg\" alt=\"\" width=\"300\" height=\"300\" srcset=\"https:\/\/blogsaverroes.juntadeandalucia.es\/iesmarquesdecomares\/files\/2022\/02\/ECOSISTEMA-FORESTALES-300x300.jpg 300w, https:\/\/blogsaverroes.juntadeandalucia.es\/iesmarquesdecomares\/files\/2022\/02\/ECOSISTEMA-FORESTALES-150x150.jpg 150w, https:\/\/blogsaverroes.juntadeandalucia.es\/iesmarquesdecomares\/files\/2022\/02\/ECOSISTEMA-FORESTALES-80x80.jpg 80w, https:\/\/blogsaverroes.juntadeandalucia.es\/iesmarquesdecomares\/files\/2022\/02\/ECOSISTEMA-FORESTALES-320x320.jpg 320w, https:\/\/blogsaverroes.juntadeandalucia.es\/iesmarquesdecomares\/files\/2022\/02\/ECOSISTEMA-FORESTALES.jpg 500w\" sizes=\"(max-width: 300px) 100vw, 300px\" \/><\/a><\/td>\n<\/tr>\n<tr>\n<td style=\"width: 33.3333%;text-align: center\">Ecohuerto<\/td>\n<td style=\"width: 33.3333%;text-align: center\">Recapacicla<\/td>\n<td style=\"width: 33.3333%;text-align: center\">Proyecto semilla<\/td>\n<\/tr>\n<\/tbody>\n<\/table>\n","protected":false},"excerpt":{"rendered":"<p>En este curso 2021-22, nuestro centro decide volver a participar en el Programa Aldea, Educaci\u00f3n ambiental para la comunidad educativa&nbsp;en la modalidad B, como ya hiciera en a\u00f1os anteriores. Empezamos con ilusi\u00f3n un nuevo&#46;&#46;&#46;<\/p>\n","protected":false},"author":356,"featured_media":6269,"comment_status":"closed","ping_status":"open","sticky":false,"template":"","format":"standard","meta":{"ngg_post_thumbnail":0,"footnotes":""},"categories":[1338924,526],"tags":[1338925,1338926],"aioseo_notices":[],"_links":{"self":[{"href":"https:\/\/blogsaverroes.juntadeandalucia.es\/iesmarquesdecomares\/wp-json\/wp\/v2\/posts\/6259"}],"collection":[{"href":"https:\/\/blogsaverroes.juntadeandalucia.es\/iesmarquesdecomares\/wp-json\/wp\/v2\/posts"}],"about":[{"href":"https:\/\/blogsaverroes.juntadeandalucia.es\/iesmarquesdecomares\/wp-json\/wp\/v2\/types\/post"}],"author":[{"embeddable":true,"href":"https:\/\/blogsaverroes.juntadeandalucia.es\/iesmarquesdecomares\/wp-json\/wp\/v2\/users\/356"}],"replies":[{"embeddable":true,"href":"https:\/\/blogsaverroes.juntadeandalucia.es\/iesmarquesdecomares\/wp-json\/wp\/v2\/comments?post=6259"}],"version-history":[{"count":3,"href":"https:\/\/blogsaverroes.juntadeandalucia.es\/iesmarquesdecomares\/wp-json\/wp\/v2\/posts\/6259\/revisions"}],"predecessor-version":[{"id":6272,"href":"https:\/\/blogsaverroes.juntadeandalucia.es\/iesmarquesdecomares\/wp-json\/wp\/v2\/posts\/6259\/revisions\/6272"}],"wp:featuredmedia":[{"embeddable":true,"href":"https:\/\/blogsaverroes.juntadeandalucia.es\/iesmarquesdecomares\/wp-json\/wp\/v2\/media\/6269"}],"wp:attachment":[{"href":"https:\/\/blogsaverroes.juntadeandalucia.es\/iesmarquesdecomares\/wp-json\/wp\/v2\/media?parent=6259"}],"wp:term":[{"taxonomy":"category","embeddable":true,"href":"https:\/\/blogsaverroes.juntadeandalucia.es\/iesmarquesdecomares\/wp-json\/wp\/v2\/categories?post=6259"},{"taxonomy":"post_tag","embeddable":true,"href":"https:\/\/blogsaverroes.juntadeandalucia.es\/iesmarquesdecomares\/wp-json\/wp\/v2\/tags?post=6259"}],"curies":[{"name":"wp","href":"https:\/\/api.w.org\/{rel}","templated":true}]}}