{"id":6286,"date":"2021-11-10T10:30:10","date_gmt":"2021-11-10T09:30:10","guid":{"rendered":"https:\/\/blogsaverroes.juntadeandalucia.es\/iesmarquesdecomares\/?p=6286"},"modified":"2022-02-28T17:19:36","modified_gmt":"2022-02-28T16:19:36","slug":"bellotada-en-el-comares","status":"publish","type":"post","link":"https:\/\/blogsaverroes.juntadeandalucia.es\/iesmarquesdecomares\/bellotada-en-el-comares\/","title":{"rendered":"\u00abBellotada\u00bb en el Comares"},"content":{"rendered":"<p>Nuestro alumnado de M\u00e9todos de la Ciencia de 2\u00ba ESO, ha estudiado el proceso de germinaci\u00f3n de bellotas (encinas, coscojas y quejigos). A continuaci\u00f3n, las hemos sembrado en macetas dentro de nuestro invernadero, con la idea de conseguir un <strong>vivero forestal<\/strong> para reforestar zonas cercanas en los pr\u00f3ximos a\u00f1os.<\/p>\n<p>El alumnado, tambi\u00e9n ha plantado esquejes de plantas arom\u00e1ticas, como la lavanda y el romero, tanto para aprender la t\u00e9cnica como para obtener m\u00e1s plantas aut\u00f3ctonas.<\/p>\nngg_shortcode_0_placeholder\n","protected":false},"excerpt":{"rendered":"<p>Nuestro alumnado de M\u00e9todos de la Ciencia de 2\u00ba ESO, ha estudiado el proceso de germinaci\u00f3n de bellotas (encinas, coscojas y quejigos). A continuaci\u00f3n, las hemos sembrado en macetas dentro de nuestro invernadero, con&#46;&#46;&#46;<\/p>\n","protected":false},"author":356,"featured_media":6287,"comment_status":"closed","ping_status":"open","sticky":false,"template":"","format":"standard","meta":{"ngg_post_thumbnail":0,"footnotes":""},"categories":[1338924,526],"tags":[1338925,1338927],"aioseo_notices":[],"_links":{"self":[{"href":"https:\/\/blogsaverroes.juntadeandalucia.es\/iesmarquesdecomares\/wp-json\/wp\/v2\/posts\/6286"}],"collection":[{"href":"https:\/\/blogsaverroes.juntadeandalucia.es\/iesmarquesdecomares\/wp-json\/wp\/v2\/posts"}],"about":[{"href":"https:\/\/blogsaverroes.juntadeandalucia.es\/iesmarquesdecomares\/wp-json\/wp\/v2\/types\/post"}],"author":[{"embeddable":true,"href":"https:\/\/blogsaverroes.juntadeandalucia.es\/iesmarquesdecomares\/wp-json\/wp\/v2\/users\/356"}],"replies":[{"embeddable":true,"href":"https:\/\/blogsaverroes.juntadeandalucia.es\/iesmarquesdecomares\/wp-json\/wp\/v2\/comments?post=6286"}],"version-history":[{"count":5,"href":"https:\/\/blogsaverroes.juntadeandalucia.es\/iesmarquesdecomares\/wp-json\/wp\/v2\/posts\/6286\/revisions"}],"predecessor-version":[{"id":6309,"href":"https:\/\/blogsaverroes.juntadeandalucia.es\/iesmarquesdecomares\/wp-json\/wp\/v2\/posts\/6286\/revisions\/6309"}],"wp:featuredmedia":[{"embeddable":true,"href":"https:\/\/blogsaverroes.juntadeandalucia.es\/iesmarquesdecomares\/wp-json\/wp\/v2\/media\/6287"}],"wp:attachment":[{"href":"https:\/\/blogsaverroes.juntadeandalucia.es\/iesmarquesdecomares\/wp-json\/wp\/v2\/media?parent=6286"}],"wp:term":[{"taxonomy":"category","embeddable":true,"href":"https:\/\/blogsaverroes.juntadeandalucia.es\/iesmarquesdecomares\/wp-json\/wp\/v2\/categories?post=6286"},{"taxonomy":"post_tag","embeddable":true,"href":"https:\/\/blogsaverroes.juntadeandalucia.es\/iesmarquesdecomares\/wp-json\/wp\/v2\/tags?post=6286"}],"curies":[{"name":"wp","href":"https:\/\/api.w.org\/{rel}","templated":true}]}}