{"id":6477,"date":"2022-03-21T10:28:18","date_gmt":"2022-03-21T09:28:18","guid":{"rendered":"https:\/\/blogsaverroes.juntadeandalucia.es\/iesmarquesdecomares\/?p=6477"},"modified":"2022-03-21T10:28:18","modified_gmt":"2022-03-21T09:28:18","slug":"steam-en-el-aula","status":"publish","type":"post","link":"https:\/\/blogsaverroes.juntadeandalucia.es\/iesmarquesdecomares\/steam-en-el-aula\/","title":{"rendered":"STEAM en el aula"},"content":{"rendered":"<p>La puesta en pr\u00e1ctica del trabajo por proyectos, crea un espacio para aplicar conocimientos y desarrollar destrezas, competencias y actitudes de alto valor educativo. Hacerlo desde la perspectiva de la tecnolog\u00eda ayuda&nbsp;a visibilizar un interesante cambio educativo en torno a las cl\u00e1sicas materias de ciencias, haci\u00e9ndolas m\u00e1s motivadoras y atractivas. Estas actividades proporcionan vivencias, comunidad, forman personas activas y cr\u00edticas, crean vocaciones y orientan a la formaci\u00f3n de profesionales STEAM (Science, Technology, Arts, Mathematics) en el futuro, capaces de innovar e investigar en un mundo sostenible y responsable.<\/p>\n<p>Agradecemos a la empresa local Masil por la colaboraci\u00f3n con el centro, por su gesto de desinteresado para fabricar con un mimo exquisito&nbsp;un tablero para robots de minisumo , cediendo su trabajo al centro para su uso con nuestro alumnado. Son gestos especiales para nosotros que estrechan y refuerzan los lazos de compromiso educativo entre los miembros de la comunidad del IES Marqu\u00e9s de Comares.<\/p>\n<p><img fetchpriority=\"high\" decoding=\"async\" class=\"aligncenter size-medium wp-image-6478\" src=\"https:\/\/blogsaverroes.juntadeandalucia.es\/iesmarquesdecomares\/files\/2022\/03\/IMG_20220217_125026-300x224.jpg\" alt=\"\" width=\"300\" height=\"224\" srcset=\"https:\/\/blogsaverroes.juntadeandalucia.es\/iesmarquesdecomares\/files\/2022\/03\/IMG_20220217_125026-300x224.jpg 300w, https:\/\/blogsaverroes.juntadeandalucia.es\/iesmarquesdecomares\/files\/2022\/03\/IMG_20220217_125026-1024x766.jpg 1024w, https:\/\/blogsaverroes.juntadeandalucia.es\/iesmarquesdecomares\/files\/2022\/03\/IMG_20220217_125026-768x575.jpg 768w, https:\/\/blogsaverroes.juntadeandalucia.es\/iesmarquesdecomares\/files\/2022\/03\/IMG_20220217_125026-1536x1149.jpg 1536w, https:\/\/blogsaverroes.juntadeandalucia.es\/iesmarquesdecomares\/files\/2022\/03\/IMG_20220217_125026-2048x1532.jpg 2048w, https:\/\/blogsaverroes.juntadeandalucia.es\/iesmarquesdecomares\/files\/2022\/03\/IMG_20220217_125026-scaled.jpg 1600w\" sizes=\"(max-width: 300px) 100vw, 300px\" \/> <img decoding=\"async\" class=\"aligncenter size-medium wp-image-6479\" src=\"https:\/\/blogsaverroes.juntadeandalucia.es\/iesmarquesdecomares\/files\/2022\/03\/IMG_20220218_125922-300x224.jpg\" alt=\"\" width=\"300\" height=\"224\" srcset=\"https:\/\/blogsaverroes.juntadeandalucia.es\/iesmarquesdecomares\/files\/2022\/03\/IMG_20220218_125922-300x224.jpg 300w, https:\/\/blogsaverroes.juntadeandalucia.es\/iesmarquesdecomares\/files\/2022\/03\/IMG_20220218_125922-1024x766.jpg 1024w, https:\/\/blogsaverroes.juntadeandalucia.es\/iesmarquesdecomares\/files\/2022\/03\/IMG_20220218_125922-768x575.jpg 768w, https:\/\/blogsaverroes.juntadeandalucia.es\/iesmarquesdecomares\/files\/2022\/03\/IMG_20220218_125922-1536x1149.jpg 1536w, https:\/\/blogsaverroes.juntadeandalucia.es\/iesmarquesdecomares\/files\/2022\/03\/IMG_20220218_125922-2048x1532.jpg 2048w, https:\/\/blogsaverroes.juntadeandalucia.es\/iesmarquesdecomares\/files\/2022\/03\/IMG_20220218_125922-scaled.jpg 1600w\" sizes=\"(max-width: 300px) 100vw, 300px\" \/><\/p>\n","protected":false},"excerpt":{"rendered":"<p>La puesta en pr\u00e1ctica del trabajo por proyectos, crea un espacio para aplicar conocimientos y desarrollar destrezas, competencias y actitudes de alto valor educativo. Hacerlo desde la perspectiva de la tecnolog\u00eda ayuda&nbsp;a visibilizar un&#46;&#46;&#46;<\/p>\n","protected":false},"author":7792,"featured_media":6478,"comment_status":"closed","ping_status":"open","sticky":false,"template":"","format":"standard","meta":{"ngg_post_thumbnail":0,"footnotes":""},"categories":[526],"tags":[],"aioseo_notices":[],"_links":{"self":[{"href":"https:\/\/blogsaverroes.juntadeandalucia.es\/iesmarquesdecomares\/wp-json\/wp\/v2\/posts\/6477"}],"collection":[{"href":"https:\/\/blogsaverroes.juntadeandalucia.es\/iesmarquesdecomares\/wp-json\/wp\/v2\/posts"}],"about":[{"href":"https:\/\/blogsaverroes.juntadeandalucia.es\/iesmarquesdecomares\/wp-json\/wp\/v2\/types\/post"}],"author":[{"embeddable":true,"href":"https:\/\/blogsaverroes.juntadeandalucia.es\/iesmarquesdecomares\/wp-json\/wp\/v2\/users\/7792"}],"replies":[{"embeddable":true,"href":"https:\/\/blogsaverroes.juntadeandalucia.es\/iesmarquesdecomares\/wp-json\/wp\/v2\/comments?post=6477"}],"version-history":[{"count":1,"href":"https:\/\/blogsaverroes.juntadeandalucia.es\/iesmarquesdecomares\/wp-json\/wp\/v2\/posts\/6477\/revisions"}],"predecessor-version":[{"id":6480,"href":"https:\/\/blogsaverroes.juntadeandalucia.es\/iesmarquesdecomares\/wp-json\/wp\/v2\/posts\/6477\/revisions\/6480"}],"wp:featuredmedia":[{"embeddable":true,"href":"https:\/\/blogsaverroes.juntadeandalucia.es\/iesmarquesdecomares\/wp-json\/wp\/v2\/media\/6478"}],"wp:attachment":[{"href":"https:\/\/blogsaverroes.juntadeandalucia.es\/iesmarquesdecomares\/wp-json\/wp\/v2\/media?parent=6477"}],"wp:term":[{"taxonomy":"category","embeddable":true,"href":"https:\/\/blogsaverroes.juntadeandalucia.es\/iesmarquesdecomares\/wp-json\/wp\/v2\/categories?post=6477"},{"taxonomy":"post_tag","embeddable":true,"href":"https:\/\/blogsaverroes.juntadeandalucia.es\/iesmarquesdecomares\/wp-json\/wp\/v2\/tags?post=6477"}],"curies":[{"name":"wp","href":"https:\/\/api.w.org\/{rel}","templated":true}]}}