{"id":6843,"date":"2022-04-06T14:58:11","date_gmt":"2022-04-06T13:58:11","guid":{"rendered":"https:\/\/blogsaverroes.juntadeandalucia.es\/iesmarquesdecomares\/?p=6843"},"modified":"2022-04-06T14:58:11","modified_gmt":"2022-04-06T13:58:11","slug":"hora-de-lectura","status":"publish","type":"post","link":"https:\/\/blogsaverroes.juntadeandalucia.es\/iesmarquesdecomares\/hora-de-lectura\/","title":{"rendered":"HORA DE LECTURA"},"content":{"rendered":"<p>Desde el pasado d\u00eda 28 de marzo los alumnos de 1\u00ba ESO C, acompa\u00f1ados de su tutor Jaime Aranda, dedican una hora semanal a la lectura. Afortunadamente, podemos aprovechar el magn\u00edfico jard\u00edn que tenemos en nuestro centro para que esa lectura se convierta en una actividad m\u00e1s agradable a\u00fan. Nuestros alumnos est\u00e1n disfrutando de la novela El fabuloso mundo de las letras, proporcionada por la biblioteca del centro.<\/p>\n<p>&nbsp;<\/p>\nngg_shortcode_0_placeholder\n","protected":false},"excerpt":{"rendered":"<p>Desde el pasado d\u00eda 28 de marzo los alumnos de 1\u00ba ESO C, acompa\u00f1ados de su tutor Jaime Aranda, dedican una hora semanal a la lectura. Afortunadamente, podemos aprovechar el magn\u00edfico jard\u00edn que tenemos&#46;&#46;&#46;<\/p>\n","protected":false},"author":8454,"featured_media":6847,"comment_status":"closed","ping_status":"open","sticky":false,"template":"","format":"standard","meta":{"ngg_post_thumbnail":0,"footnotes":""},"categories":[213],"tags":[],"aioseo_notices":[],"_links":{"self":[{"href":"https:\/\/blogsaverroes.juntadeandalucia.es\/iesmarquesdecomares\/wp-json\/wp\/v2\/posts\/6843"}],"collection":[{"href":"https:\/\/blogsaverroes.juntadeandalucia.es\/iesmarquesdecomares\/wp-json\/wp\/v2\/posts"}],"about":[{"href":"https:\/\/blogsaverroes.juntadeandalucia.es\/iesmarquesdecomares\/wp-json\/wp\/v2\/types\/post"}],"author":[{"embeddable":true,"href":"https:\/\/blogsaverroes.juntadeandalucia.es\/iesmarquesdecomares\/wp-json\/wp\/v2\/users\/8454"}],"replies":[{"embeddable":true,"href":"https:\/\/blogsaverroes.juntadeandalucia.es\/iesmarquesdecomares\/wp-json\/wp\/v2\/comments?post=6843"}],"version-history":[{"count":1,"href":"https:\/\/blogsaverroes.juntadeandalucia.es\/iesmarquesdecomares\/wp-json\/wp\/v2\/posts\/6843\/revisions"}],"predecessor-version":[{"id":6848,"href":"https:\/\/blogsaverroes.juntadeandalucia.es\/iesmarquesdecomares\/wp-json\/wp\/v2\/posts\/6843\/revisions\/6848"}],"wp:featuredmedia":[{"embeddable":true,"href":"https:\/\/blogsaverroes.juntadeandalucia.es\/iesmarquesdecomares\/wp-json\/wp\/v2\/media\/6847"}],"wp:attachment":[{"href":"https:\/\/blogsaverroes.juntadeandalucia.es\/iesmarquesdecomares\/wp-json\/wp\/v2\/media?parent=6843"}],"wp:term":[{"taxonomy":"category","embeddable":true,"href":"https:\/\/blogsaverroes.juntadeandalucia.es\/iesmarquesdecomares\/wp-json\/wp\/v2\/categories?post=6843"},{"taxonomy":"post_tag","embeddable":true,"href":"https:\/\/blogsaverroes.juntadeandalucia.es\/iesmarquesdecomares\/wp-json\/wp\/v2\/tags?post=6843"}],"curies":[{"name":"wp","href":"https:\/\/api.w.org\/{rel}","templated":true}]}}