{"id":6892,"date":"2022-04-22T12:08:18","date_gmt":"2022-04-22T11:08:18","guid":{"rendered":"https:\/\/blogsaverroes.juntadeandalucia.es\/iesmarquesdecomares\/?p=6892"},"modified":"2022-04-22T12:08:18","modified_gmt":"2022-04-22T11:08:18","slug":"erik-vogler-y-los-crimenes-del-rey-blanco","status":"publish","type":"post","link":"https:\/\/blogsaverroes.juntadeandalucia.es\/iesmarquesdecomares\/erik-vogler-y-los-crimenes-del-rey-blanco\/","title":{"rendered":"ERIK VOGLER Y LOS CR\u00cdMENES DEL REY BLANCO"},"content":{"rendered":"<div><a href=\"https:\/\/blogsaverroes.juntadeandalucia.es\/iesmarquesdecomares\/files\/2022\/04\/Portada-2.jpg\"><img fetchpriority=\"high\" decoding=\"async\" class=\"alignleft size-medium wp-image-6893\" src=\"https:\/\/blogsaverroes.juntadeandalucia.es\/iesmarquesdecomares\/files\/2022\/04\/Portada-2-200x300.jpg\" alt=\"\" width=\"200\" height=\"300\" srcset=\"https:\/\/blogsaverroes.juntadeandalucia.es\/iesmarquesdecomares\/files\/2022\/04\/Portada-2-200x300.jpg 200w, https:\/\/blogsaverroes.juntadeandalucia.es\/iesmarquesdecomares\/files\/2022\/04\/Portada-2-683x1024.jpg 683w, https:\/\/blogsaverroes.juntadeandalucia.es\/iesmarquesdecomares\/files\/2022\/04\/Portada-2-768x1152.jpg 768w, https:\/\/blogsaverroes.juntadeandalucia.es\/iesmarquesdecomares\/files\/2022\/04\/Portada-2-1024x1536.jpg 1024w, https:\/\/blogsaverroes.juntadeandalucia.es\/iesmarquesdecomares\/files\/2022\/04\/Portada-2-1366x2048.jpg 1366w, https:\/\/blogsaverroes.juntadeandalucia.es\/iesmarquesdecomares\/files\/2022\/04\/Portada-2.jpg 1067w\" sizes=\"(max-width: 200px) 100vw, 200px\" \/><\/a>Esta novela trata sobre Erik Vogler, un mani\u00e1tico del orden al que le cambian los planes de Semana Santa: en lugar de ir a Nueva York con su padre, ten\u00eda que pasar esos d\u00edas con su abuela. Pero lo que no se le pasaba por la cabeza era que iba a estar involucrado en una serie de asesinatos que ten\u00eda asustada a toda Alemania.<\/div>\n<div>Si te gustan las novelas policiacas, el horror y el g\u00e9nero negro te recomiendo este libro de Beatriz Os\u00e9s.<\/div>\n<div>Paula M\u00aa Guarino Pav\u00f3n, 1\u00ba ESO C<\/div>\n","protected":false},"excerpt":{"rendered":"<p>Esta novela trata sobre Erik Vogler, un mani\u00e1tico del orden al que le cambian los planes de Semana Santa: en lugar de ir a Nueva York con su padre, ten\u00eda que pasar esos d\u00edas&#46;&#46;&#46;<\/p>\n","protected":false},"author":8171,"featured_media":6894,"comment_status":"closed","ping_status":"open","sticky":false,"template":"","format":"standard","meta":{"ngg_post_thumbnail":0,"footnotes":""},"categories":[1338928],"tags":[],"aioseo_notices":[],"_links":{"self":[{"href":"https:\/\/blogsaverroes.juntadeandalucia.es\/iesmarquesdecomares\/wp-json\/wp\/v2\/posts\/6892"}],"collection":[{"href":"https:\/\/blogsaverroes.juntadeandalucia.es\/iesmarquesdecomares\/wp-json\/wp\/v2\/posts"}],"about":[{"href":"https:\/\/blogsaverroes.juntadeandalucia.es\/iesmarquesdecomares\/wp-json\/wp\/v2\/types\/post"}],"author":[{"embeddable":true,"href":"https:\/\/blogsaverroes.juntadeandalucia.es\/iesmarquesdecomares\/wp-json\/wp\/v2\/users\/8171"}],"replies":[{"embeddable":true,"href":"https:\/\/blogsaverroes.juntadeandalucia.es\/iesmarquesdecomares\/wp-json\/wp\/v2\/comments?post=6892"}],"version-history":[{"count":1,"href":"https:\/\/blogsaverroes.juntadeandalucia.es\/iesmarquesdecomares\/wp-json\/wp\/v2\/posts\/6892\/revisions"}],"predecessor-version":[{"id":6895,"href":"https:\/\/blogsaverroes.juntadeandalucia.es\/iesmarquesdecomares\/wp-json\/wp\/v2\/posts\/6892\/revisions\/6895"}],"wp:featuredmedia":[{"embeddable":true,"href":"https:\/\/blogsaverroes.juntadeandalucia.es\/iesmarquesdecomares\/wp-json\/wp\/v2\/media\/6894"}],"wp:attachment":[{"href":"https:\/\/blogsaverroes.juntadeandalucia.es\/iesmarquesdecomares\/wp-json\/wp\/v2\/media?parent=6892"}],"wp:term":[{"taxonomy":"category","embeddable":true,"href":"https:\/\/blogsaverroes.juntadeandalucia.es\/iesmarquesdecomares\/wp-json\/wp\/v2\/categories?post=6892"},{"taxonomy":"post_tag","embeddable":true,"href":"https:\/\/blogsaverroes.juntadeandalucia.es\/iesmarquesdecomares\/wp-json\/wp\/v2\/tags?post=6892"}],"curies":[{"name":"wp","href":"https:\/\/api.w.org\/{rel}","templated":true}]}}