{"id":6978,"date":"2022-01-14T11:00:31","date_gmt":"2022-01-14T10:00:31","guid":{"rendered":"https:\/\/blogsaverroes.juntadeandalucia.es\/iesmarquesdecomares\/?p=6978"},"modified":"2022-05-04T22:16:07","modified_gmt":"2022-05-04T21:16:07","slug":"espiral-de-aromaticas","status":"publish","type":"post","link":"https:\/\/blogsaverroes.juntadeandalucia.es\/iesmarquesdecomares\/espiral-de-aromaticas\/","title":{"rendered":"Espiral de arom\u00e1ticas"},"content":{"rendered":"<p>Ya tenemos terminado nuestra espiral de plantas accesorias al Ecohuerto. Estas plantas arom\u00e1ticas <span style=\"font-weight: 400\">ejercen una clara influencia en las plantas vecinas de nuestro Ecohuerto. Se puede decir que son los \u201ccomodines de las asociaciones\u201d porque cada una produce varios efectos beneficiosos para los cultivos. Uno de los efectos m\u00e1s conocidos es la atracci\u00f3n de insectos auxiliares, como los polinizadores o algunos enemigos naturales de plagas, tambi\u00e9n el efecto repelente frente a algunas plagas o el efecto despiste de otras al camuflar el olor de las hortalizas.<\/span><\/p>\n<p>Agradecemos de coraz\u00f3n la labor de nuestro personal de mantenimiento, Antonio Jurado, que ha realizado un magn\u00edfico trabajo en nuestro \u00bb<\/p>\n<p>ngg_shortcode_0_placeholderEcohuerto Comares\u00bb<\/p>\n","protected":false},"excerpt":{"rendered":"<p>Ya tenemos terminado nuestra espiral de plantas accesorias al Ecohuerto. Estas plantas arom\u00e1ticas ejercen una clara influencia en las plantas vecinas de nuestro Ecohuerto. Se puede decir que son los \u201ccomodines de las asociaciones\u201d&#46;&#46;&#46;<\/p>\n","protected":false},"author":356,"featured_media":6987,"comment_status":"closed","ping_status":"open","sticky":false,"template":"","format":"standard","meta":{"ngg_post_thumbnail":0,"footnotes":""},"categories":[1338924],"tags":[1338925,1338926],"aioseo_notices":[],"_links":{"self":[{"href":"https:\/\/blogsaverroes.juntadeandalucia.es\/iesmarquesdecomares\/wp-json\/wp\/v2\/posts\/6978"}],"collection":[{"href":"https:\/\/blogsaverroes.juntadeandalucia.es\/iesmarquesdecomares\/wp-json\/wp\/v2\/posts"}],"about":[{"href":"https:\/\/blogsaverroes.juntadeandalucia.es\/iesmarquesdecomares\/wp-json\/wp\/v2\/types\/post"}],"author":[{"embeddable":true,"href":"https:\/\/blogsaverroes.juntadeandalucia.es\/iesmarquesdecomares\/wp-json\/wp\/v2\/users\/356"}],"replies":[{"embeddable":true,"href":"https:\/\/blogsaverroes.juntadeandalucia.es\/iesmarquesdecomares\/wp-json\/wp\/v2\/comments?post=6978"}],"version-history":[{"count":1,"href":"https:\/\/blogsaverroes.juntadeandalucia.es\/iesmarquesdecomares\/wp-json\/wp\/v2\/posts\/6978\/revisions"}],"predecessor-version":[{"id":6988,"href":"https:\/\/blogsaverroes.juntadeandalucia.es\/iesmarquesdecomares\/wp-json\/wp\/v2\/posts\/6978\/revisions\/6988"}],"wp:featuredmedia":[{"embeddable":true,"href":"https:\/\/blogsaverroes.juntadeandalucia.es\/iesmarquesdecomares\/wp-json\/wp\/v2\/media\/6987"}],"wp:attachment":[{"href":"https:\/\/blogsaverroes.juntadeandalucia.es\/iesmarquesdecomares\/wp-json\/wp\/v2\/media?parent=6978"}],"wp:term":[{"taxonomy":"category","embeddable":true,"href":"https:\/\/blogsaverroes.juntadeandalucia.es\/iesmarquesdecomares\/wp-json\/wp\/v2\/categories?post=6978"},{"taxonomy":"post_tag","embeddable":true,"href":"https:\/\/blogsaverroes.juntadeandalucia.es\/iesmarquesdecomares\/wp-json\/wp\/v2\/tags?post=6978"}],"curies":[{"name":"wp","href":"https:\/\/api.w.org\/{rel}","templated":true}]}}