{"id":8248,"date":"2022-11-25T20:22:44","date_gmt":"2022-11-25T19:22:44","guid":{"rendered":"https:\/\/blogsaverroes.juntadeandalucia.es\/iesmarquesdecomares\/?p=8248"},"modified":"2022-11-25T20:22:45","modified_gmt":"2022-11-25T19:22:45","slug":"excursion-a-malaga","status":"publish","type":"post","link":"https:\/\/blogsaverroes.juntadeandalucia.es\/iesmarquesdecomares\/excursion-a-malaga\/","title":{"rendered":"Excursi\u00f3n a M\u00e1laga"},"content":{"rendered":"<p><span data-sheets-value=\"{&quot;1&quot;:2,&quot;2&quot;:&quot;El pasado martes 22 de noviembre fuimos de excursi\u00f3n a M\u00e1laga el alumnado del Aula Espec\u00edfica junto con sus compa\u00f1eros y compa\u00f1eras de 1\u00b0 de ESO y 2\u00b0ESO \\n Visitamos en Fuengirola, Bioparc y por la tarde, en Benalm\u00e1dena, el acuario \\&quot;Sealife\\&quot;. &quot;}\" data-sheets-userformat=\"{&quot;2&quot;:513,&quot;3&quot;:{&quot;1&quot;:0},&quot;12&quot;:0}\">El pasado martes 22 de noviembre fuimos de excursi\u00f3n a M\u00e1laga el alumnado del Aula Espec\u00edfica junto con sus compa\u00f1eros y compa\u00f1eras de 1\u00b0 de ESO y 2\u00b0ESO<br \/>\nVisitamos en Fuengirola, Bioparc y por la tarde, en Benalm\u00e1dena, el acuario \u00abSealife\u00bb.<\/span><\/p>\nngg_shortcode_0_placeholder\n","protected":false},"excerpt":{"rendered":"<p>El pasado martes 22 de noviembre fuimos de excursi\u00f3n a M\u00e1laga el alumnado del Aula Espec\u00edfica junto con sus compa\u00f1eros y compa\u00f1eras de 1\u00b0 de ESO y 2\u00b0ESO Visitamos en Fuengirola, Bioparc y por&#46;&#46;&#46;<\/p>\n","protected":false},"author":8171,"featured_media":8254,"comment_status":"closed","ping_status":"open","sticky":false,"template":"","format":"standard","meta":{"ngg_post_thumbnail":0,"footnotes":""},"categories":[526],"tags":[],"aioseo_notices":[],"_links":{"self":[{"href":"https:\/\/blogsaverroes.juntadeandalucia.es\/iesmarquesdecomares\/wp-json\/wp\/v2\/posts\/8248"}],"collection":[{"href":"https:\/\/blogsaverroes.juntadeandalucia.es\/iesmarquesdecomares\/wp-json\/wp\/v2\/posts"}],"about":[{"href":"https:\/\/blogsaverroes.juntadeandalucia.es\/iesmarquesdecomares\/wp-json\/wp\/v2\/types\/post"}],"author":[{"embeddable":true,"href":"https:\/\/blogsaverroes.juntadeandalucia.es\/iesmarquesdecomares\/wp-json\/wp\/v2\/users\/8171"}],"replies":[{"embeddable":true,"href":"https:\/\/blogsaverroes.juntadeandalucia.es\/iesmarquesdecomares\/wp-json\/wp\/v2\/comments?post=8248"}],"version-history":[{"count":1,"href":"https:\/\/blogsaverroes.juntadeandalucia.es\/iesmarquesdecomares\/wp-json\/wp\/v2\/posts\/8248\/revisions"}],"predecessor-version":[{"id":8262,"href":"https:\/\/blogsaverroes.juntadeandalucia.es\/iesmarquesdecomares\/wp-json\/wp\/v2\/posts\/8248\/revisions\/8262"}],"wp:featuredmedia":[{"embeddable":true,"href":"https:\/\/blogsaverroes.juntadeandalucia.es\/iesmarquesdecomares\/wp-json\/wp\/v2\/media\/8254"}],"wp:attachment":[{"href":"https:\/\/blogsaverroes.juntadeandalucia.es\/iesmarquesdecomares\/wp-json\/wp\/v2\/media?parent=8248"}],"wp:term":[{"taxonomy":"category","embeddable":true,"href":"https:\/\/blogsaverroes.juntadeandalucia.es\/iesmarquesdecomares\/wp-json\/wp\/v2\/categories?post=8248"},{"taxonomy":"post_tag","embeddable":true,"href":"https:\/\/blogsaverroes.juntadeandalucia.es\/iesmarquesdecomares\/wp-json\/wp\/v2\/tags?post=8248"}],"curies":[{"name":"wp","href":"https:\/\/api.w.org\/{rel}","templated":true}]}}