{"id":9013,"date":"2023-01-25T14:28:38","date_gmt":"2023-01-25T13:28:38","guid":{"rendered":"https:\/\/blogsaverroes.juntadeandalucia.es\/iesmarquesdecomares\/?p=9013"},"modified":"2023-01-25T14:28:56","modified_gmt":"2023-01-25T13:28:56","slug":"efemeride-francisco-brines","status":"publish","type":"post","link":"https:\/\/blogsaverroes.juntadeandalucia.es\/iesmarquesdecomares\/efemeride-francisco-brines\/","title":{"rendered":"EFEM\u00c9RIDE. FRANCISCO BRINES"},"content":{"rendered":"<p><a href=\"https:\/\/blogsaverroes.juntadeandalucia.es\/iesmarquesdecomares\/files\/2023\/01\/franciscobrines-M\u00aa-del-Carmen-Florido-Ag\u00fcera.jpg\"><img fetchpriority=\"high\" decoding=\"async\" class=\"aligncenter size-full wp-image-9014\" src=\"https:\/\/blogsaverroes.juntadeandalucia.es\/iesmarquesdecomares\/files\/2023\/01\/franciscobrines-M\u00aa-del-Carmen-Florido-Ag\u00fcera.jpg\" alt=\"\" width=\"700\" height=\"394\" srcset=\"https:\/\/blogsaverroes.juntadeandalucia.es\/iesmarquesdecomares\/files\/2023\/01\/franciscobrines-M\u00aa-del-Carmen-Florido-Ag\u00fcera.jpg 700w, https:\/\/blogsaverroes.juntadeandalucia.es\/iesmarquesdecomares\/files\/2023\/01\/franciscobrines-M\u00aa-del-Carmen-Florido-Ag\u00fcera-300x169.jpg 300w\" sizes=\"(max-width: 700px) 100vw, 700px\" \/><\/a><\/p>\n<p><span data-sheets-value=\"{&quot;1&quot;:2,&quot;2&quot;:&quot;Un 22 de enero de 1932 nac\u00eda el poeta Francisco Brines. Fuer acad\u00e9mico de la RAE y fuer galardonado con el Premio Nacional de las Letras Espa\u00f1olas, el Premio Reina Sof\u00eda de poes\u00eda Iberoamericana o el Premio Cervantes. En sus poes\u00edas encontramos una constantes reflexi\u00f3n sobre el tiempo. Algunos de sus t\u00edtulos son Palabras a la oscuridad, El oto\u00f1o de las rosas o Donde muere la muerte. \\nOs invitamos a leer algunos de sus poemas en el siguiente enlace: https:\/\/www.poemas-del-alma.com\/francisco-brines.htm&quot;}\" data-sheets-userformat=\"{&quot;2&quot;:513,&quot;3&quot;:{&quot;1&quot;:0},&quot;12&quot;:0}\">Un 22 de enero de 1932 nac\u00eda el poeta Francisco Brines. Fuer acad\u00e9mico de la RAE y fuer galardonado con el Premio Nacional de las Letras Espa\u00f1olas, el Premio Reina Sof\u00eda de poes\u00eda Iberoamericana o el Premio Cervantes. En sus poes\u00edas encontramos una constantes reflexi\u00f3n sobre el tiempo. Algunos de sus t\u00edtulos son Palabras a la oscuridad, El oto\u00f1o de las rosas o Donde muere la muerte.<br \/>\nOs invitamos a leer algunos de sus poemas en el siguiente enlace: https:\/\/www.poemas-del-alma.com\/francisco-brines.htm<\/span><\/p>\n","protected":false},"excerpt":{"rendered":"<p>Un 22 de enero de 1932 nac\u00eda el poeta Francisco Brines. Fuer acad\u00e9mico de la RAE y fuer galardonado con el Premio Nacional de las Letras Espa\u00f1olas, el Premio Reina Sof\u00eda de poes\u00eda Iberoamericana&#46;&#46;&#46;<\/p>\n","protected":false},"author":8171,"featured_media":9014,"comment_status":"closed","ping_status":"open","sticky":false,"template":"","format":"standard","meta":{"ngg_post_thumbnail":0,"footnotes":""},"categories":[213,526],"tags":[],"aioseo_notices":[],"_links":{"self":[{"href":"https:\/\/blogsaverroes.juntadeandalucia.es\/iesmarquesdecomares\/wp-json\/wp\/v2\/posts\/9013"}],"collection":[{"href":"https:\/\/blogsaverroes.juntadeandalucia.es\/iesmarquesdecomares\/wp-json\/wp\/v2\/posts"}],"about":[{"href":"https:\/\/blogsaverroes.juntadeandalucia.es\/iesmarquesdecomares\/wp-json\/wp\/v2\/types\/post"}],"author":[{"embeddable":true,"href":"https:\/\/blogsaverroes.juntadeandalucia.es\/iesmarquesdecomares\/wp-json\/wp\/v2\/users\/8171"}],"replies":[{"embeddable":true,"href":"https:\/\/blogsaverroes.juntadeandalucia.es\/iesmarquesdecomares\/wp-json\/wp\/v2\/comments?post=9013"}],"version-history":[{"count":1,"href":"https:\/\/blogsaverroes.juntadeandalucia.es\/iesmarquesdecomares\/wp-json\/wp\/v2\/posts\/9013\/revisions"}],"predecessor-version":[{"id":9015,"href":"https:\/\/blogsaverroes.juntadeandalucia.es\/iesmarquesdecomares\/wp-json\/wp\/v2\/posts\/9013\/revisions\/9015"}],"wp:featuredmedia":[{"embeddable":true,"href":"https:\/\/blogsaverroes.juntadeandalucia.es\/iesmarquesdecomares\/wp-json\/wp\/v2\/media\/9014"}],"wp:attachment":[{"href":"https:\/\/blogsaverroes.juntadeandalucia.es\/iesmarquesdecomares\/wp-json\/wp\/v2\/media?parent=9013"}],"wp:term":[{"taxonomy":"category","embeddable":true,"href":"https:\/\/blogsaverroes.juntadeandalucia.es\/iesmarquesdecomares\/wp-json\/wp\/v2\/categories?post=9013"},{"taxonomy":"post_tag","embeddable":true,"href":"https:\/\/blogsaverroes.juntadeandalucia.es\/iesmarquesdecomares\/wp-json\/wp\/v2\/tags?post=9013"}],"curies":[{"name":"wp","href":"https:\/\/api.w.org\/{rel}","templated":true}]}}