{"id":9471,"date":"2023-03-24T10:40:39","date_gmt":"2023-03-24T09:40:39","guid":{"rendered":"https:\/\/blogsaverroes.juntadeandalucia.es\/iesmarquesdecomares\/?p=9471"},"modified":"2023-03-24T10:40:39","modified_gmt":"2023-03-24T09:40:39","slug":"canguro-matematico","status":"publish","type":"post","link":"https:\/\/blogsaverroes.juntadeandalucia.es\/iesmarquesdecomares\/canguro-matematico\/","title":{"rendered":"Canguro Matem\u00e1tico"},"content":{"rendered":"<p><span data-sheets-value=\"{&quot;1&quot;:2,&quot;2&quot;:&quot;El pasado 16 de marzo de 2023 141 alumnos de nuestro centro de 1\u00ba de ESO a 2\u00ba de Bachillerato participaron en la edici\u00f3n del concurso internacional Canguro Matem\u00e1tico. En esta edici\u00f3n han participado m\u00e1s de 15.000 alumnos s\u00f3lo en Espa\u00f1a. En mayo se sabr\u00e1 cu\u00e1les de nuestros alumnos han demostrado alcanzar un nivel destacable en la prueba. \u00a1Suerte a todos!&quot;}\" data-sheets-userformat=\"{&quot;2&quot;:513,&quot;3&quot;:{&quot;1&quot;:0},&quot;12&quot;:0}\">El pasado 16 de marzo de 2023 141 alumnos de nuestro centro de 1\u00ba de ESO a 2\u00ba de Bachillerato participaron en la edici\u00f3n del concurso internacional Canguro Matem\u00e1tico. En esta edici\u00f3n han participado m\u00e1s de 15.000 alumnos s\u00f3lo en Espa\u00f1a. En mayo se sabr\u00e1 cu\u00e1les de nuestros alumnos han demostrado alcanzar un nivel destacable en la prueba. \u00a1Suerte a todos!<\/span><\/p>\n<p><a href=\"https:\/\/blogsaverroes.juntadeandalucia.es\/iesmarquesdecomares\/files\/2023\/03\/canguro-3-Rosario-Servi\u00e1n-Fern\u00e1ndez.jpeg\"><img fetchpriority=\"high\" decoding=\"async\" class=\"aligncenter size-medium wp-image-9473\" src=\"https:\/\/blogsaverroes.juntadeandalucia.es\/iesmarquesdecomares\/files\/2023\/03\/canguro-3-Rosario-Servi\u00e1n-Fern\u00e1ndez-300x169.jpeg\" alt=\"\" width=\"300\" height=\"169\" srcset=\"https:\/\/blogsaverroes.juntadeandalucia.es\/iesmarquesdecomares\/files\/2023\/03\/canguro-3-Rosario-Servi\u00e1n-Fern\u00e1ndez-300x169.jpeg 300w, https:\/\/blogsaverroes.juntadeandalucia.es\/iesmarquesdecomares\/files\/2023\/03\/canguro-3-Rosario-Servi\u00e1n-Fern\u00e1ndez-1024x576.jpeg 1024w, https:\/\/blogsaverroes.juntadeandalucia.es\/iesmarquesdecomares\/files\/2023\/03\/canguro-3-Rosario-Servi\u00e1n-Fern\u00e1ndez-768x432.jpeg 768w, https:\/\/blogsaverroes.juntadeandalucia.es\/iesmarquesdecomares\/files\/2023\/03\/canguro-3-Rosario-Servi\u00e1n-Fern\u00e1ndez-1536x864.jpeg 1536w, https:\/\/blogsaverroes.juntadeandalucia.es\/iesmarquesdecomares\/files\/2023\/03\/canguro-3-Rosario-Servi\u00e1n-Fern\u00e1ndez.jpeg 1599w\" sizes=\"(max-width: 300px) 100vw, 300px\" \/><\/a> <a href=\"https:\/\/blogsaverroes.juntadeandalucia.es\/iesmarquesdecomares\/files\/2023\/03\/canguro-2-Rosario-Servi\u00e1n-Fern\u00e1ndez.jpeg\"><img decoding=\"async\" class=\"aligncenter size-medium wp-image-9474\" src=\"https:\/\/blogsaverroes.juntadeandalucia.es\/iesmarquesdecomares\/files\/2023\/03\/canguro-2-Rosario-Servi\u00e1n-Fern\u00e1ndez-300x224.jpeg\" alt=\"\" width=\"300\" height=\"224\" srcset=\"https:\/\/blogsaverroes.juntadeandalucia.es\/iesmarquesdecomares\/files\/2023\/03\/canguro-2-Rosario-Servi\u00e1n-Fern\u00e1ndez-300x224.jpeg 300w, https:\/\/blogsaverroes.juntadeandalucia.es\/iesmarquesdecomares\/files\/2023\/03\/canguro-2-Rosario-Servi\u00e1n-Fern\u00e1ndez-1024x766.jpeg 1024w, https:\/\/blogsaverroes.juntadeandalucia.es\/iesmarquesdecomares\/files\/2023\/03\/canguro-2-Rosario-Servi\u00e1n-Fern\u00e1ndez-768x575.jpeg 768w, https:\/\/blogsaverroes.juntadeandalucia.es\/iesmarquesdecomares\/files\/2023\/03\/canguro-2-Rosario-Servi\u00e1n-Fern\u00e1ndez-1536x1149.jpeg 1536w, https:\/\/blogsaverroes.juntadeandalucia.es\/iesmarquesdecomares\/files\/2023\/03\/canguro-2-Rosario-Servi\u00e1n-Fern\u00e1ndez.jpeg 1600w\" sizes=\"(max-width: 300px) 100vw, 300px\" \/><\/a> <a href=\"https:\/\/blogsaverroes.juntadeandalucia.es\/iesmarquesdecomares\/files\/2023\/03\/canguro-1-Rosario-Servi\u00e1n-Fern\u00e1ndez.jpeg\"><img decoding=\"async\" class=\"aligncenter size-medium wp-image-9475\" src=\"https:\/\/blogsaverroes.juntadeandalucia.es\/iesmarquesdecomares\/files\/2023\/03\/canguro-1-Rosario-Servi\u00e1n-Fern\u00e1ndez-300x225.jpeg\" alt=\"\" width=\"300\" height=\"225\" srcset=\"https:\/\/blogsaverroes.juntadeandalucia.es\/iesmarquesdecomares\/files\/2023\/03\/canguro-1-Rosario-Servi\u00e1n-Fern\u00e1ndez-300x225.jpeg 300w, https:\/\/blogsaverroes.juntadeandalucia.es\/iesmarquesdecomares\/files\/2023\/03\/canguro-1-Rosario-Servi\u00e1n-Fern\u00e1ndez-1024x768.jpeg 1024w, https:\/\/blogsaverroes.juntadeandalucia.es\/iesmarquesdecomares\/files\/2023\/03\/canguro-1-Rosario-Servi\u00e1n-Fern\u00e1ndez-768x576.jpeg 768w, https:\/\/blogsaverroes.juntadeandalucia.es\/iesmarquesdecomares\/files\/2023\/03\/canguro-1-Rosario-Servi\u00e1n-Fern\u00e1ndez-1536x1152.jpeg 1536w, https:\/\/blogsaverroes.juntadeandalucia.es\/iesmarquesdecomares\/files\/2023\/03\/canguro-1-Rosario-Servi\u00e1n-Fern\u00e1ndez.jpeg 1600w\" sizes=\"(max-width: 300px) 100vw, 300px\" \/><\/a><\/p>\n","protected":false},"excerpt":{"rendered":"<p>El pasado 16 de marzo de 2023 141 alumnos de nuestro centro de 1\u00ba de ESO a 2\u00ba de Bachillerato participaron en la edici\u00f3n del concurso internacional Canguro Matem\u00e1tico. En esta edici\u00f3n han participado&#46;&#46;&#46;<\/p>\n","protected":false},"author":8171,"featured_media":9475,"comment_status":"closed","ping_status":"open","sticky":false,"template":"","format":"standard","meta":{"ngg_post_thumbnail":0,"footnotes":""},"categories":[25506],"tags":[],"aioseo_notices":[],"_links":{"self":[{"href":"https:\/\/blogsaverroes.juntadeandalucia.es\/iesmarquesdecomares\/wp-json\/wp\/v2\/posts\/9471"}],"collection":[{"href":"https:\/\/blogsaverroes.juntadeandalucia.es\/iesmarquesdecomares\/wp-json\/wp\/v2\/posts"}],"about":[{"href":"https:\/\/blogsaverroes.juntadeandalucia.es\/iesmarquesdecomares\/wp-json\/wp\/v2\/types\/post"}],"author":[{"embeddable":true,"href":"https:\/\/blogsaverroes.juntadeandalucia.es\/iesmarquesdecomares\/wp-json\/wp\/v2\/users\/8171"}],"replies":[{"embeddable":true,"href":"https:\/\/blogsaverroes.juntadeandalucia.es\/iesmarquesdecomares\/wp-json\/wp\/v2\/comments?post=9471"}],"version-history":[{"count":1,"href":"https:\/\/blogsaverroes.juntadeandalucia.es\/iesmarquesdecomares\/wp-json\/wp\/v2\/posts\/9471\/revisions"}],"predecessor-version":[{"id":9476,"href":"https:\/\/blogsaverroes.juntadeandalucia.es\/iesmarquesdecomares\/wp-json\/wp\/v2\/posts\/9471\/revisions\/9476"}],"wp:featuredmedia":[{"embeddable":true,"href":"https:\/\/blogsaverroes.juntadeandalucia.es\/iesmarquesdecomares\/wp-json\/wp\/v2\/media\/9475"}],"wp:attachment":[{"href":"https:\/\/blogsaverroes.juntadeandalucia.es\/iesmarquesdecomares\/wp-json\/wp\/v2\/media?parent=9471"}],"wp:term":[{"taxonomy":"category","embeddable":true,"href":"https:\/\/blogsaverroes.juntadeandalucia.es\/iesmarquesdecomares\/wp-json\/wp\/v2\/categories?post=9471"},{"taxonomy":"post_tag","embeddable":true,"href":"https:\/\/blogsaverroes.juntadeandalucia.es\/iesmarquesdecomares\/wp-json\/wp\/v2\/tags?post=9471"}],"curies":[{"name":"wp","href":"https:\/\/api.w.org\/{rel}","templated":true}]}}