{"id":9563,"date":"2023-04-19T09:46:38","date_gmt":"2023-04-19T08:46:38","guid":{"rendered":"https:\/\/blogsaverroes.juntadeandalucia.es\/iesmarquesdecomares\/?p=9563"},"modified":"2023-04-19T09:46:38","modified_gmt":"2023-04-19T08:46:38","slug":"concurso-del-numero-pi","status":"publish","type":"post","link":"https:\/\/blogsaverroes.juntadeandalucia.es\/iesmarquesdecomares\/concurso-del-numero-pi\/","title":{"rendered":"Concurso del n\u00famero Pi"},"content":{"rendered":"<p><span data-sheets-value=\"{&quot;1&quot;:2,&quot;2&quot;:&quot;Despu\u00e9s de la celebraci\u00f3n de la I edici\u00f3n del concurso \\&quot;\u00bfCu\u00e1ntas cifras de pi eres capaz de memorizar?\\&quot;, nos complace anunciar que la ganadora de este a\u00f1o es nuestra alumna Carolina Torralbo Cort\u00e9s de 3\u00ba de ESO. \u00a1Una haza\u00f1a incre\u00edble! Carolina ha recitado la impresionante cantidad de 233 cifras decimales de este n\u00famero, seguida de cerca por Antonio Aguilera Ram\u00edrez de 2\u00ba de Bachillerato. Felicidades a todo el alumnado participante porque el reto no era nada f\u00e1cil y le deseamos a la ganadora que disfrute de su merecido premio.&quot;}\" data-sheets-userformat=\"{&quot;2&quot;:513,&quot;3&quot;:{&quot;1&quot;:0},&quot;12&quot;:0}\">Despu\u00e9s de la celebraci\u00f3n de la I edici\u00f3n del concurso \u00ab\u00bfCu\u00e1ntas cifras de pi eres capaz de memorizar?\u00bb, nos complace anunciar que la ganadora de este a\u00f1o es nuestra alumna Carolina Torralbo Cort\u00e9s de 3\u00ba de ESO. \u00a1Una haza\u00f1a incre\u00edble! Carolina ha recitado la impresionante cantidad de 233 cifras decimales de este n\u00famero, seguida de cerca por Antonio Aguilera Ram\u00edrez de 2\u00ba de Bachillerato. Felicidades a todo el alumnado participante porque el reto no era nada f\u00e1cil y le deseamos a la ganadora que disfrute de su merecido premio.<\/span><\/p>\n\n\t\t<style>\n\t\t\t#gallery-1 {\n\t\t\t\tmargin: auto;\n\t\t\t}\n\t\t\t#gallery-1 .gallery-item {\n\t\t\t\tfloat: left;\n\t\t\t\tmargin-top: 10px;\n\t\t\t\ttext-align: center;\n\t\t\t\twidth: 50%;\n\t\t\t}\n\t\t\t#gallery-1 img {\n\t\t\t\tborder: 2px solid #cfcfcf;\n\t\t\t}\n\t\t\t#gallery-1 .gallery-caption {\n\t\t\t\tmargin-left: 0;\n\t\t\t}\n\t\t\t\/* see gallery_shortcode() in wp-includes\/media.php *\/\n\t\t<\/style>\n\t\t<div id='gallery-1' class='gallery galleryid-9563 gallery-columns-2 gallery-size-medium'><dl class='gallery-item'>\n\t\t\t<dt class='gallery-icon landscape'>\n\t\t\t\t<a href='https:\/\/blogsaverroes.juntadeandalucia.es\/iesmarquesdecomares\/masterclass-rock-andaluz\/fotoganadora1-sergio-jodral-estepa\/'><img fetchpriority=\"high\" decoding=\"async\" width=\"300\" height=\"245\" src=\"https:\/\/blogsaverroes.juntadeandalucia.es\/iesmarquesdecomares\/files\/2023\/04\/fotoganadora1-Sergio-Jodral-Estepa-300x245.jpg\" class=\"attachment-medium size-medium\" alt=\"\" srcset=\"https:\/\/blogsaverroes.juntadeandalucia.es\/iesmarquesdecomares\/files\/2023\/04\/fotoganadora1-Sergio-Jodral-Estepa-300x245.jpg 300w, https:\/\/blogsaverroes.juntadeandalucia.es\/iesmarquesdecomares\/files\/2023\/04\/fotoganadora1-Sergio-Jodral-Estepa-1024x835.jpg 1024w, https:\/\/blogsaverroes.juntadeandalucia.es\/iesmarquesdecomares\/files\/2023\/04\/fotoganadora1-Sergio-Jodral-Estepa-768x626.jpg 768w, https:\/\/blogsaverroes.juntadeandalucia.es\/iesmarquesdecomares\/files\/2023\/04\/fotoganadora1-Sergio-Jodral-Estepa.jpg 1472w\" sizes=\"(max-width: 300px) 100vw, 300px\" \/><\/a>\n\t\t\t<\/dt><\/dl><dl class='gallery-item'>\n\t\t\t<dt class='gallery-icon landscape'>\n\t\t\t\t<a href='https:\/\/blogsaverroes.juntadeandalucia.es\/iesmarquesdecomares\/masterclass-rock-andaluz\/fotoganadora2-sergio-jodral-estepa\/'><img decoding=\"async\" width=\"300\" height=\"253\" src=\"https:\/\/blogsaverroes.juntadeandalucia.es\/iesmarquesdecomares\/files\/2023\/04\/fotoganadora2-Sergio-Jodral-Estepa-300x253.jpg\" class=\"attachment-medium size-medium\" alt=\"\" srcset=\"https:\/\/blogsaverroes.juntadeandalucia.es\/iesmarquesdecomares\/files\/2023\/04\/fotoganadora2-Sergio-Jodral-Estepa-300x253.jpg 300w, https:\/\/blogsaverroes.juntadeandalucia.es\/iesmarquesdecomares\/files\/2023\/04\/fotoganadora2-Sergio-Jodral-Estepa-1024x864.jpg 1024w, https:\/\/blogsaverroes.juntadeandalucia.es\/iesmarquesdecomares\/files\/2023\/04\/fotoganadora2-Sergio-Jodral-Estepa-768x648.jpg 768w, https:\/\/blogsaverroes.juntadeandalucia.es\/iesmarquesdecomares\/files\/2023\/04\/fotoganadora2-Sergio-Jodral-Estepa-1536x1296.jpg 1536w, https:\/\/blogsaverroes.juntadeandalucia.es\/iesmarquesdecomares\/files\/2023\/04\/fotoganadora2-Sergio-Jodral-Estepa.jpg 1600w\" sizes=\"(max-width: 300px) 100vw, 300px\" \/><\/a>\n\t\t\t<\/dt><\/dl><br style=\"clear: both\" \/>\n\t\t<\/div>\n\n","protected":false},"excerpt":{"rendered":"<p>Despu\u00e9s de la celebraci\u00f3n de la I edici\u00f3n del concurso \u00ab\u00bfCu\u00e1ntas cifras de pi eres capaz de memorizar?\u00bb, nos complace anunciar que la ganadora de este a\u00f1o es nuestra alumna Carolina Torralbo Cort\u00e9s de&#46;&#46;&#46;<\/p>\n","protected":false},"author":8171,"featured_media":9566,"comment_status":"closed","ping_status":"open","sticky":false,"template":"","format":"standard","meta":{"ngg_post_thumbnail":0,"footnotes":""},"categories":[25506],"tags":[],"aioseo_notices":[],"_links":{"self":[{"href":"https:\/\/blogsaverroes.juntadeandalucia.es\/iesmarquesdecomares\/wp-json\/wp\/v2\/posts\/9563"}],"collection":[{"href":"https:\/\/blogsaverroes.juntadeandalucia.es\/iesmarquesdecomares\/wp-json\/wp\/v2\/posts"}],"about":[{"href":"https:\/\/blogsaverroes.juntadeandalucia.es\/iesmarquesdecomares\/wp-json\/wp\/v2\/types\/post"}],"author":[{"embeddable":true,"href":"https:\/\/blogsaverroes.juntadeandalucia.es\/iesmarquesdecomares\/wp-json\/wp\/v2\/users\/8171"}],"replies":[{"embeddable":true,"href":"https:\/\/blogsaverroes.juntadeandalucia.es\/iesmarquesdecomares\/wp-json\/wp\/v2\/comments?post=9563"}],"version-history":[{"count":1,"href":"https:\/\/blogsaverroes.juntadeandalucia.es\/iesmarquesdecomares\/wp-json\/wp\/v2\/posts\/9563\/revisions"}],"predecessor-version":[{"id":9569,"href":"https:\/\/blogsaverroes.juntadeandalucia.es\/iesmarquesdecomares\/wp-json\/wp\/v2\/posts\/9563\/revisions\/9569"}],"wp:featuredmedia":[{"embeddable":true,"href":"https:\/\/blogsaverroes.juntadeandalucia.es\/iesmarquesdecomares\/wp-json\/wp\/v2\/media\/9566"}],"wp:attachment":[{"href":"https:\/\/blogsaverroes.juntadeandalucia.es\/iesmarquesdecomares\/wp-json\/wp\/v2\/media?parent=9563"}],"wp:term":[{"taxonomy":"category","embeddable":true,"href":"https:\/\/blogsaverroes.juntadeandalucia.es\/iesmarquesdecomares\/wp-json\/wp\/v2\/categories?post=9563"},{"taxonomy":"post_tag","embeddable":true,"href":"https:\/\/blogsaverroes.juntadeandalucia.es\/iesmarquesdecomares\/wp-json\/wp\/v2\/tags?post=9563"}],"curies":[{"name":"wp","href":"https:\/\/api.w.org\/{rel}","templated":true}]}}