{"id":2288,"date":"2017-08-13T09:46:21","date_gmt":"2017-08-13T08:46:21","guid":{"rendered":"https:\/\/blogsaverroes.juntadeandalucia.es\/iesmartiricos\/?p=2288"},"modified":"2017-08-13T09:47:12","modified_gmt":"2017-08-13T08:47:12","slug":"escalera-sube-parece-volar","status":"publish","type":"post","link":"https:\/\/blogsaverroes.juntadeandalucia.es\/iesmartiricos\/2017\/08\/13\/escalera-sube-parece-volar\/","title":{"rendered":"Una escalera que sube y que parece volar"},"content":{"rendered":"<p dir=\"ltr\">En nuestro Instituto hay valiosos tesoros que parecen ocultos como el que proponemos. Se trata de la escalera principal que sube a la primera planta. Una escalera que &nbsp;resulta dif\u00edcil de reconocer en la segunda foto que acompa\u00f1o de la imagen actual que se ve desde la calle. A veces resulta penoso hablar de los tesoros ciertos de un centro que visto desde fuera ofrece una imagen degradada y necesitada de una rehabilitaci\u00f3n urgent\u00edsima que nunca llega.<\/p>\n<p dir=\"ltr\">La escalera ya se reprodujo en una anterior ocasi\u00f3n, pero ahora merece la pena detenerse en una descripci\u00f3n t\u00e9cnica que me facilita el arquitecto FranK J. Moreno al que agradezco su colaboraci\u00f3n<\/p>\n<p dir=\"ltr\">Exterior y abierta, -me escribe- la escalera proyectada por Miguel Fisac lleva al extremo el dise\u00f1o estructural de hormig\u00f3n armado con zanca central y formaci\u00f3n de pelda\u00f1o \u201cin situ\u201d que vuela sobre la zanca. Estructuralmente, se apoya en el arranque y en el desembarco, con un \u00fanico apoyo en el extremo de la zanca de la meseta, quedando todo el desarrollo visible. Intr\u00ednsecamente, la barandilla de tubo circular minimalista pasa desapercibida, con escasa materialidad, pero funcional. Con arranque perpendicular al plano de la viga y resto de balaustres verticales, recuerda las escaleras minimalistas de barcos, incluso por la apariencia liviana de la misma.<\/p>\n<p dir=\"ltr\">Acorde con los elementos estructurales que configuran el vuelo, visible tambi\u00e9n en la imagen, Fisac dise\u00f1aba espacios incorporando los mismos elementos estructurales, sin obviarlos ni ocultarlos. &nbsp;En este ejemplo, el volumen de la escalera se cierra junto con una prolongaci\u00f3n del vuelo del edificio en una geometr\u00eda perfecta de elementos tambi\u00e9n perfectos, propios del Movimiento Moderno de primeros de siglo.<\/p>\n<p dir=\"ltr\">Ah\u00ed es nada. \u00a1Y c\u00f3mo se ve ahora!. Mejor, c\u00f3mo no se ve.<\/p>\n<p dir=\"ltr\" style=\"text-align: center\"><a href=\"https:\/\/blogsaverroes.juntadeandalucia.es\/iesmartiricos\/files\/2017\/08\/escalera01.jpg\"><img loading=\"lazy\" decoding=\"async\" class=\"alignnone size-medium wp-image-2289\" src=\"https:\/\/blogsaverroes.juntadeandalucia.es\/iesmartiricos\/files\/2017\/08\/escalera01-226x300.jpg\" alt=\"\" height=\"300\" width=\"226\" srcset=\"https:\/\/blogsaverroes.juntadeandalucia.es\/iesmartiricos\/files\/2017\/08\/escalera01-226x300.jpg 226w, https:\/\/blogsaverroes.juntadeandalucia.es\/iesmartiricos\/files\/2017\/08\/escalera01-18x24.jpg 18w, https:\/\/blogsaverroes.juntadeandalucia.es\/iesmartiricos\/files\/2017\/08\/escalera01-27x36.jpg 27w, https:\/\/blogsaverroes.juntadeandalucia.es\/iesmartiricos\/files\/2017\/08\/escalera01-36x48.jpg 36w, https:\/\/blogsaverroes.juntadeandalucia.es\/iesmartiricos\/files\/2017\/08\/escalera01.jpg 241w\" sizes=\"(max-width: 226px) 100vw, 226px\" \/><\/a> <a href=\"https:\/\/blogsaverroes.juntadeandalucia.es\/iesmartiricos\/files\/2017\/08\/escalera02.jpg\"><img loading=\"lazy\" decoding=\"async\" class=\"alignnone size-medium wp-image-2290\" src=\"https:\/\/blogsaverroes.juntadeandalucia.es\/iesmartiricos\/files\/2017\/08\/escalera02-225x300.jpg\" alt=\"\" height=\"300\" width=\"225\" srcset=\"https:\/\/blogsaverroes.juntadeandalucia.es\/iesmartiricos\/files\/2017\/08\/escalera02-225x300.jpg 225w, https:\/\/blogsaverroes.juntadeandalucia.es\/iesmartiricos\/files\/2017\/08\/escalera02-18x24.jpg 18w, https:\/\/blogsaverroes.juntadeandalucia.es\/iesmartiricos\/files\/2017\/08\/escalera02-27x36.jpg 27w, https:\/\/blogsaverroes.juntadeandalucia.es\/iesmartiricos\/files\/2017\/08\/escalera02-36x48.jpg 36w, https:\/\/blogsaverroes.juntadeandalucia.es\/iesmartiricos\/files\/2017\/08\/escalera02.jpg 239w\" sizes=\"(max-width: 225px) 100vw, 225px\" \/><\/a><\/p>\n","protected":false},"excerpt":{"rendered":"<p>En nuestro Instituto hay valiosos tesoros que parecen ocultos como el que proponemos. Se trata de la escalera principal que sube a la primera planta. Una escalera que &nbsp;resulta dif\u00edcil de reconocer en la&#46;&#46;&#46;<\/p>\n","protected":false},"author":5036,"featured_media":2275,"comment_status":"open","ping_status":"open","sticky":false,"template":"","format":"standard","meta":{"ngg_post_thumbnail":0,"footnotes":""},"categories":[1180800],"tags":[],"aioseo_notices":[],"_links":{"self":[{"href":"https:\/\/blogsaverroes.juntadeandalucia.es\/iesmartiricos\/wp-json\/wp\/v2\/posts\/2288"}],"collection":[{"href":"https:\/\/blogsaverroes.juntadeandalucia.es\/iesmartiricos\/wp-json\/wp\/v2\/posts"}],"about":[{"href":"https:\/\/blogsaverroes.juntadeandalucia.es\/iesmartiricos\/wp-json\/wp\/v2\/types\/post"}],"author":[{"embeddable":true,"href":"https:\/\/blogsaverroes.juntadeandalucia.es\/iesmartiricos\/wp-json\/wp\/v2\/users\/5036"}],"replies":[{"embeddable":true,"href":"https:\/\/blogsaverroes.juntadeandalucia.es\/iesmartiricos\/wp-json\/wp\/v2\/comments?post=2288"}],"version-history":[{"count":1,"href":"https:\/\/blogsaverroes.juntadeandalucia.es\/iesmartiricos\/wp-json\/wp\/v2\/posts\/2288\/revisions"}],"predecessor-version":[{"id":2291,"href":"https:\/\/blogsaverroes.juntadeandalucia.es\/iesmartiricos\/wp-json\/wp\/v2\/posts\/2288\/revisions\/2291"}],"wp:featuredmedia":[{"embeddable":true,"href":"https:\/\/blogsaverroes.juntadeandalucia.es\/iesmartiricos\/wp-json\/wp\/v2\/media\/2275"}],"wp:attachment":[{"href":"https:\/\/blogsaverroes.juntadeandalucia.es\/iesmartiricos\/wp-json\/wp\/v2\/media?parent=2288"}],"wp:term":[{"taxonomy":"category","embeddable":true,"href":"https:\/\/blogsaverroes.juntadeandalucia.es\/iesmartiricos\/wp-json\/wp\/v2\/categories?post=2288"},{"taxonomy":"post_tag","embeddable":true,"href":"https:\/\/blogsaverroes.juntadeandalucia.es\/iesmartiricos\/wp-json\/wp\/v2\/tags?post=2288"}],"curies":[{"name":"wp","href":"https:\/\/api.w.org\/{rel}","templated":true}]}}