{"id":2308,"date":"2017-08-13T10:12:24","date_gmt":"2017-08-13T09:12:24","guid":{"rendered":"https:\/\/blogsaverroes.juntadeandalucia.es\/iesmartiricos\/?p=2308"},"modified":"2019-01-24T21:03:19","modified_gmt":"2019-01-24T20:03:19","slug":"joyas-bibliograficas-i","status":"publish","type":"post","link":"https:\/\/blogsaverroes.juntadeandalucia.es\/iesmartiricos\/2017\/08\/13\/joyas-bibliograficas-i\/","title":{"rendered":"Joyas bibliogr\u00e1ficas (I)"},"content":{"rendered":"<p>Esta serie de rese\u00f1as sobre los \u00abtesoros\u00bb de Martiricos se inaugur\u00f3 con la singular historia de la Biblioteca de nuestro centro que, con justicia, lleva el nombre de Mar\u00eda Teresa Bobadilla, catedr\u00e1tica de Lat\u00edn durante tantos a\u00f1os en el Instituto.<\/p>\n<p>Conviene ahora detenerse en algunos de los t\u00edtulos de su fondo hist\u00f3rico que formaron parte de la que ser\u00eda, desde 1895 y en el noble edificio de la calle Gaona, Biblioteca Provincial. Traemos a colaci\u00f3n algunos de singular valor por el car\u00e1cter y antig\u00fcedad de su edici\u00f3n.&nbsp; Si la encuadernaci\u00f3n y el formato pueden ser excepcionales -en piel o terciopelo y con profusi\u00f3n de dorados-, tambi\u00e9n son coherentes con la edici\u00f3n de obras que son referentes en la historia de la literatura y el ensayo, acompa\u00f1adas por lo general de extraordinarios grabados. Es el caso del <i>Fausto<\/i> de Goethe, con un pr\u00f3logo de Juan Valera y editada en Madrid en 1878 -48 x 36 cm-; <i>La Divina Comedia<\/i> de Dante Alighieri en dos tomos, ilustrada por Gustavo Dor\u00e9 y editada en Barcelona en 1884 -38 x 28 cm-; o <i>Las razas humanas<\/i> de Federico Ratzel, editada tambi\u00e9n en dos tomos en Barcelona en 1888 y, en este caso con una conservaci\u00f3n extraordinaria, como podemos observar, de su profuso dorado.<\/p>\n<p style=\"text-align: center\"><a href=\"https:\/\/blogsaverroes.juntadeandalucia.es\/iesmartiricos\/files\/2017\/08\/divina_comedia.jpg\"><img loading=\"lazy\" decoding=\"async\" class=\"alignnone size-medium wp-image-2309\" src=\"https:\/\/blogsaverroes.juntadeandalucia.es\/iesmartiricos\/files\/2017\/08\/divina_comedia-214x300.jpg\" alt=\"\" width=\"214\" height=\"300\" srcset=\"https:\/\/blogsaverroes.juntadeandalucia.es\/iesmartiricos\/files\/2017\/08\/divina_comedia-214x300.jpg 214w, https:\/\/blogsaverroes.juntadeandalucia.es\/iesmartiricos\/files\/2017\/08\/divina_comedia-17x24.jpg 17w, https:\/\/blogsaverroes.juntadeandalucia.es\/iesmartiricos\/files\/2017\/08\/divina_comedia-26x36.jpg 26w, https:\/\/blogsaverroes.juntadeandalucia.es\/iesmartiricos\/files\/2017\/08\/divina_comedia-34x48.jpg 34w, https:\/\/blogsaverroes.juntadeandalucia.es\/iesmartiricos\/files\/2017\/08\/divina_comedia.jpg 454w\" sizes=\"(max-width: 214px) 100vw, 214px\" \/><\/a> <a href=\"https:\/\/blogsaverroes.juntadeandalucia.es\/iesmartiricos\/files\/2017\/08\/fausto01.jpg\"><img loading=\"lazy\" decoding=\"async\" class=\"alignnone size-medium wp-image-2310\" src=\"https:\/\/blogsaverroes.juntadeandalucia.es\/iesmartiricos\/files\/2017\/08\/fausto01-229x300.jpg\" alt=\"\" width=\"229\" height=\"300\" srcset=\"https:\/\/blogsaverroes.juntadeandalucia.es\/iesmartiricos\/files\/2017\/08\/fausto01-229x300.jpg 229w, https:\/\/blogsaverroes.juntadeandalucia.es\/iesmartiricos\/files\/2017\/08\/fausto01-18x24.jpg 18w, https:\/\/blogsaverroes.juntadeandalucia.es\/iesmartiricos\/files\/2017\/08\/fausto01-28x36.jpg 28w, https:\/\/blogsaverroes.juntadeandalucia.es\/iesmartiricos\/files\/2017\/08\/fausto01-37x48.jpg 37w, https:\/\/blogsaverroes.juntadeandalucia.es\/iesmartiricos\/files\/2017\/08\/fausto01.jpg 461w\" sizes=\"(max-width: 229px) 100vw, 229px\" \/><\/a> <a href=\"https:\/\/blogsaverroes.juntadeandalucia.es\/iesmartiricos\/files\/2017\/08\/fausto02.jpg\"><img loading=\"lazy\" decoding=\"async\" class=\"alignnone size-medium wp-image-2311\" src=\"https:\/\/blogsaverroes.juntadeandalucia.es\/iesmartiricos\/files\/2017\/08\/fausto02-212x300.jpg\" alt=\"\" width=\"212\" height=\"300\" srcset=\"https:\/\/blogsaverroes.juntadeandalucia.es\/iesmartiricos\/files\/2017\/08\/fausto02-212x300.jpg 212w, https:\/\/blogsaverroes.juntadeandalucia.es\/iesmartiricos\/files\/2017\/08\/fausto02-17x24.jpg 17w, https:\/\/blogsaverroes.juntadeandalucia.es\/iesmartiricos\/files\/2017\/08\/fausto02-25x36.jpg 25w, https:\/\/blogsaverroes.juntadeandalucia.es\/iesmartiricos\/files\/2017\/08\/fausto02-34x48.jpg 34w, https:\/\/blogsaverroes.juntadeandalucia.es\/iesmartiricos\/files\/2017\/08\/fausto02.jpg 422w\" sizes=\"(max-width: 212px) 100vw, 212px\" \/><\/a> <a href=\"https:\/\/blogsaverroes.juntadeandalucia.es\/iesmartiricos\/files\/2017\/08\/razas.jpg\"><img loading=\"lazy\" decoding=\"async\" class=\"alignnone size-medium wp-image-2312\" src=\"https:\/\/blogsaverroes.juntadeandalucia.es\/iesmartiricos\/files\/2017\/08\/razas-199x300.jpg\" alt=\"\" width=\"199\" height=\"300\" srcset=\"https:\/\/blogsaverroes.juntadeandalucia.es\/iesmartiricos\/files\/2017\/08\/razas-199x300.jpg 199w, https:\/\/blogsaverroes.juntadeandalucia.es\/iesmartiricos\/files\/2017\/08\/razas-16x24.jpg 16w, https:\/\/blogsaverroes.juntadeandalucia.es\/iesmartiricos\/files\/2017\/08\/razas-24x36.jpg 24w, https:\/\/blogsaverroes.juntadeandalucia.es\/iesmartiricos\/files\/2017\/08\/razas-32x48.jpg 32w, https:\/\/blogsaverroes.juntadeandalucia.es\/iesmartiricos\/files\/2017\/08\/razas.jpg 411w\" sizes=\"(max-width: 199px) 100vw, 199px\" \/><\/a><\/p>\n","protected":false},"excerpt":{"rendered":"<p>Esta serie de rese\u00f1as sobre los \u00abtesoros\u00bb de Martiricos se inaugur\u00f3 con la singular historia de la Biblioteca de nuestro centro que, con justicia, lleva el nombre de Mar\u00eda Teresa Bobadilla, catedr\u00e1tica de Lat\u00edn&#46;&#46;&#46;<\/p>\n","protected":false},"author":5036,"featured_media":2310,"comment_status":"open","ping_status":"open","sticky":false,"template":"","format":"standard","meta":{"ngg_post_thumbnail":0,"footnotes":""},"categories":[1180834,1180800],"tags":[],"aioseo_notices":[],"_links":{"self":[{"href":"https:\/\/blogsaverroes.juntadeandalucia.es\/iesmartiricos\/wp-json\/wp\/v2\/posts\/2308"}],"collection":[{"href":"https:\/\/blogsaverroes.juntadeandalucia.es\/iesmartiricos\/wp-json\/wp\/v2\/posts"}],"about":[{"href":"https:\/\/blogsaverroes.juntadeandalucia.es\/iesmartiricos\/wp-json\/wp\/v2\/types\/post"}],"author":[{"embeddable":true,"href":"https:\/\/blogsaverroes.juntadeandalucia.es\/iesmartiricos\/wp-json\/wp\/v2\/users\/5036"}],"replies":[{"embeddable":true,"href":"https:\/\/blogsaverroes.juntadeandalucia.es\/iesmartiricos\/wp-json\/wp\/v2\/comments?post=2308"}],"version-history":[{"count":2,"href":"https:\/\/blogsaverroes.juntadeandalucia.es\/iesmartiricos\/wp-json\/wp\/v2\/posts\/2308\/revisions"}],"predecessor-version":[{"id":3685,"href":"https:\/\/blogsaverroes.juntadeandalucia.es\/iesmartiricos\/wp-json\/wp\/v2\/posts\/2308\/revisions\/3685"}],"wp:featuredmedia":[{"embeddable":true,"href":"https:\/\/blogsaverroes.juntadeandalucia.es\/iesmartiricos\/wp-json\/wp\/v2\/media\/2310"}],"wp:attachment":[{"href":"https:\/\/blogsaverroes.juntadeandalucia.es\/iesmartiricos\/wp-json\/wp\/v2\/media?parent=2308"}],"wp:term":[{"taxonomy":"category","embeddable":true,"href":"https:\/\/blogsaverroes.juntadeandalucia.es\/iesmartiricos\/wp-json\/wp\/v2\/categories?post=2308"},{"taxonomy":"post_tag","embeddable":true,"href":"https:\/\/blogsaverroes.juntadeandalucia.es\/iesmartiricos\/wp-json\/wp\/v2\/tags?post=2308"}],"curies":[{"name":"wp","href":"https:\/\/api.w.org\/{rel}","templated":true}]}}