{"id":2319,"date":"2017-08-13T10:20:12","date_gmt":"2017-08-13T09:20:12","guid":{"rendered":"https:\/\/blogsaverroes.juntadeandalucia.es\/iesmartiricos\/?p=2319"},"modified":"2017-08-13T10:20:12","modified_gmt":"2017-08-13T09:20:12","slug":"coleccion-de-grabados-islamicos-paris-1859","status":"publish","type":"post","link":"https:\/\/blogsaverroes.juntadeandalucia.es\/iesmartiricos\/2017\/08\/13\/coleccion-de-grabados-islamicos-paris-1859\/","title":{"rendered":"Colecci\u00f3n de grabados isl\u00e1micos (Par\u00eds \u00bf1859?)"},"content":{"rendered":"<p>Entre las peque\u00f1as colecciones con singular encanto que atesora nuestro Instituto, figura un conjunto de grabados de inspiraci\u00f3n oriental firmados por Eug\u00e8ne Collinot y A. de Beaumont e impresos por Delatre. Es dif\u00edcil para nosotros precisar la fecha de estos trabajos que hoy presiden enmarcados la Sala de Profesores. Sabemos del prestigio de ambos ceramistas que colaboraron juntos en la edici\u00f3n en 1859 de un Recueil de dessins pour l&#8217;art et l&#8217;industrie, una colecci\u00f3n 217 grabados en los que representaron la cer\u00e1mica isl\u00e1mica y de cristal que formaban su colecci\u00f3n o de la que hab\u00edan tenido conocimiento en sus viajes. Con un gran prestigio como ceramistas, en 1863 fundaron su propia f\u00e1brica en Bois de Boulogne que tuvo particular \u00e9xito con una decoraci\u00f3n azul y blanca en piezas de inspiraci\u00f3n isl\u00e1mica.<\/p>\n<p>Los grabados de que disponemos tienen un buen estado de conservaci\u00f3n y van identificados y acompa\u00f1ados de una sucinta descripci\u00f3n en franc\u00e9s f\u00e1cilmente reconocible; por ejemplo: \u00abMoiti\u00e9 d&#8217;un plat en laque de perse. Fond aventuriere, arabesque or relev\u00e9 de rouge, de jaune et de vert\u00bb.&nbsp; En alg\u00fan caso traducen el texto \u00e1rabe de una inscripci\u00f3n: \u00abHonneur \u00e0 notre maitre le sultan victorieux le savant le juste le guerrier, soutien de la religion et de la foi Mohammed fils de Kelaoun\u00bb.<\/p>\n<p style=\"text-align: center\"><a href=\"https:\/\/blogsaverroes.juntadeandalucia.es\/iesmartiricos\/files\/2017\/08\/grabados.jpg\"><img loading=\"lazy\" decoding=\"async\" class=\"alignnone size-medium wp-image-2320\" src=\"https:\/\/blogsaverroes.juntadeandalucia.es\/iesmartiricos\/files\/2017\/08\/grabados-223x300.jpg\" alt=\"\" height=\"300\" width=\"223\" srcset=\"https:\/\/blogsaverroes.juntadeandalucia.es\/iesmartiricos\/files\/2017\/08\/grabados-223x300.jpg 223w, https:\/\/blogsaverroes.juntadeandalucia.es\/iesmartiricos\/files\/2017\/08\/grabados-18x24.jpg 18w, https:\/\/blogsaverroes.juntadeandalucia.es\/iesmartiricos\/files\/2017\/08\/grabados-27x36.jpg 27w, https:\/\/blogsaverroes.juntadeandalucia.es\/iesmartiricos\/files\/2017\/08\/grabados-36x48.jpg 36w, https:\/\/blogsaverroes.juntadeandalucia.es\/iesmartiricos\/files\/2017\/08\/grabados.jpg 238w\" sizes=\"(max-width: 223px) 100vw, 223px\" \/><\/a> <a href=\"https:\/\/blogsaverroes.juntadeandalucia.es\/iesmartiricos\/files\/2017\/08\/grabados02.jpg\"><img loading=\"lazy\" decoding=\"async\" class=\"alignnone size-medium wp-image-2321\" src=\"https:\/\/blogsaverroes.juntadeandalucia.es\/iesmartiricos\/files\/2017\/08\/grabados02-218x300.jpg\" alt=\"\" height=\"300\" width=\"218\" srcset=\"https:\/\/blogsaverroes.juntadeandalucia.es\/iesmartiricos\/files\/2017\/08\/grabados02-218x300.jpg 218w, https:\/\/blogsaverroes.juntadeandalucia.es\/iesmartiricos\/files\/2017\/08\/grabados02-17x24.jpg 17w, https:\/\/blogsaverroes.juntadeandalucia.es\/iesmartiricos\/files\/2017\/08\/grabados02-26x36.jpg 26w, https:\/\/blogsaverroes.juntadeandalucia.es\/iesmartiricos\/files\/2017\/08\/grabados02-35x48.jpg 35w, https:\/\/blogsaverroes.juntadeandalucia.es\/iesmartiricos\/files\/2017\/08\/grabados02.jpg 232w\" sizes=\"(max-width: 218px) 100vw, 218px\" \/><\/a> <a href=\"https:\/\/blogsaverroes.juntadeandalucia.es\/iesmartiricos\/files\/2017\/08\/grabados03.jpg\"><img loading=\"lazy\" decoding=\"async\" class=\"alignnone size-medium wp-image-2322\" src=\"https:\/\/blogsaverroes.juntadeandalucia.es\/iesmartiricos\/files\/2017\/08\/grabados03-225x300.jpg\" alt=\"\" height=\"300\" width=\"225\" srcset=\"https:\/\/blogsaverroes.juntadeandalucia.es\/iesmartiricos\/files\/2017\/08\/grabados03-225x300.jpg 225w, https:\/\/blogsaverroes.juntadeandalucia.es\/iesmartiricos\/files\/2017\/08\/grabados03-18x24.jpg 18w, https:\/\/blogsaverroes.juntadeandalucia.es\/iesmartiricos\/files\/2017\/08\/grabados03-27x36.jpg 27w, https:\/\/blogsaverroes.juntadeandalucia.es\/iesmartiricos\/files\/2017\/08\/grabados03-36x48.jpg 36w, https:\/\/blogsaverroes.juntadeandalucia.es\/iesmartiricos\/files\/2017\/08\/grabados03.jpg 240w\" sizes=\"(max-width: 225px) 100vw, 225px\" \/><\/a><\/p>\n","protected":false},"excerpt":{"rendered":"<p>Entre las peque\u00f1as colecciones con singular encanto que atesora nuestro Instituto, figura un conjunto de grabados de inspiraci\u00f3n oriental firmados por Eug\u00e8ne Collinot y A. de Beaumont e impresos por Delatre. Es dif\u00edcil para&#46;&#46;&#46;<\/p>\n","protected":false},"author":5036,"featured_media":2322,"comment_status":"open","ping_status":"open","sticky":false,"template":"","format":"standard","meta":{"ngg_post_thumbnail":0,"footnotes":""},"categories":[1180800],"tags":[],"aioseo_notices":[],"_links":{"self":[{"href":"https:\/\/blogsaverroes.juntadeandalucia.es\/iesmartiricos\/wp-json\/wp\/v2\/posts\/2319"}],"collection":[{"href":"https:\/\/blogsaverroes.juntadeandalucia.es\/iesmartiricos\/wp-json\/wp\/v2\/posts"}],"about":[{"href":"https:\/\/blogsaverroes.juntadeandalucia.es\/iesmartiricos\/wp-json\/wp\/v2\/types\/post"}],"author":[{"embeddable":true,"href":"https:\/\/blogsaverroes.juntadeandalucia.es\/iesmartiricos\/wp-json\/wp\/v2\/users\/5036"}],"replies":[{"embeddable":true,"href":"https:\/\/blogsaverroes.juntadeandalucia.es\/iesmartiricos\/wp-json\/wp\/v2\/comments?post=2319"}],"version-history":[{"count":1,"href":"https:\/\/blogsaverroes.juntadeandalucia.es\/iesmartiricos\/wp-json\/wp\/v2\/posts\/2319\/revisions"}],"predecessor-version":[{"id":2323,"href":"https:\/\/blogsaverroes.juntadeandalucia.es\/iesmartiricos\/wp-json\/wp\/v2\/posts\/2319\/revisions\/2323"}],"wp:featuredmedia":[{"embeddable":true,"href":"https:\/\/blogsaverroes.juntadeandalucia.es\/iesmartiricos\/wp-json\/wp\/v2\/media\/2322"}],"wp:attachment":[{"href":"https:\/\/blogsaverroes.juntadeandalucia.es\/iesmartiricos\/wp-json\/wp\/v2\/media?parent=2319"}],"wp:term":[{"taxonomy":"category","embeddable":true,"href":"https:\/\/blogsaverroes.juntadeandalucia.es\/iesmartiricos\/wp-json\/wp\/v2\/categories?post=2319"},{"taxonomy":"post_tag","embeddable":true,"href":"https:\/\/blogsaverroes.juntadeandalucia.es\/iesmartiricos\/wp-json\/wp\/v2\/tags?post=2319"}],"curies":[{"name":"wp","href":"https:\/\/api.w.org\/{rel}","templated":true}]}}