{"id":2810,"date":"2018-03-01T21:23:33","date_gmt":"2018-03-01T20:23:33","guid":{"rendered":"https:\/\/blogsaverroes.juntadeandalucia.es\/iesmartiricos\/?p=2810"},"modified":"2020-03-14T13:39:38","modified_gmt":"2020-03-14T12:39:38","slug":"el-ies-nuestra-senora-de-la-victoria-declarado-instituto-historico-educativo-de-andalucia","status":"publish","type":"post","link":"https:\/\/blogsaverroes.juntadeandalucia.es\/iesmartiricos\/2018\/03\/01\/el-ies-nuestra-senora-de-la-victoria-declarado-instituto-historico-educativo-de-andalucia\/","title":{"rendered":"El IES Nuestra Se\u00f1ora de la Victoria, declarado Instituto Hist\u00f3rico-Educativo de Andaluc\u00eda"},"content":{"rendered":"<p><a href=\"https:\/\/blogsaverroes.juntadeandalucia.es\/iesmartiricos\/files\/2015\/05\/incio_web4.jpg\"><img loading=\"lazy\" decoding=\"async\" class=\"alignnone wp-image-2089\" src=\"https:\/\/blogsaverroes.juntadeandalucia.es\/iesmartiricos\/files\/2015\/05\/incio_web4-300x48.jpg\" alt=\"\" width=\"875\" height=\"140\" srcset=\"https:\/\/blogsaverroes.juntadeandalucia.es\/iesmartiricos\/files\/2015\/05\/incio_web4-300x48.jpg 300w, https:\/\/blogsaverroes.juntadeandalucia.es\/iesmartiricos\/files\/2015\/05\/incio_web4-1024x165.jpg 1024w, https:\/\/blogsaverroes.juntadeandalucia.es\/iesmartiricos\/files\/2015\/05\/incio_web4-24x4.jpg 24w, https:\/\/blogsaverroes.juntadeandalucia.es\/iesmartiricos\/files\/2015\/05\/incio_web4-36x6.jpg 36w, https:\/\/blogsaverroes.juntadeandalucia.es\/iesmartiricos\/files\/2015\/05\/incio_web4-48x8.jpg 48w, https:\/\/blogsaverroes.juntadeandalucia.es\/iesmartiricos\/files\/2015\/05\/incio_web4.jpg 1380w\" sizes=\"(max-width: 875px) 100vw, 875px\" \/><\/a><\/p>\n<p>En el d\u00eda de hoy, 1 de marzo de 2018, se ha publicado en BOJA el nombramiento del IES Nuestra Se\u00f1ora de la Victoria como <strong>Instituto Hist\u00f3rico-Educativo de Andaluc\u00eda.<\/strong><\/p>\n<p><a href=\"https:\/\/blogsaverroes.juntadeandalucia.es\/iesmartiricos\/files\/2018\/03\/BOJA_InstitutosHistoricoEducativosAndalucia.pdf\">BOJA_InstitutosHistoricoEducativosAndalucia<\/a><\/p>\n<p>Este reconocimiento viene a culminar el trabajo que, capitaneado por el incansable Pepe Jim\u00e9nez, antiguo alumno y profesor jubilado del centro, se ha venido realizando en los \u00faltimos cursos en la promoci\u00f3n y divulgaci\u00f3n del patrimonio de nuestro centro.<\/p>\n<p>Destacar tambi\u00e9n la incansable labor de Manuel Garrido, antiguo alumno del instituto y uno de los grandes divulgadores del mismo; sobre todo del museo de ciencias.<\/p>\n<p>Para la consecuci\u00f3n de este reconocimiento se ha tenido que presentar a la Consejer\u00eda de Educaci\u00f3n de la Junta de Andaluc\u00eda un exhaustivo informe, realizado por un equipo de profesores del centro: Vicente Cendrero, Ana Jurado, Encarnaci\u00f3n Torres, Javier Rosano, Juana Rodr\u00edguez, Pepe Jim\u00e9nez y Diego Palacios.<\/p>\n<p>Se adjunta todo el informe, separado en los diferentes documentos que ped\u00eda la convocatoria de la Junta.<\/p>\n<ul>\n<li><a href=\"https:\/\/blogsaverroes.juntadeandalucia.es\/iesmartiricos\/files\/2018\/03\/IESNtraSraVictoria_documento01.pdf\">IESNtraSraVictoria_documento01<\/a>&nbsp;Descripci\u00f3n detallada del patrimonio hist\u00f3rico-educativo que posee el centro a la fecha de la solicitud.<\/li>\n<li><a href=\"https:\/\/blogsaverroes.juntadeandalucia.es\/iesmartiricos\/files\/2018\/03\/IESNtraSraVictoria_documento02.pdf\">IESNtraSraVictoria_documento02<\/a>&nbsp;Historia resumida del centro y del origen de su patrimonio hist\u00f3rico educativo apoyada por bibliograf\u00eda (en los casos en que sea posible) y la documentaci\u00f3n que se estime conveniente<\/li>\n<li><a href=\"https:\/\/blogsaverroes.juntadeandalucia.es\/iesmartiricos\/files\/2018\/03\/IESNtraSraVictoria_documento03.pdf\">IESNtraSraVictoria_documento03<\/a>&nbsp;Actividades de difusi\u00f3n y divulgaci\u00f3n del patrimonio hist\u00f3rico-educativo realizadas por el centro o en las que haya participado<\/li>\n<li><a href=\"https:\/\/blogsaverroes.juntadeandalucia.es\/iesmartiricos\/files\/2018\/03\/IESNtraSraVictoria_documento04.pdf\">IESNtraSraVictoria_documento04<\/a>&nbsp;Indicaci\u00f3n de la participaci\u00f3n de miembros del claustro en actividades formativas y programas educativos en el \u00e1mbito de la innovaci\u00f3n e investigaci\u00f3n, relacionadas con el patrimonio hist\u00f3rico educativo o con la difusi\u00f3n de buenas pr\u00e1cticas sobre su uso como recurso did\u00e1ctico<\/li>\n<li><a href=\"https:\/\/blogsaverroes.juntadeandalucia.es\/iesmartiricos\/files\/2018\/03\/IESNtraSraVictoria_documento05.pdf\">IESNtraSraVictoria_documento05<\/a> Publicaciones, materiales educativos y recursos did\u00e1cticos en torno al Patrimonio elaborados por los docentes que formen o hayan formado parte del Claustro de Profesorado del centro<\/li>\n<li><a href=\"https:\/\/blogsaverroes.juntadeandalucia.es\/iesmartiricos\/files\/2018\/03\/IESNtraSraVictoria_documento06.pdf\">IESNtraSraVictoria_documento06<\/a>&nbsp;Relaci\u00f3n de Actuaciones y medidas incluidas en el proyecto educativo de centro.<\/li>\n<li><a href=\"https:\/\/blogsaverroes.juntadeandalucia.es\/iesmartiricos\/files\/2018\/03\/IESNtraSraVictoria_documento07.pdf\">IESNtraSraVictoria_documento07<\/a>&nbsp;Grado de implicaci\u00f3n de la Comunidad educativa en las actuaciones y medidas relacionadas con el patrimonio hist\u00f3rico-educativo.<\/li>\n<li><a href=\"https:\/\/blogsaverroes.juntadeandalucia.es\/iesmartiricos\/files\/2018\/03\/IESNtraSraVictoria_documento08.pdf\">IESNtraSraVictoria_documento08<\/a>&nbsp;Colaboraci\u00f3n con otros agentes, entidades u organismos en relaci\u00f3n con el patrimonio hist\u00f3rico-educativo que posee el centro.<\/li>\n<\/ul>\n<p>\u00a1Enhorabuena a toda la comunidad educativa por esta fabulosa noticia!<\/p>\n<p>&nbsp;<\/p>\n","protected":false},"excerpt":{"rendered":"<p>En el d\u00eda de hoy, 1 de marzo de 2018, se ha publicado en BOJA el nombramiento del IES Nuestra Se\u00f1ora de la Victoria como Instituto Hist\u00f3rico-Educativo de Andaluc\u00eda. BOJA_InstitutosHistoricoEducativosAndalucia Este reconocimiento viene a&#46;&#46;&#46;<\/p>\n","protected":false},"author":5036,"featured_media":2811,"comment_status":"open","ping_status":"open","sticky":false,"template":"","format":"standard","meta":{"ngg_post_thumbnail":0,"footnotes":""},"categories":[1180802,526],"tags":[],"aioseo_notices":[],"_links":{"self":[{"href":"https:\/\/blogsaverroes.juntadeandalucia.es\/iesmartiricos\/wp-json\/wp\/v2\/posts\/2810"}],"collection":[{"href":"https:\/\/blogsaverroes.juntadeandalucia.es\/iesmartiricos\/wp-json\/wp\/v2\/posts"}],"about":[{"href":"https:\/\/blogsaverroes.juntadeandalucia.es\/iesmartiricos\/wp-json\/wp\/v2\/types\/post"}],"author":[{"embeddable":true,"href":"https:\/\/blogsaverroes.juntadeandalucia.es\/iesmartiricos\/wp-json\/wp\/v2\/users\/5036"}],"replies":[{"embeddable":true,"href":"https:\/\/blogsaverroes.juntadeandalucia.es\/iesmartiricos\/wp-json\/wp\/v2\/comments?post=2810"}],"version-history":[{"count":4,"href":"https:\/\/blogsaverroes.juntadeandalucia.es\/iesmartiricos\/wp-json\/wp\/v2\/posts\/2810\/revisions"}],"predecessor-version":[{"id":3147,"href":"https:\/\/blogsaverroes.juntadeandalucia.es\/iesmartiricos\/wp-json\/wp\/v2\/posts\/2810\/revisions\/3147"}],"wp:featuredmedia":[{"embeddable":true,"href":"https:\/\/blogsaverroes.juntadeandalucia.es\/iesmartiricos\/wp-json\/wp\/v2\/media\/2811"}],"wp:attachment":[{"href":"https:\/\/blogsaverroes.juntadeandalucia.es\/iesmartiricos\/wp-json\/wp\/v2\/media?parent=2810"}],"wp:term":[{"taxonomy":"category","embeddable":true,"href":"https:\/\/blogsaverroes.juntadeandalucia.es\/iesmartiricos\/wp-json\/wp\/v2\/categories?post=2810"},{"taxonomy":"post_tag","embeddable":true,"href":"https:\/\/blogsaverroes.juntadeandalucia.es\/iesmartiricos\/wp-json\/wp\/v2\/tags?post=2810"}],"curies":[{"name":"wp","href":"https:\/\/api.w.org\/{rel}","templated":true}]}}