{"id":3589,"date":"2018-11-29T23:46:15","date_gmt":"2018-11-29T22:46:15","guid":{"rendered":"https:\/\/blogsaverroes.juntadeandalucia.es\/iesmartiricos\/?p=3589"},"modified":"2019-06-02T21:11:12","modified_gmt":"2019-06-02T20:11:12","slug":"3589","status":"publish","type":"post","link":"https:\/\/blogsaverroes.juntadeandalucia.es\/iesmartiricos\/2018\/11\/29\/3589\/","title":{"rendered":"25 de noviembre. D\u00eda contra la Violencia de G\u00e9nero"},"content":{"rendered":"<p>Con motivo del 25 de noviembre, d\u00eda contra la violencia de g\u00e9nero, el alumnado de 2\u00ba ESO B, dirigido por la profesora Irina Pelegr\u00edn, realizaron este estupendo trabajo.<\/p>\n<p>Con la base de un rap compuesto para la ocasi\u00f3n por Jos\u00e9 Garc\u00eda Haro, han grabado este video que nuestra compa\u00f1era ha montado con todo el cari\u00f1o.<\/p>\n<p>Es el \u00faltimo regalo que nos ha brindado antes de comenzar una nueva etapa en otro centro.<\/p>\n<p>Irina, desde el instituto de Martiricos te deseamos lo mejor.<\/p>\n<p>[youtube https:\/\/www.youtube.com\/watch?v=kiqmGwd7a-I]<\/p>\n<p>&nbsp;<\/p>\n","protected":false},"excerpt":{"rendered":"<p>Con motivo del 25 de noviembre, d\u00eda contra la violencia de g\u00e9nero, el alumnado de 2\u00ba ESO B, dirigido por la profesora Irina Pelegr\u00edn, realizaron este estupendo trabajo. Con la base de un rap&#46;&#46;&#46;<\/p>\n","protected":false},"author":5036,"featured_media":3590,"comment_status":"open","ping_status":"open","sticky":false,"template":"","format":"video","meta":{"ngg_post_thumbnail":0,"footnotes":""},"categories":[5991,3987,526],"tags":[],"aioseo_notices":[],"_links":{"self":[{"href":"https:\/\/blogsaverroes.juntadeandalucia.es\/iesmartiricos\/wp-json\/wp\/v2\/posts\/3589"}],"collection":[{"href":"https:\/\/blogsaverroes.juntadeandalucia.es\/iesmartiricos\/wp-json\/wp\/v2\/posts"}],"about":[{"href":"https:\/\/blogsaverroes.juntadeandalucia.es\/iesmartiricos\/wp-json\/wp\/v2\/types\/post"}],"author":[{"embeddable":true,"href":"https:\/\/blogsaverroes.juntadeandalucia.es\/iesmartiricos\/wp-json\/wp\/v2\/users\/5036"}],"replies":[{"embeddable":true,"href":"https:\/\/blogsaverroes.juntadeandalucia.es\/iesmartiricos\/wp-json\/wp\/v2\/comments?post=3589"}],"version-history":[{"count":2,"href":"https:\/\/blogsaverroes.juntadeandalucia.es\/iesmartiricos\/wp-json\/wp\/v2\/posts\/3589\/revisions"}],"predecessor-version":[{"id":3592,"href":"https:\/\/blogsaverroes.juntadeandalucia.es\/iesmartiricos\/wp-json\/wp\/v2\/posts\/3589\/revisions\/3592"}],"wp:featuredmedia":[{"embeddable":true,"href":"https:\/\/blogsaverroes.juntadeandalucia.es\/iesmartiricos\/wp-json\/wp\/v2\/media\/3590"}],"wp:attachment":[{"href":"https:\/\/blogsaverroes.juntadeandalucia.es\/iesmartiricos\/wp-json\/wp\/v2\/media?parent=3589"}],"wp:term":[{"taxonomy":"category","embeddable":true,"href":"https:\/\/blogsaverroes.juntadeandalucia.es\/iesmartiricos\/wp-json\/wp\/v2\/categories?post=3589"},{"taxonomy":"post_tag","embeddable":true,"href":"https:\/\/blogsaverroes.juntadeandalucia.es\/iesmartiricos\/wp-json\/wp\/v2\/tags?post=3589"}],"curies":[{"name":"wp","href":"https:\/\/api.w.org\/{rel}","templated":true}]}}