{"id":3846,"date":"2019-04-01T18:35:09","date_gmt":"2019-04-01T17:35:09","guid":{"rendered":"https:\/\/blogsaverroes.juntadeandalucia.es\/iesmartiricos\/?p=3846"},"modified":"2019-09-29T17:09:43","modified_gmt":"2019-09-29T16:09:43","slug":"intercambio-2019","status":"publish","type":"post","link":"https:\/\/blogsaverroes.juntadeandalucia.es\/iesmartiricos\/2019\/04\/01\/intercambio-2019\/","title":{"rendered":"Intercambio 2019"},"content":{"rendered":"<p>Como el pasado curso, este a\u00f1o hemos realizado un intercambio con un centro de otro pa\u00eds. En este caso ha sido un instituto franc\u00e9s, de un pueblo llamado Roanne, situado muy cerquita de Lyon.<\/p>\n<p>Alumnos de 2\u00ba, 3\u00ba y 4\u00ba ESO est\u00e1n disfrutando de este intercambio. Esta primera semana de abril ellos estar\u00e1n en Francia, acogidos por familias de Roanne; y durante la primera semana de mayo los alumnos franceses nos visitar\u00e1n, qued\u00e1ndose en las casas de nuestros alumnos.<\/p>\n<p>En estas semanas, alumnos de ambos centros estar\u00e1n practicando adem\u00e1s de espa\u00f1ol y franc\u00e9s, el idioma ingl\u00e9s, ya que el intercambio es en dicho idioma.<\/p>\n<p>Os dejamos algunas fotos para que ve\u00e1is c\u00f3mo va esta actividad.<\/p>\n<p><a href=\"https:\/\/blogsaverroes.juntadeandalucia.es\/iesmartiricos\/files\/2019\/04\/IMG-20190401-WA0013.jpg\"><img loading=\"lazy\" decoding=\"async\" class=\"alignnone size-full wp-image-3847\" src=\"https:\/\/blogsaverroes.juntadeandalucia.es\/iesmartiricos\/files\/2019\/04\/IMG-20190401-WA0013.jpg\" alt=\"\" width=\"898\" height=\"1600\" srcset=\"https:\/\/blogsaverroes.juntadeandalucia.es\/iesmartiricos\/files\/2019\/04\/IMG-20190401-WA0013.jpg 898w, https:\/\/blogsaverroes.juntadeandalucia.es\/iesmartiricos\/files\/2019\/04\/IMG-20190401-WA0013-168x300.jpg 168w, https:\/\/blogsaverroes.juntadeandalucia.es\/iesmartiricos\/files\/2019\/04\/IMG-20190401-WA0013-575x1024.jpg 575w, https:\/\/blogsaverroes.juntadeandalucia.es\/iesmartiricos\/files\/2019\/04\/IMG-20190401-WA0013-13x24.jpg 13w, https:\/\/blogsaverroes.juntadeandalucia.es\/iesmartiricos\/files\/2019\/04\/IMG-20190401-WA0013-20x36.jpg 20w, https:\/\/blogsaverroes.juntadeandalucia.es\/iesmartiricos\/files\/2019\/04\/IMG-20190401-WA0013-27x48.jpg 27w\" sizes=\"(max-width: 898px) 100vw, 898px\" \/><\/a> <a href=\"https:\/\/blogsaverroes.juntadeandalucia.es\/iesmartiricos\/files\/2019\/04\/IMG-20190401-WA0007.jpg\"><img loading=\"lazy\" decoding=\"async\" class=\"alignnone size-full wp-image-3848\" src=\"https:\/\/blogsaverroes.juntadeandalucia.es\/iesmartiricos\/files\/2019\/04\/IMG-20190401-WA0007.jpg\" alt=\"\" width=\"898\" height=\"1600\" srcset=\"https:\/\/blogsaverroes.juntadeandalucia.es\/iesmartiricos\/files\/2019\/04\/IMG-20190401-WA0007.jpg 898w, https:\/\/blogsaverroes.juntadeandalucia.es\/iesmartiricos\/files\/2019\/04\/IMG-20190401-WA0007-168x300.jpg 168w, https:\/\/blogsaverroes.juntadeandalucia.es\/iesmartiricos\/files\/2019\/04\/IMG-20190401-WA0007-575x1024.jpg 575w, https:\/\/blogsaverroes.juntadeandalucia.es\/iesmartiricos\/files\/2019\/04\/IMG-20190401-WA0007-13x24.jpg 13w, https:\/\/blogsaverroes.juntadeandalucia.es\/iesmartiricos\/files\/2019\/04\/IMG-20190401-WA0007-20x36.jpg 20w, https:\/\/blogsaverroes.juntadeandalucia.es\/iesmartiricos\/files\/2019\/04\/IMG-20190401-WA0007-27x48.jpg 27w\" sizes=\"(max-width: 898px) 100vw, 898px\" \/><\/a> <a href=\"https:\/\/blogsaverroes.juntadeandalucia.es\/iesmartiricos\/files\/2019\/04\/IMG-20190401-WA0006.jpg\"><img loading=\"lazy\" decoding=\"async\" class=\"alignnone size-full wp-image-3849\" src=\"https:\/\/blogsaverroes.juntadeandalucia.es\/iesmartiricos\/files\/2019\/04\/IMG-20190401-WA0006.jpg\" alt=\"\" width=\"1600\" height=\"900\" srcset=\"https:\/\/blogsaverroes.juntadeandalucia.es\/iesmartiricos\/files\/2019\/04\/IMG-20190401-WA0006.jpg 1600w, https:\/\/blogsaverroes.juntadeandalucia.es\/iesmartiricos\/files\/2019\/04\/IMG-20190401-WA0006-300x169.jpg 300w, https:\/\/blogsaverroes.juntadeandalucia.es\/iesmartiricos\/files\/2019\/04\/IMG-20190401-WA0006-1024x576.jpg 1024w, https:\/\/blogsaverroes.juntadeandalucia.es\/iesmartiricos\/files\/2019\/04\/IMG-20190401-WA0006-24x14.jpg 24w, https:\/\/blogsaverroes.juntadeandalucia.es\/iesmartiricos\/files\/2019\/04\/IMG-20190401-WA0006-36x20.jpg 36w, https:\/\/blogsaverroes.juntadeandalucia.es\/iesmartiricos\/files\/2019\/04\/IMG-20190401-WA0006-48x27.jpg 48w\" sizes=\"(max-width: 1600px) 100vw, 1600px\" \/><\/a> <a href=\"https:\/\/blogsaverroes.juntadeandalucia.es\/iesmartiricos\/files\/2019\/04\/IMG-20190401-WA0002.jpg\"><img loading=\"lazy\" decoding=\"async\" class=\"alignnone size-full wp-image-3850\" src=\"https:\/\/blogsaverroes.juntadeandalucia.es\/iesmartiricos\/files\/2019\/04\/IMG-20190401-WA0002.jpg\" alt=\"\" width=\"1200\" height=\"1600\" srcset=\"https:\/\/blogsaverroes.juntadeandalucia.es\/iesmartiricos\/files\/2019\/04\/IMG-20190401-WA0002.jpg 1200w, https:\/\/blogsaverroes.juntadeandalucia.es\/iesmartiricos\/files\/2019\/04\/IMG-20190401-WA0002-225x300.jpg 225w, https:\/\/blogsaverroes.juntadeandalucia.es\/iesmartiricos\/files\/2019\/04\/IMG-20190401-WA0002-768x1024.jpg 768w, https:\/\/blogsaverroes.juntadeandalucia.es\/iesmartiricos\/files\/2019\/04\/IMG-20190401-WA0002-18x24.jpg 18w, https:\/\/blogsaverroes.juntadeandalucia.es\/iesmartiricos\/files\/2019\/04\/IMG-20190401-WA0002-27x36.jpg 27w, https:\/\/blogsaverroes.juntadeandalucia.es\/iesmartiricos\/files\/2019\/04\/IMG-20190401-WA0002-36x48.jpg 36w\" sizes=\"(max-width: 1200px) 100vw, 1200px\" \/><\/a><\/p>\n","protected":false},"excerpt":{"rendered":"<p>Como el pasado curso, este a\u00f1o hemos realizado un intercambio con un centro de otro pa\u00eds. En este caso ha sido un instituto franc\u00e9s, de un pueblo llamado Roanne, situado muy cerquita de Lyon.&#46;&#46;&#46;<\/p>\n","protected":false},"author":5036,"featured_media":3851,"comment_status":"open","ping_status":"open","sticky":false,"template":"","format":"standard","meta":{"ngg_post_thumbnail":0,"footnotes":""},"categories":[5991,1896771,526],"tags":[],"aioseo_notices":[],"_links":{"self":[{"href":"https:\/\/blogsaverroes.juntadeandalucia.es\/iesmartiricos\/wp-json\/wp\/v2\/posts\/3846"}],"collection":[{"href":"https:\/\/blogsaverroes.juntadeandalucia.es\/iesmartiricos\/wp-json\/wp\/v2\/posts"}],"about":[{"href":"https:\/\/blogsaverroes.juntadeandalucia.es\/iesmartiricos\/wp-json\/wp\/v2\/types\/post"}],"author":[{"embeddable":true,"href":"https:\/\/blogsaverroes.juntadeandalucia.es\/iesmartiricos\/wp-json\/wp\/v2\/users\/5036"}],"replies":[{"embeddable":true,"href":"https:\/\/blogsaverroes.juntadeandalucia.es\/iesmartiricos\/wp-json\/wp\/v2\/comments?post=3846"}],"version-history":[{"count":1,"href":"https:\/\/blogsaverroes.juntadeandalucia.es\/iesmartiricos\/wp-json\/wp\/v2\/posts\/3846\/revisions"}],"predecessor-version":[{"id":3852,"href":"https:\/\/blogsaverroes.juntadeandalucia.es\/iesmartiricos\/wp-json\/wp\/v2\/posts\/3846\/revisions\/3852"}],"wp:featuredmedia":[{"embeddable":true,"href":"https:\/\/blogsaverroes.juntadeandalucia.es\/iesmartiricos\/wp-json\/wp\/v2\/media\/3851"}],"wp:attachment":[{"href":"https:\/\/blogsaverroes.juntadeandalucia.es\/iesmartiricos\/wp-json\/wp\/v2\/media?parent=3846"}],"wp:term":[{"taxonomy":"category","embeddable":true,"href":"https:\/\/blogsaverroes.juntadeandalucia.es\/iesmartiricos\/wp-json\/wp\/v2\/categories?post=3846"},{"taxonomy":"post_tag","embeddable":true,"href":"https:\/\/blogsaverroes.juntadeandalucia.es\/iesmartiricos\/wp-json\/wp\/v2\/tags?post=3846"}],"curies":[{"name":"wp","href":"https:\/\/api.w.org\/{rel}","templated":true}]}}