{"id":4624,"date":"2020-09-07T20:46:02","date_gmt":"2020-09-07T19:46:02","guid":{"rendered":"https:\/\/blogsaverroes.juntadeandalucia.es\/iesmartiricos\/?p=4624"},"modified":"2021-12-20T17:35:47","modified_gmt":"2021-12-20T16:35:47","slug":"4624","status":"publish","type":"post","link":"https:\/\/blogsaverroes.juntadeandalucia.es\/iesmartiricos\/2020\/09\/07\/4624\/","title":{"rendered":"PROTOCOLO COVID-19. EXPLICACI\u00d3N"},"content":{"rendered":"<p style=\"text-align: center\"><strong>PROTOCOLO COVID<\/strong><\/p>\n<p>Aqu\u00ed ten\u00e9is la primera versi\u00f3n del protocolo COVID del IES Nuestra Se\u00f1ora de la Victoria (Martiricos).<\/p>\n<p>Es un documento vivo, modificable conforme salga nueva normativo o vayamos viendo que hay cosas que pudiesen ir mejor. La idea es hacer un instituto seguro, donde podamos tener la educaci\u00f3n que todos los chicos y chichas merecen.<\/p>\n<p>Si quieres verlo, puedes descargarlo aqu\u00ed. PROTOCOLO (versi\u00f3n 5. Actualizado el 3 de marzo de 2021)<\/p>\n<p><a href=\"https:\/\/blogsaverroes.juntadeandalucia.es\/iesmartiricos\/files\/2020\/09\/ProtocoloCovid.V5.pdf\">ProtocoloCovid.V5<\/a><\/p>\n<p>Tambi\u00e9n puedes acceder a la explicaci\u00f3n del protocolo que tuvimos en Youtube el pasado viernes 11 de septiembre. Est\u00e1 en 2 v\u00eddeos, por problemas t\u00e9cnicos.<\/p>\n<ul>\n<li>El primero de los v\u00eddeos es la explicaci\u00f3n del protocolo<\/li>\n<li>El segundo, la resoluci\u00f3n de dudas<\/li>\n<\/ul>\n<p>[youtube https:\/\/www.youtube.com\/watch?v=5ur9FglIFsg]<\/p>\n<p>[youtube https:\/\/www.youtube.com\/watch?v=dRP4tAgsZ9I]<br \/>\n&nbsp;<\/p>\n","protected":false},"excerpt":{"rendered":"<p>PROTOCOLO COVID Aqu\u00ed ten\u00e9is la primera versi\u00f3n del protocolo COVID del IES Nuestra Se\u00f1ora de la Victoria (Martiricos). Es un documento vivo, modificable conforme salga nueva normativo o vayamos viendo que hay cosas que&#46;&#46;&#46;<\/p>\n","protected":false},"author":5036,"featured_media":4626,"comment_status":"closed","ping_status":"closed","sticky":false,"template":"","format":"standard","meta":{"ngg_post_thumbnail":0,"footnotes":""},"categories":[1896775,526],"tags":[],"aioseo_notices":[],"_links":{"self":[{"href":"https:\/\/blogsaverroes.juntadeandalucia.es\/iesmartiricos\/wp-json\/wp\/v2\/posts\/4624"}],"collection":[{"href":"https:\/\/blogsaverroes.juntadeandalucia.es\/iesmartiricos\/wp-json\/wp\/v2\/posts"}],"about":[{"href":"https:\/\/blogsaverroes.juntadeandalucia.es\/iesmartiricos\/wp-json\/wp\/v2\/types\/post"}],"author":[{"embeddable":true,"href":"https:\/\/blogsaverroes.juntadeandalucia.es\/iesmartiricos\/wp-json\/wp\/v2\/users\/5036"}],"replies":[{"embeddable":true,"href":"https:\/\/blogsaverroes.juntadeandalucia.es\/iesmartiricos\/wp-json\/wp\/v2\/comments?post=4624"}],"version-history":[{"count":7,"href":"https:\/\/blogsaverroes.juntadeandalucia.es\/iesmartiricos\/wp-json\/wp\/v2\/posts\/4624\/revisions"}],"predecessor-version":[{"id":4787,"href":"https:\/\/blogsaverroes.juntadeandalucia.es\/iesmartiricos\/wp-json\/wp\/v2\/posts\/4624\/revisions\/4787"}],"wp:featuredmedia":[{"embeddable":true,"href":"https:\/\/blogsaverroes.juntadeandalucia.es\/iesmartiricos\/wp-json\/wp\/v2\/media\/4626"}],"wp:attachment":[{"href":"https:\/\/blogsaverroes.juntadeandalucia.es\/iesmartiricos\/wp-json\/wp\/v2\/media?parent=4624"}],"wp:term":[{"taxonomy":"category","embeddable":true,"href":"https:\/\/blogsaverroes.juntadeandalucia.es\/iesmartiricos\/wp-json\/wp\/v2\/categories?post=4624"},{"taxonomy":"post_tag","embeddable":true,"href":"https:\/\/blogsaverroes.juntadeandalucia.es\/iesmartiricos\/wp-json\/wp\/v2\/tags?post=4624"}],"curies":[{"name":"wp","href":"https:\/\/api.w.org\/{rel}","templated":true}]}}