{"id":2564,"date":"2024-06-03T11:03:25","date_gmt":"2024-06-03T11:03:25","guid":{"rendered":"https:\/\/blogsaverroes.juntadeandalucia.es\/iesmateoaleman\/?p=2564"},"modified":"2024-06-27T15:35:17","modified_gmt":"2024-06-27T15:35:17","slug":"escolarizacion-de-adultos-espa","status":"publish","type":"post","link":"https:\/\/blogsaverroes.juntadeandalucia.es\/iesmateoaleman\/2024\/06\/03\/escolarizacion-de-adultos-espa\/","title":{"rendered":"Escolarizaci\u00f3n de Adultos (ESPA)"},"content":{"rendered":"<p>En nuestro centro puedes estudiar el <strong>Nivel II<\/strong> de la <strong>Educaci\u00f3n Secundaria para Personas Adultas (ESPA)<\/strong> y obtener el <strong>T\u00edtulo de Graduado en ESO<\/strong>. Se trata de una ense\u00f1anza <strong>semipresencial<\/strong>, con <strong>8 horas<\/strong> <strong>de clases presenciales semanales<\/strong>, distribuidas en <strong>dos d\u00edas<\/strong> (martes y jueves), <strong>de 17:00 a 21:15<\/strong> cada d\u00eda, con un descanso de 19:00 a 19:15.<\/p>\n<table style=\"border-collapse: collapse;width: 100%\">\n<tbody>\n<tr>\n<td style=\"width: 25%;text-align: center\"><a title=\"Acceso\" href=\"https:\/\/www.juntadeandalucia.es\/educacion\/portals\/web\/educacion-permanente\/eso\/requisitos\" target=\"_blank\" rel=\"noopener\"><strong>Requisitos de acceso<\/strong><\/a><\/td>\n<td style=\"width: 25%;text-align: center\"><a title=\"Calendario\" href=\"https:\/\/www.juntadeandalucia.es\/educacion\/portals\/web\/educacion-permanente\/eso\/calendario\" target=\"_blank\" rel=\"noopener\"><strong>Calendario<\/strong><\/a><\/td>\n<td style=\"width: 25%;text-align: center\"><a title=\"Tramitaci\u00f3n\" href=\"https:\/\/www.juntadeandalucia.es\/educacion\/portals\/web\/educacion-permanente\/eso\/tramitacion\" target=\"_blank\" rel=\"noopener\"><strong>Tramitaci\u00f3n<\/strong><\/a><\/td>\n<td style=\"width: 25%;text-align: center\"><a title=\"Convalidaciones\" href=\"https:\/\/www.juntadeandalucia.es\/educacion\/portals\/web\/educacion-permanente\/eso\/equivalencias\" target=\"_blank\" rel=\"noopener\"><strong>Convalidaciones<\/strong><\/a><\/td>\n<\/tr>\n<\/tbody>\n<\/table>\n","protected":false},"excerpt":{"rendered":"<p>En nuestro centro puedes estudiar el Nivel II de la Educaci\u00f3n Secundaria para Personas Adultas (ESPA) y obtener el T\u00edtulo de Graduado en ESO. Se trata de una ense\u00f1anza semipresencial, con 8 horas de&#46;&#46;&#46;<\/p>\n","protected":false},"author":1946,"featured_media":2487,"comment_status":"closed","ping_status":"closed","sticky":false,"template":"","format":"standard","meta":{"ngg_post_thumbnail":0,"footnotes":""},"categories":[307429],"tags":[307431,8689,307430],"aioseo_notices":[],"_links":{"self":[{"href":"https:\/\/blogsaverroes.juntadeandalucia.es\/iesmateoaleman\/wp-json\/wp\/v2\/posts\/2564"}],"collection":[{"href":"https:\/\/blogsaverroes.juntadeandalucia.es\/iesmateoaleman\/wp-json\/wp\/v2\/posts"}],"about":[{"href":"https:\/\/blogsaverroes.juntadeandalucia.es\/iesmateoaleman\/wp-json\/wp\/v2\/types\/post"}],"author":[{"embeddable":true,"href":"https:\/\/blogsaverroes.juntadeandalucia.es\/iesmateoaleman\/wp-json\/wp\/v2\/users\/1946"}],"replies":[{"embeddable":true,"href":"https:\/\/blogsaverroes.juntadeandalucia.es\/iesmateoaleman\/wp-json\/wp\/v2\/comments?post=2564"}],"version-history":[{"count":4,"href":"https:\/\/blogsaverroes.juntadeandalucia.es\/iesmateoaleman\/wp-json\/wp\/v2\/posts\/2564\/revisions"}],"predecessor-version":[{"id":2571,"href":"https:\/\/blogsaverroes.juntadeandalucia.es\/iesmateoaleman\/wp-json\/wp\/v2\/posts\/2564\/revisions\/2571"}],"wp:featuredmedia":[{"embeddable":true,"href":"https:\/\/blogsaverroes.juntadeandalucia.es\/iesmateoaleman\/wp-json\/wp\/v2\/media\/2487"}],"wp:attachment":[{"href":"https:\/\/blogsaverroes.juntadeandalucia.es\/iesmateoaleman\/wp-json\/wp\/v2\/media?parent=2564"}],"wp:term":[{"taxonomy":"category","embeddable":true,"href":"https:\/\/blogsaverroes.juntadeandalucia.es\/iesmateoaleman\/wp-json\/wp\/v2\/categories?post=2564"},{"taxonomy":"post_tag","embeddable":true,"href":"https:\/\/blogsaverroes.juntadeandalucia.es\/iesmateoaleman\/wp-json\/wp\/v2\/tags?post=2564"}],"curies":[{"name":"wp","href":"https:\/\/api.w.org\/{rel}","templated":true}]}}