{"id":2603,"date":"2024-09-02T10:26:17","date_gmt":"2024-09-02T10:26:17","guid":{"rendered":"https:\/\/blogsaverroes.juntadeandalucia.es\/iesmateoaleman\/?p=2603"},"modified":"2024-09-02T10:26:17","modified_gmt":"2024-09-02T10:26:17","slug":"matricula-extraordinaria-espa","status":"publish","type":"post","link":"https:\/\/blogsaverroes.juntadeandalucia.es\/iesmateoaleman\/2024\/09\/02\/matricula-extraordinaria-espa\/","title":{"rendered":"Matr\u00edcula extraordinaria ESPA"},"content":{"rendered":"<div class=\"x11i5rnm xat24cr x1mh8g0r x1vvkbs xtlvy1s x126k92a\">\n<div dir=\"auto\">El <strong>plazo extraordinario de matriculaci\u00f3n<\/strong> en la ESPA es <strong>del 2 de septiembre al 15 de octubre<\/strong>. El curso empieza el <strong>17 de septiembre<\/strong>. Puede realizar la matr\u00edcula a trav\u00e9s de internet, en la <strong>Secretar\u00eda Virtual<\/strong>, si tiene clave iANDe, o cualquier certificado digital v\u00e1lido. En caso contrario, o si se desea informaci\u00f3n sobre la ESPA antes de realizar la matr\u00edcula (pues esta no se puede anular, salvo por motivos justificados) lo mejor es acudir a <strong>nuestro centro<\/strong>, <strong>de 10 a 13 horas<\/strong>, preguntando por el Jefe de Estudios de Adultos.<\/div>\n<\/div>\n<div class=\"x11i5rnm xat24cr x1mh8g0r x1vvkbs xtlvy1s x126k92a\">\n<div dir=\"auto\">En cualquier caso, se pueden consultar los <strong>requisitos de acceso<\/strong>, tanto de edad, como de estudios previos, en el siguiente enlace:<\/div>\n<\/div>\n<div class=\"x11i5rnm xat24cr x1mh8g0r x1vvkbs xtlvy1s x126k92a\">\n<div dir=\"auto\"><span class=\"html-span xdj266r x11i5rnm xat24cr x1mh8g0r xexx8yu x4uap5 x18d9i69 xkhd6sd x1hl2dhg x16tdsg8 x1vvkbs\"><a class=\"x1i10hfl xjbqb8w x1ejq31n xd10rxx x1sy0etr x17r0tee x972fbf xcfux6l x1qhh985 xm0m39n x9f619 x1ypdohk xt0psk2 xe8uvvx xdj266r x11i5rnm xat24cr x1mh8g0r xexx8yu x4uap5 x18d9i69 xkhd6sd x16tdsg8 x1hl2dhg xggy1nq x1a2a7pz x1sur9pj xkrqix3 x1fey0fg\" role=\"link\" href=\"https:\/\/www.juntadeandalucia.es\/educacion\/portals\/web\/educacion-permanente\/eso\/requisitos?fbclid=IwZXh0bgNhZW0CMTAAAR20XOPUPTdiIcxSowwTcdFNDRU7_59Wg9Vpkp8dcNGeNJNQwfe_2HnhiTA_aem_hMLwXDJ9mJhhUjtGVqaIxQ\" target=\"_blank\" rel=\"nofollow noopener noreferrer\">https:\/\/www.juntadeandalucia.es\/&#8230;\/educac&#8230;\/eso\/requisitos<\/a><\/span><\/div>\n<\/div>\n<div class=\"x11i5rnm xat24cr x1mh8g0r x1vvkbs xtlvy1s x126k92a\">\n<div dir=\"auto\">Matriculaci\u00f3n a trav\u00e9s de la <strong>Secretar\u00eda Virtual<\/strong>:<\/div>\n<\/div>\n<div class=\"x11i5rnm xat24cr x1mh8g0r x1vvkbs xtlvy1s x126k92a\">\n<div dir=\"auto\"><span class=\"html-span xdj266r x11i5rnm xat24cr x1mh8g0r xexx8yu x4uap5 x18d9i69 xkhd6sd x1hl2dhg x16tdsg8 x1vvkbs\"><a class=\"x1i10hfl xjbqb8w x1ejq31n xd10rxx x1sy0etr x17r0tee x972fbf xcfux6l x1qhh985 xm0m39n x9f619 x1ypdohk xt0psk2 xe8uvvx xdj266r x11i5rnm xat24cr x1mh8g0r xexx8yu x4uap5 x18d9i69 xkhd6sd x16tdsg8 x1hl2dhg xggy1nq x1a2a7pz x1sur9pj xkrqix3 x1fey0fg\" role=\"link\" href=\"https:\/\/www.juntadeandalucia.es\/educacion\/secretariavirtual\/accesoTramite\/227\/?fbclid=IwZXh0bgNhZW0CMTAAAR3aPNIo5pavu9VD6rgRytCa-GODVh9hAgvgCOoLo89BEnUmeWAmjVX-ejs_aem_A0YFdMv-i8KQaEhf1vOvxg\" target=\"_blank\" rel=\"nofollow noopener noreferrer\">https:\/\/www.juntadeandalucia.es\/&#8230;\/accesoTramite\/227\/<\/a><\/span><\/div>\n<\/div>\n","protected":false},"excerpt":{"rendered":"<p>El plazo extraordinario de matriculaci\u00f3n en la ESPA es del 2 de septiembre al 15 de octubre. El curso empieza el 17 de septiembre. Puede realizar la matr\u00edcula a trav\u00e9s de internet, en la&#46;&#46;&#46;<\/p>\n","protected":false},"author":1946,"featured_media":2487,"comment_status":"closed","ping_status":"closed","sticky":false,"template":"","format":"standard","meta":{"ngg_post_thumbnail":0,"footnotes":""},"categories":[307429],"tags":[],"aioseo_notices":[],"_links":{"self":[{"href":"https:\/\/blogsaverroes.juntadeandalucia.es\/iesmateoaleman\/wp-json\/wp\/v2\/posts\/2603"}],"collection":[{"href":"https:\/\/blogsaverroes.juntadeandalucia.es\/iesmateoaleman\/wp-json\/wp\/v2\/posts"}],"about":[{"href":"https:\/\/blogsaverroes.juntadeandalucia.es\/iesmateoaleman\/wp-json\/wp\/v2\/types\/post"}],"author":[{"embeddable":true,"href":"https:\/\/blogsaverroes.juntadeandalucia.es\/iesmateoaleman\/wp-json\/wp\/v2\/users\/1946"}],"replies":[{"embeddable":true,"href":"https:\/\/blogsaverroes.juntadeandalucia.es\/iesmateoaleman\/wp-json\/wp\/v2\/comments?post=2603"}],"version-history":[{"count":1,"href":"https:\/\/blogsaverroes.juntadeandalucia.es\/iesmateoaleman\/wp-json\/wp\/v2\/posts\/2603\/revisions"}],"predecessor-version":[{"id":2604,"href":"https:\/\/blogsaverroes.juntadeandalucia.es\/iesmateoaleman\/wp-json\/wp\/v2\/posts\/2603\/revisions\/2604"}],"wp:featuredmedia":[{"embeddable":true,"href":"https:\/\/blogsaverroes.juntadeandalucia.es\/iesmateoaleman\/wp-json\/wp\/v2\/media\/2487"}],"wp:attachment":[{"href":"https:\/\/blogsaverroes.juntadeandalucia.es\/iesmateoaleman\/wp-json\/wp\/v2\/media?parent=2603"}],"wp:term":[{"taxonomy":"category","embeddable":true,"href":"https:\/\/blogsaverroes.juntadeandalucia.es\/iesmateoaleman\/wp-json\/wp\/v2\/categories?post=2603"},{"taxonomy":"post_tag","embeddable":true,"href":"https:\/\/blogsaverroes.juntadeandalucia.es\/iesmateoaleman\/wp-json\/wp\/v2\/tags?post=2603"}],"curies":[{"name":"wp","href":"https:\/\/api.w.org\/{rel}","templated":true}]}}