{"id":2662,"date":"2025-06-30T11:40:17","date_gmt":"2025-06-30T11:40:17","guid":{"rendered":"https:\/\/blogsaverroes.juntadeandalucia.es\/iesmateoaleman\/?p=2662"},"modified":"2025-06-30T11:41:55","modified_gmt":"2025-06-30T11:41:55","slug":"matriculacion-espa-adultos","status":"publish","type":"post","link":"https:\/\/blogsaverroes.juntadeandalucia.es\/iesmateoaleman\/2025\/06\/30\/matriculacion-espa-adultos\/","title":{"rendered":"Matriculaci\u00f3n ESPA (Adultos)"},"content":{"rendered":"<p>Nuestro centro ofrece el <strong>Nivel II de la ESPA<\/strong>, en la modalidad <strong>semipresencial<\/strong>. La superaci\u00f3n de este curso supone la obtenci\u00f3n del <strong>T\u00edtulo de la ESO<\/strong>. Para matricularse en esta modalidad es necesario disponer de un <strong>ordenador con conexi\u00f3n a internet<\/strong>, as\u00ed como saber manejar un <strong>procesador de textos<\/strong> para realizar las <strong>tareas<\/strong>.<\/p>\n<h3>Calendario<\/h3>\n<ul>\n<li><strong>Matr\u00edcula ordinaria: del 1 al 10 de julio.<\/strong><\/li>\n<li><strong>Matr\u00edcula extraordinaria: del 1 de septiembre al 15 de octubre.<\/strong><\/li>\n<li><strong>Matr\u00edcula excepcional:<\/strong> en las ensen\u0303anzas para personas adultas se podra\u0301 matricular durante el <strong>primer trimestre<\/strong> a quienes, reuniendo los requisitos de acceso, lo soliciten, siempre que existan plazas escolares disponibles<\/li>\n<\/ul>\n<h3>&nbsp;Requisitos de acceso<\/h3>\n<ul>\n<li><a title=\"Requisitos de acceso ESPA\" href=\"https:\/\/portals.ced.junta-andalucia.es\/educacion\/portals\/web\/educacion-permanente\/eso\/requisitos\" target=\"_blank\" rel=\"noopener\"><strong>Requisitos de acceso<\/strong><\/a><\/li>\n<\/ul>\n<p>&nbsp;<\/p>\n","protected":false},"excerpt":{"rendered":"<p>Nuestro centro ofrece el Nivel II de la ESPA, en la modalidad semipresencial. La superaci\u00f3n de este curso supone la obtenci\u00f3n del T\u00edtulo de la ESO. Para matricularse en esta modalidad es necesario disponer&#46;&#46;&#46;<\/p>\n","protected":false},"author":1946,"featured_media":2487,"comment_status":"closed","ping_status":"closed","sticky":false,"template":"","format":"standard","meta":{"ngg_post_thumbnail":0,"footnotes":""},"categories":[307429],"tags":[307431,307432,307430],"aioseo_notices":[],"_links":{"self":[{"href":"https:\/\/blogsaverroes.juntadeandalucia.es\/iesmateoaleman\/wp-json\/wp\/v2\/posts\/2662"}],"collection":[{"href":"https:\/\/blogsaverroes.juntadeandalucia.es\/iesmateoaleman\/wp-json\/wp\/v2\/posts"}],"about":[{"href":"https:\/\/blogsaverroes.juntadeandalucia.es\/iesmateoaleman\/wp-json\/wp\/v2\/types\/post"}],"author":[{"embeddable":true,"href":"https:\/\/blogsaverroes.juntadeandalucia.es\/iesmateoaleman\/wp-json\/wp\/v2\/users\/1946"}],"replies":[{"embeddable":true,"href":"https:\/\/blogsaverroes.juntadeandalucia.es\/iesmateoaleman\/wp-json\/wp\/v2\/comments?post=2662"}],"version-history":[{"count":3,"href":"https:\/\/blogsaverroes.juntadeandalucia.es\/iesmateoaleman\/wp-json\/wp\/v2\/posts\/2662\/revisions"}],"predecessor-version":[{"id":2665,"href":"https:\/\/blogsaverroes.juntadeandalucia.es\/iesmateoaleman\/wp-json\/wp\/v2\/posts\/2662\/revisions\/2665"}],"wp:featuredmedia":[{"embeddable":true,"href":"https:\/\/blogsaverroes.juntadeandalucia.es\/iesmateoaleman\/wp-json\/wp\/v2\/media\/2487"}],"wp:attachment":[{"href":"https:\/\/blogsaverroes.juntadeandalucia.es\/iesmateoaleman\/wp-json\/wp\/v2\/media?parent=2662"}],"wp:term":[{"taxonomy":"category","embeddable":true,"href":"https:\/\/blogsaverroes.juntadeandalucia.es\/iesmateoaleman\/wp-json\/wp\/v2\/categories?post=2662"},{"taxonomy":"post_tag","embeddable":true,"href":"https:\/\/blogsaverroes.juntadeandalucia.es\/iesmateoaleman\/wp-json\/wp\/v2\/tags?post=2662"}],"curies":[{"name":"wp","href":"https:\/\/api.w.org\/{rel}","templated":true}]}}