{"id":2667,"date":"2025-07-24T10:08:00","date_gmt":"2025-07-24T10:08:00","guid":{"rendered":"https:\/\/blogsaverroes.juntadeandalucia.es\/iesmateoaleman\/?p=2667"},"modified":"2025-07-24T10:11:59","modified_gmt":"2025-07-24T10:11:59","slug":"examenes-de-septiembre-espa","status":"publish","type":"post","link":"https:\/\/blogsaverroes.juntadeandalucia.es\/iesmateoaleman\/2025\/07\/24\/examenes-de-septiembre-espa\/","title":{"rendered":"EX\u00c1MENES DE SEPTIEMBRE ESPA"},"content":{"rendered":"<p>Los <strong>ex\u00e1menes de septiembre<\/strong> se realizar\u00e1n durante los <strong>d\u00edas 1 y 2<\/strong>, de acuerdo con el siguiente horario:<\/p>\n<ul>\n<li><a href=\"https:\/\/blogsaverroes.juntadeandalucia.es\/iesmateoaleman\/files\/2025\/07\/Calendario-examenes-septiembre-2025.pdf\" target=\"_blank\" rel=\"noopener\">Ex\u00e1menes de septiembre<\/a><\/li>\n<\/ul>\n<p>La <strong>evaluaci\u00f3n<\/strong> se realizar\u00e1 <strong>igual que durante el curso<\/strong>, teniendo en cuenta tambi\u00e9n las <strong>tareas<\/strong> propuestas en la plataforma y que pueden <strong>recuperarse<\/strong>, o mejorar la nota, haci\u00e9ndolas de nuevo, con las condiciones y hasta las fechas indicadas en cada \u00e1mbito.&nbsp;<\/p>\n","protected":false},"excerpt":{"rendered":"<p>Los ex\u00e1menes de septiembre se realizar\u00e1n durante los d\u00edas 1 y 2, de acuerdo con el siguiente horario: Ex\u00e1menes de septiembre La evaluaci\u00f3n se realizar\u00e1 igual que durante el curso, teniendo en cuenta tambi\u00e9n&#46;&#46;&#46;<\/p>\n","protected":false},"author":1946,"featured_media":2487,"comment_status":"closed","ping_status":"closed","sticky":false,"template":"","format":"standard","meta":{"ngg_post_thumbnail":0,"footnotes":""},"categories":[307429],"tags":[307430,307437,307438],"aioseo_notices":[],"_links":{"self":[{"href":"https:\/\/blogsaverroes.juntadeandalucia.es\/iesmateoaleman\/wp-json\/wp\/v2\/posts\/2667"}],"collection":[{"href":"https:\/\/blogsaverroes.juntadeandalucia.es\/iesmateoaleman\/wp-json\/wp\/v2\/posts"}],"about":[{"href":"https:\/\/blogsaverroes.juntadeandalucia.es\/iesmateoaleman\/wp-json\/wp\/v2\/types\/post"}],"author":[{"embeddable":true,"href":"https:\/\/blogsaverroes.juntadeandalucia.es\/iesmateoaleman\/wp-json\/wp\/v2\/users\/1946"}],"replies":[{"embeddable":true,"href":"https:\/\/blogsaverroes.juntadeandalucia.es\/iesmateoaleman\/wp-json\/wp\/v2\/comments?post=2667"}],"version-history":[{"count":6,"href":"https:\/\/blogsaverroes.juntadeandalucia.es\/iesmateoaleman\/wp-json\/wp\/v2\/posts\/2667\/revisions"}],"predecessor-version":[{"id":2674,"href":"https:\/\/blogsaverroes.juntadeandalucia.es\/iesmateoaleman\/wp-json\/wp\/v2\/posts\/2667\/revisions\/2674"}],"wp:featuredmedia":[{"embeddable":true,"href":"https:\/\/blogsaverroes.juntadeandalucia.es\/iesmateoaleman\/wp-json\/wp\/v2\/media\/2487"}],"wp:attachment":[{"href":"https:\/\/blogsaverroes.juntadeandalucia.es\/iesmateoaleman\/wp-json\/wp\/v2\/media?parent=2667"}],"wp:term":[{"taxonomy":"category","embeddable":true,"href":"https:\/\/blogsaverroes.juntadeandalucia.es\/iesmateoaleman\/wp-json\/wp\/v2\/categories?post=2667"},{"taxonomy":"post_tag","embeddable":true,"href":"https:\/\/blogsaverroes.juntadeandalucia.es\/iesmateoaleman\/wp-json\/wp\/v2\/tags?post=2667"}],"curies":[{"name":"wp","href":"https:\/\/api.w.org\/{rel}","templated":true}]}}