{"id":2686,"date":"2025-09-12T07:59:48","date_gmt":"2025-09-12T07:59:48","guid":{"rendered":"https:\/\/blogsaverroes.juntadeandalucia.es\/iesmateoaleman\/?p=2686"},"modified":"2025-09-12T07:59:48","modified_gmt":"2025-09-12T07:59:48","slug":"prueba-via-2025","status":"publish","type":"post","link":"https:\/\/blogsaverroes.juntadeandalucia.es\/iesmateoaleman\/2025\/09\/12\/prueba-via-2025\/","title":{"rendered":"Prueba VIA 2025"},"content":{"rendered":"<p>La Prueba VIA es un conjunto de tres ex\u00e1menes, uno por cada \u00e1mbito de la ESPA, que deben realizar aquellas <strong>personas que desean matricularse en el nivel II de la ESPA y no pueden acreditar los requisitos acad\u00e9micos necesarios<\/strong>. El alumno solo podr\u00e1 matricularse en aquellos \u00e1mbitos cuyo examen de la Prueba VIA haya superado, teniendo en cuenta, si fuese necesario, su experiencia laboral y otros aprendizajes no formales que fuesen relevantes para cada \u00e1mbito. Tambi\u00e9n puede convocarse al alumno a una entrevista personal para determinar su valoraci\u00f3n final.<\/p>\n<ul>\n<li><a title=\"Requisitos de acceso\" href=\"https:\/\/www.juntadeandalucia.es\/educacion\/portals\/web\/educacion-permanente\/eso\/requisitos?fbclid=IwZXh0bgNhZW0CMTAAAR20XOPUPTdiIcxSowwTcdFNDRU7_59Wg9Vpkp8dcNGeNJNQwfe_2HnhiTA_aem_hMLwXDJ9mJhhUjtGVqaIxQ\" target=\"_blank\" rel=\"noopener\"><strong>Requisitos de acceso<\/strong><\/a><\/li>\n<\/ul>\n<p>Este curso la Prueba VIA se realizar\u00e1 el d\u00eda <strong>25 de septiembre<\/strong>, con el siguiente horario:<\/p>\n<ul>\n<li><strong>17:00 &#8211; \u00c1mbito social<\/strong><\/li>\n<li><strong>18:15 &#8211; \u00c1mbito de comunicaci\u00f3n<\/strong><\/li>\n<li><strong>19:30 &#8211; \u00c1mbito cient\u00edfico<\/strong><\/li>\n<\/ul>\n<p>Para realizar la Prueba VIA es necesario presentar una <strong>solicitud<\/strong>, mediante el <strong>modelo<\/strong> que existe para ello en la <strong>secretar\u00eda del centro<\/strong>.<\/p>\n<p>Pueden consultarse <strong>ex\u00e1menes de otros cursos<\/strong> en el siguiente enlace:<\/p>\n<ul>\n<li><strong><a title=\"Prueba VIA\" href=\"https:\/\/blogsaverroes.juntadeandalucia.es\/iesmateoaleman\/espa-2\/prueba-via\/\" target=\"_blank\" rel=\"noopener\">Ex\u00e1menes Prueba VIA<\/a><\/strong><\/li>\n<\/ul>\n","protected":false},"excerpt":{"rendered":"<p>La Prueba VIA es un conjunto de tres ex\u00e1menes, uno por cada \u00e1mbito de la ESPA, que deben realizar aquellas personas que desean matricularse en el nivel II de la ESPA y no pueden&#46;&#46;&#46;<\/p>\n","protected":false},"author":1946,"featured_media":2487,"comment_status":"closed","ping_status":"closed","sticky":false,"template":"","format":"standard","meta":{"ngg_post_thumbnail":0,"footnotes":""},"categories":[307429],"tags":[307430,307439,307440],"aioseo_notices":[],"_links":{"self":[{"href":"https:\/\/blogsaverroes.juntadeandalucia.es\/iesmateoaleman\/wp-json\/wp\/v2\/posts\/2686"}],"collection":[{"href":"https:\/\/blogsaverroes.juntadeandalucia.es\/iesmateoaleman\/wp-json\/wp\/v2\/posts"}],"about":[{"href":"https:\/\/blogsaverroes.juntadeandalucia.es\/iesmateoaleman\/wp-json\/wp\/v2\/types\/post"}],"author":[{"embeddable":true,"href":"https:\/\/blogsaverroes.juntadeandalucia.es\/iesmateoaleman\/wp-json\/wp\/v2\/users\/1946"}],"replies":[{"embeddable":true,"href":"https:\/\/blogsaverroes.juntadeandalucia.es\/iesmateoaleman\/wp-json\/wp\/v2\/comments?post=2686"}],"version-history":[{"count":1,"href":"https:\/\/blogsaverroes.juntadeandalucia.es\/iesmateoaleman\/wp-json\/wp\/v2\/posts\/2686\/revisions"}],"predecessor-version":[{"id":2687,"href":"https:\/\/blogsaverroes.juntadeandalucia.es\/iesmateoaleman\/wp-json\/wp\/v2\/posts\/2686\/revisions\/2687"}],"wp:featuredmedia":[{"embeddable":true,"href":"https:\/\/blogsaverroes.juntadeandalucia.es\/iesmateoaleman\/wp-json\/wp\/v2\/media\/2487"}],"wp:attachment":[{"href":"https:\/\/blogsaverroes.juntadeandalucia.es\/iesmateoaleman\/wp-json\/wp\/v2\/media?parent=2686"}],"wp:term":[{"taxonomy":"category","embeddable":true,"href":"https:\/\/blogsaverroes.juntadeandalucia.es\/iesmateoaleman\/wp-json\/wp\/v2\/categories?post=2686"},{"taxonomy":"post_tag","embeddable":true,"href":"https:\/\/blogsaverroes.juntadeandalucia.es\/iesmateoaleman\/wp-json\/wp\/v2\/tags?post=2686"}],"curies":[{"name":"wp","href":"https:\/\/api.w.org\/{rel}","templated":true}]}}