{"id":2210,"date":"2015-06-18T08:56:09","date_gmt":"2015-06-18T07:56:09","guid":{"rendered":"http:\/\/blogsaverroes.juntadeandalucia.es\/iesmateofranciscoderivas\/?p=2210"},"modified":"2016-11-27T17:50:39","modified_gmt":"2016-11-27T16:50:39","slug":"te-estresan-las-matematicas","status":"publish","type":"post","link":"https:\/\/blogsaverroes.juntadeandalucia.es\/iesmateofranciscoderivas\/2015\/06\/18\/te-estresan-las-matematicas\/","title":{"rendered":"\u00bfTe estresan las matem\u00e1ticas?"},"content":{"rendered":"<p><img loading=\"lazy\" decoding=\"async\" class=\"aligncenter size-medium wp-image-2211\" src=\"http:\/\/blogsaverroes.juntadeandalucia.es\/iesmateofranciscoderivas\/files\/2015\/06\/matematicas_not1-300x226.jpg\" alt=\"matematicas_not\" width=\"300\" height=\"226\" srcset=\"https:\/\/blogsaverroes.juntadeandalucia.es\/iesmateofranciscoderivas\/files\/2015\/06\/matematicas_not1-300x226.jpg 300w, https:\/\/blogsaverroes.juntadeandalucia.es\/iesmateofranciscoderivas\/files\/2015\/06\/matematicas_not1.jpg 699w\" sizes=\"(max-width: 300px) 100vw, 300px\" \/><\/p>\n<h4>\u00bfTe estresan las matem\u00e1ticas?<\/h4>\n<p>La OCDE en su \u00faltimo n\u00famero de PISA in Focus analiza la relaci\u00f3n entre el grado de ansiedad que suscitan las matem\u00e1ticas entre los alumnos de 15 a\u00f1os y su nivel de desempe\u00f1o en esta competencia a partir de los datos de PISA 2012. El d\u00eda a d\u00eda en el aula pone de manifiesto que las matem\u00e1ticas provocan preocupaci\u00f3n, estr\u00e9s e inseguridad en algunos alumnos, lo que puede incidir negativamente en su rendimiento.<\/p>\n<p><a href=\"http:\/\/blog.educalab.es\/inee\/2015\/02\/25\/te-estresan-las-matematicas\/\" target=\"_blank\">Para mayor informaci\u00f3n&#8230;<\/a><\/p>\n","protected":false},"excerpt":{"rendered":"<p>\u00bfTe estresan las matem\u00e1ticas? La OCDE en su \u00faltimo n\u00famero de PISA in Focus analiza la relaci\u00f3n entre el grado de ansiedad que suscitan las&hellip;<\/p>\n","protected":false},"author":1,"featured_media":2211,"comment_status":"closed","ping_status":"closed","sticky":false,"template":"","format":"standard","meta":{"ngg_post_thumbnail":0,"footnotes":""},"categories":[934889],"tags":[],"aioseo_notices":[],"_links":{"self":[{"href":"https:\/\/blogsaverroes.juntadeandalucia.es\/iesmateofranciscoderivas\/wp-json\/wp\/v2\/posts\/2210"}],"collection":[{"href":"https:\/\/blogsaverroes.juntadeandalucia.es\/iesmateofranciscoderivas\/wp-json\/wp\/v2\/posts"}],"about":[{"href":"https:\/\/blogsaverroes.juntadeandalucia.es\/iesmateofranciscoderivas\/wp-json\/wp\/v2\/types\/post"}],"author":[{"embeddable":true,"href":"https:\/\/blogsaverroes.juntadeandalucia.es\/iesmateofranciscoderivas\/wp-json\/wp\/v2\/users\/1"}],"replies":[{"embeddable":true,"href":"https:\/\/blogsaverroes.juntadeandalucia.es\/iesmateofranciscoderivas\/wp-json\/wp\/v2\/comments?post=2210"}],"version-history":[{"count":1,"href":"https:\/\/blogsaverroes.juntadeandalucia.es\/iesmateofranciscoderivas\/wp-json\/wp\/v2\/posts\/2210\/revisions"}],"predecessor-version":[{"id":2212,"href":"https:\/\/blogsaverroes.juntadeandalucia.es\/iesmateofranciscoderivas\/wp-json\/wp\/v2\/posts\/2210\/revisions\/2212"}],"wp:featuredmedia":[{"embeddable":true,"href":"https:\/\/blogsaverroes.juntadeandalucia.es\/iesmateofranciscoderivas\/wp-json\/wp\/v2\/media\/2211"}],"wp:attachment":[{"href":"https:\/\/blogsaverroes.juntadeandalucia.es\/iesmateofranciscoderivas\/wp-json\/wp\/v2\/media?parent=2210"}],"wp:term":[{"taxonomy":"category","embeddable":true,"href":"https:\/\/blogsaverroes.juntadeandalucia.es\/iesmateofranciscoderivas\/wp-json\/wp\/v2\/categories?post=2210"},{"taxonomy":"post_tag","embeddable":true,"href":"https:\/\/blogsaverroes.juntadeandalucia.es\/iesmateofranciscoderivas\/wp-json\/wp\/v2\/tags?post=2210"}],"curies":[{"name":"wp","href":"https:\/\/api.w.org\/{rel}","templated":true}]}}