{"id":3003,"date":"2017-04-19T09:40:40","date_gmt":"2017-04-19T08:40:40","guid":{"rendered":"http:\/\/blogsaverroes.juntadeandalucia.es\/iesmateofranciscoderivas\/?p=3003"},"modified":"2017-05-22T12:46:08","modified_gmt":"2017-05-22T11:46:08","slug":"exhibicion-de-boxeo","status":"publish","type":"post","link":"https:\/\/blogsaverroes.juntadeandalucia.es\/iesmateofranciscoderivas\/2017\/04\/19\/exhibicion-de-boxeo\/","title":{"rendered":"Exhibici\u00f3n de boxeo"},"content":{"rendered":"<p>El d\u00eda 3 de mayo realizaremos en nuestro centro una exhibici\u00f3n de boxeo.<a href=\"http:\/\/blogsaverroes.juntadeandalucia.es\/iesmateofranciscoderivas\/files\/2017\/04\/descarga.jpg\"><img loading=\"lazy\" decoding=\"async\" class=\"alignleft size-full wp-image-3004\" src=\"http:\/\/blogsaverroes.juntadeandalucia.es\/iesmateofranciscoderivas\/files\/2017\/04\/descarga.jpg\" alt=\"\" width=\"284\" height=\"177\" srcset=\"https:\/\/blogsaverroes.juntadeandalucia.es\/iesmateofranciscoderivas\/files\/2017\/04\/descarga.jpg 284w, https:\/\/blogsaverroes.juntadeandalucia.es\/iesmateofranciscoderivas\/files\/2017\/04\/descarga-24x15.jpg 24w, https:\/\/blogsaverroes.juntadeandalucia.es\/iesmateofranciscoderivas\/files\/2017\/04\/descarga-36x22.jpg 36w, https:\/\/blogsaverroes.juntadeandalucia.es\/iesmateofranciscoderivas\/files\/2017\/04\/descarga-48x30.jpg 48w\" sizes=\"(max-width: 284px) 100vw, 284px\" \/><\/a><\/p>\n<div id='gallery-1' class='gallery galleryid-3003 gallery-columns-3 gallery-size-full'><figure class='gallery-item'>\n\t\t\t<div class='gallery-icon landscape'>\n\t\t\t\t<a href='https:\/\/blogsaverroes.juntadeandalucia.es\/iesmateofranciscoderivas\/2017\/04\/19\/exhibicion-de-boxeo\/img-20170503-wa0001\/'><img loading=\"lazy\" decoding=\"async\" width=\"1599\" height=\"899\" src=\"https:\/\/blogsaverroes.juntadeandalucia.es\/iesmateofranciscoderivas\/files\/2017\/04\/IMG-20170503-WA0001.jpg\" class=\"attachment-full size-full\" alt=\"\" srcset=\"https:\/\/blogsaverroes.juntadeandalucia.es\/iesmateofranciscoderivas\/files\/2017\/04\/IMG-20170503-WA0001.jpg 1599w, https:\/\/blogsaverroes.juntadeandalucia.es\/iesmateofranciscoderivas\/files\/2017\/04\/IMG-20170503-WA0001-300x169.jpg 300w, https:\/\/blogsaverroes.juntadeandalucia.es\/iesmateofranciscoderivas\/files\/2017\/04\/IMG-20170503-WA0001-768x432.jpg 768w, https:\/\/blogsaverroes.juntadeandalucia.es\/iesmateofranciscoderivas\/files\/2017\/04\/IMG-20170503-WA0001-1024x576.jpg 1024w, https:\/\/blogsaverroes.juntadeandalucia.es\/iesmateofranciscoderivas\/files\/2017\/04\/IMG-20170503-WA0001-700x393.jpg 700w, https:\/\/blogsaverroes.juntadeandalucia.es\/iesmateofranciscoderivas\/files\/2017\/04\/IMG-20170503-WA0001-24x13.jpg 24w, https:\/\/blogsaverroes.juntadeandalucia.es\/iesmateofranciscoderivas\/files\/2017\/04\/IMG-20170503-WA0001-36x20.jpg 36w, https:\/\/blogsaverroes.juntadeandalucia.es\/iesmateofranciscoderivas\/files\/2017\/04\/IMG-20170503-WA0001-48x27.jpg 48w\" sizes=\"(max-width: 1599px) 100vw, 1599px\" \/><\/a>\n\t\t\t<\/div><\/figure><figure class='gallery-item'>\n\t\t\t<div class='gallery-icon landscape'>\n\t\t\t\t<a href='https:\/\/blogsaverroes.juntadeandalucia.es\/iesmateofranciscoderivas\/2017\/04\/19\/exhibicion-de-boxeo\/img-20170503-wa0003\/'><img loading=\"lazy\" decoding=\"async\" width=\"1599\" height=\"899\" src=\"https:\/\/blogsaverroes.juntadeandalucia.es\/iesmateofranciscoderivas\/files\/2017\/04\/IMG-20170503-WA0003.jpg\" class=\"attachment-full size-full\" alt=\"\" srcset=\"https:\/\/blogsaverroes.juntadeandalucia.es\/iesmateofranciscoderivas\/files\/2017\/04\/IMG-20170503-WA0003.jpg 1599w, https:\/\/blogsaverroes.juntadeandalucia.es\/iesmateofranciscoderivas\/files\/2017\/04\/IMG-20170503-WA0003-300x169.jpg 300w, https:\/\/blogsaverroes.juntadeandalucia.es\/iesmateofranciscoderivas\/files\/2017\/04\/IMG-20170503-WA0003-768x432.jpg 768w, https:\/\/blogsaverroes.juntadeandalucia.es\/iesmateofranciscoderivas\/files\/2017\/04\/IMG-20170503-WA0003-1024x576.jpg 1024w, https:\/\/blogsaverroes.juntadeandalucia.es\/iesmateofranciscoderivas\/files\/2017\/04\/IMG-20170503-WA0003-700x393.jpg 700w, https:\/\/blogsaverroes.juntadeandalucia.es\/iesmateofranciscoderivas\/files\/2017\/04\/IMG-20170503-WA0003-24x13.jpg 24w, https:\/\/blogsaverroes.juntadeandalucia.es\/iesmateofranciscoderivas\/files\/2017\/04\/IMG-20170503-WA0003-36x20.jpg 36w, https:\/\/blogsaverroes.juntadeandalucia.es\/iesmateofranciscoderivas\/files\/2017\/04\/IMG-20170503-WA0003-48x27.jpg 48w\" sizes=\"(max-width: 1599px) 100vw, 1599px\" \/><\/a>\n\t\t\t<\/div><\/figure><figure class='gallery-item'>\n\t\t\t<div class='gallery-icon landscape'>\n\t\t\t\t<a href='https:\/\/blogsaverroes.juntadeandalucia.es\/iesmateofranciscoderivas\/2017\/04\/19\/exhibicion-de-boxeo\/img-20170503-wa0006\/'><img loading=\"lazy\" decoding=\"async\" width=\"1599\" height=\"899\" src=\"https:\/\/blogsaverroes.juntadeandalucia.es\/iesmateofranciscoderivas\/files\/2017\/04\/IMG-20170503-WA0006.jpg\" class=\"attachment-full size-full\" alt=\"\" srcset=\"https:\/\/blogsaverroes.juntadeandalucia.es\/iesmateofranciscoderivas\/files\/2017\/04\/IMG-20170503-WA0006.jpg 1599w, https:\/\/blogsaverroes.juntadeandalucia.es\/iesmateofranciscoderivas\/files\/2017\/04\/IMG-20170503-WA0006-300x169.jpg 300w, https:\/\/blogsaverroes.juntadeandalucia.es\/iesmateofranciscoderivas\/files\/2017\/04\/IMG-20170503-WA0006-768x432.jpg 768w, https:\/\/blogsaverroes.juntadeandalucia.es\/iesmateofranciscoderivas\/files\/2017\/04\/IMG-20170503-WA0006-1024x576.jpg 1024w, https:\/\/blogsaverroes.juntadeandalucia.es\/iesmateofranciscoderivas\/files\/2017\/04\/IMG-20170503-WA0006-700x393.jpg 700w, https:\/\/blogsaverroes.juntadeandalucia.es\/iesmateofranciscoderivas\/files\/2017\/04\/IMG-20170503-WA0006-24x13.jpg 24w, https:\/\/blogsaverroes.juntadeandalucia.es\/iesmateofranciscoderivas\/files\/2017\/04\/IMG-20170503-WA0006-36x20.jpg 36w, https:\/\/blogsaverroes.juntadeandalucia.es\/iesmateofranciscoderivas\/files\/2017\/04\/IMG-20170503-WA0006-48x27.jpg 48w\" sizes=\"(max-width: 1599px) 100vw, 1599px\" \/><\/a>\n\t\t\t<\/div><\/figure><figure class='gallery-item'>\n\t\t\t<div class='gallery-icon landscape'>\n\t\t\t\t<a href='https:\/\/blogsaverroes.juntadeandalucia.es\/iesmateofranciscoderivas\/2017\/04\/19\/exhibicion-de-boxeo\/img-20170503-wa0008\/'><img loading=\"lazy\" decoding=\"async\" width=\"1599\" height=\"899\" src=\"https:\/\/blogsaverroes.juntadeandalucia.es\/iesmateofranciscoderivas\/files\/2017\/04\/IMG-20170503-WA0008.jpg\" class=\"attachment-full size-full\" alt=\"\" srcset=\"https:\/\/blogsaverroes.juntadeandalucia.es\/iesmateofranciscoderivas\/files\/2017\/04\/IMG-20170503-WA0008.jpg 1599w, https:\/\/blogsaverroes.juntadeandalucia.es\/iesmateofranciscoderivas\/files\/2017\/04\/IMG-20170503-WA0008-300x169.jpg 300w, https:\/\/blogsaverroes.juntadeandalucia.es\/iesmateofranciscoderivas\/files\/2017\/04\/IMG-20170503-WA0008-768x432.jpg 768w, https:\/\/blogsaverroes.juntadeandalucia.es\/iesmateofranciscoderivas\/files\/2017\/04\/IMG-20170503-WA0008-1024x576.jpg 1024w, https:\/\/blogsaverroes.juntadeandalucia.es\/iesmateofranciscoderivas\/files\/2017\/04\/IMG-20170503-WA0008-700x393.jpg 700w, https:\/\/blogsaverroes.juntadeandalucia.es\/iesmateofranciscoderivas\/files\/2017\/04\/IMG-20170503-WA0008-24x13.jpg 24w, https:\/\/blogsaverroes.juntadeandalucia.es\/iesmateofranciscoderivas\/files\/2017\/04\/IMG-20170503-WA0008-36x20.jpg 36w, https:\/\/blogsaverroes.juntadeandalucia.es\/iesmateofranciscoderivas\/files\/2017\/04\/IMG-20170503-WA0008-48x27.jpg 48w\" sizes=\"(max-width: 1599px) 100vw, 1599px\" \/><\/a>\n\t\t\t<\/div><\/figure>\n\t\t<\/div>\n\n","protected":false},"excerpt":{"rendered":"<p>El d\u00eda 3 de mayo realizaremos en nuestro centro una exhibici\u00f3n de boxeo.<\/p>\n","protected":false},"author":2270,"featured_media":3004,"comment_status":"closed","ping_status":"closed","sticky":false,"template":"","format":"standard","meta":{"ngg_post_thumbnail":0,"footnotes":""},"categories":[934247],"tags":[],"aioseo_notices":[],"_links":{"self":[{"href":"https:\/\/blogsaverroes.juntadeandalucia.es\/iesmateofranciscoderivas\/wp-json\/wp\/v2\/posts\/3003"}],"collection":[{"href":"https:\/\/blogsaverroes.juntadeandalucia.es\/iesmateofranciscoderivas\/wp-json\/wp\/v2\/posts"}],"about":[{"href":"https:\/\/blogsaverroes.juntadeandalucia.es\/iesmateofranciscoderivas\/wp-json\/wp\/v2\/types\/post"}],"author":[{"embeddable":true,"href":"https:\/\/blogsaverroes.juntadeandalucia.es\/iesmateofranciscoderivas\/wp-json\/wp\/v2\/users\/2270"}],"replies":[{"embeddable":true,"href":"https:\/\/blogsaverroes.juntadeandalucia.es\/iesmateofranciscoderivas\/wp-json\/wp\/v2\/comments?post=3003"}],"version-history":[{"count":3,"href":"https:\/\/blogsaverroes.juntadeandalucia.es\/iesmateofranciscoderivas\/wp-json\/wp\/v2\/posts\/3003\/revisions"}],"predecessor-version":[{"id":3138,"href":"https:\/\/blogsaverroes.juntadeandalucia.es\/iesmateofranciscoderivas\/wp-json\/wp\/v2\/posts\/3003\/revisions\/3138"}],"wp:featuredmedia":[{"embeddable":true,"href":"https:\/\/blogsaverroes.juntadeandalucia.es\/iesmateofranciscoderivas\/wp-json\/wp\/v2\/media\/3004"}],"wp:attachment":[{"href":"https:\/\/blogsaverroes.juntadeandalucia.es\/iesmateofranciscoderivas\/wp-json\/wp\/v2\/media?parent=3003"}],"wp:term":[{"taxonomy":"category","embeddable":true,"href":"https:\/\/blogsaverroes.juntadeandalucia.es\/iesmateofranciscoderivas\/wp-json\/wp\/v2\/categories?post=3003"},{"taxonomy":"post_tag","embeddable":true,"href":"https:\/\/blogsaverroes.juntadeandalucia.es\/iesmateofranciscoderivas\/wp-json\/wp\/v2\/tags?post=3003"}],"curies":[{"name":"wp","href":"https:\/\/api.w.org\/{rel}","templated":true}]}}