{"id":3299,"date":"2017-11-28T20:18:04","date_gmt":"2017-11-28T19:18:04","guid":{"rendered":"http:\/\/blogsaverroes.juntadeandalucia.es\/iesmateofranciscoderivas\/?p=3299"},"modified":"2017-11-28T20:18:04","modified_gmt":"2017-11-28T19:18:04","slug":"celebramos-halloween","status":"publish","type":"post","link":"https:\/\/blogsaverroes.juntadeandalucia.es\/iesmateofranciscoderivas\/2017\/11\/28\/celebramos-halloween\/","title":{"rendered":"Celebramos Halloween"},"content":{"rendered":"<p>El pasado 31 de Octubre celebramos Halloween en el IES. Tuvimos varias actividades que resultaron de lo m\u00e1s chulas y entretenidas. Os las ponemos a continuaci\u00f3n.<\/p>\n<p>&nbsp;<\/p>\n<h2>II Concurso Gastron\u00f3mico de Halloween.<\/h2>\n<p>Un a\u00f1o m\u00e1s el alumnado trajo sus platos basados en la tem\u00e1tica de Halloween. El jurado lo tuvo dif\u00edcil, pero finalmente se llevaron el premio&nbsp;Maria Bel\u00e9n y Sandra de 2\u00ba ESO. \u00bfQu\u00e9 cu\u00e1l fue el premio?&nbsp; Mochilas con el nombre del instituto, libros de tem\u00e1tica relacionada con Haloween y chuches. \u00bfQu\u00e9 m\u00e1s se puede pedir?<\/p>\n<p>Aqu\u00ed pod\u00e9is ver las fotos de todo el proceso del concurso.<\/p>\n<p>&nbsp;<\/p>\n<div id='gallery-1' class='gallery galleryid-3299 gallery-columns-3 gallery-size-full'><figure class='gallery-item'>\n\t\t\t<div class='gallery-icon landscape'>\n\t\t\t\t<a href='https:\/\/blogsaverroes.juntadeandalucia.es\/iesmateofranciscoderivas\/2017\/11\/28\/celebramos-halloween\/img_0632\/'><img loading=\"lazy\" decoding=\"async\" width=\"1600\" height=\"1200\" src=\"https:\/\/blogsaverroes.juntadeandalucia.es\/iesmateofranciscoderivas\/files\/2017\/11\/IMG_0632.jpg\" class=\"attachment-full size-full\" alt=\"\" srcset=\"https:\/\/blogsaverroes.juntadeandalucia.es\/iesmateofranciscoderivas\/files\/2017\/11\/IMG_0632.jpg 1600w, https:\/\/blogsaverroes.juntadeandalucia.es\/iesmateofranciscoderivas\/files\/2017\/11\/IMG_0632-300x225.jpg 300w, https:\/\/blogsaverroes.juntadeandalucia.es\/iesmateofranciscoderivas\/files\/2017\/11\/IMG_0632-768x576.jpg 768w, https:\/\/blogsaverroes.juntadeandalucia.es\/iesmateofranciscoderivas\/files\/2017\/11\/IMG_0632-1024x768.jpg 1024w, https:\/\/blogsaverroes.juntadeandalucia.es\/iesmateofranciscoderivas\/files\/2017\/11\/IMG_0632-700x525.jpg 700w, https:\/\/blogsaverroes.juntadeandalucia.es\/iesmateofranciscoderivas\/files\/2017\/11\/IMG_0632-24x18.jpg 24w, https:\/\/blogsaverroes.juntadeandalucia.es\/iesmateofranciscoderivas\/files\/2017\/11\/IMG_0632-36x27.jpg 36w, https:\/\/blogsaverroes.juntadeandalucia.es\/iesmateofranciscoderivas\/files\/2017\/11\/IMG_0632-48x36.jpg 48w\" sizes=\"(max-width: 1600px) 100vw, 1600px\" \/><\/a>\n\t\t\t<\/div><\/figure><figure class='gallery-item'>\n\t\t\t<div class='gallery-icon portrait'>\n\t\t\t\t<a href='https:\/\/blogsaverroes.juntadeandalucia.es\/iesmateofranciscoderivas\/2017\/11\/28\/celebramos-halloween\/img_0631\/'><img loading=\"lazy\" decoding=\"async\" width=\"1200\" height=\"1600\" src=\"https:\/\/blogsaverroes.juntadeandalucia.es\/iesmateofranciscoderivas\/files\/2017\/11\/IMG_0631.jpg\" class=\"attachment-full size-full\" alt=\"\" srcset=\"https:\/\/blogsaverroes.juntadeandalucia.es\/iesmateofranciscoderivas\/files\/2017\/11\/IMG_0631.jpg 1200w, https:\/\/blogsaverroes.juntadeandalucia.es\/iesmateofranciscoderivas\/files\/2017\/11\/IMG_0631-225x300.jpg 225w, https:\/\/blogsaverroes.juntadeandalucia.es\/iesmateofranciscoderivas\/files\/2017\/11\/IMG_0631-768x1024.jpg 768w, https:\/\/blogsaverroes.juntadeandalucia.es\/iesmateofranciscoderivas\/files\/2017\/11\/IMG_0631-700x933.jpg 700w, https:\/\/blogsaverroes.juntadeandalucia.es\/iesmateofranciscoderivas\/files\/2017\/11\/IMG_0631-18x24.jpg 18w, https:\/\/blogsaverroes.juntadeandalucia.es\/iesmateofranciscoderivas\/files\/2017\/11\/IMG_0631-27x36.jpg 27w, https:\/\/blogsaverroes.juntadeandalucia.es\/iesmateofranciscoderivas\/files\/2017\/11\/IMG_0631-36x48.jpg 36w\" sizes=\"(max-width: 1200px) 100vw, 1200px\" \/><\/a>\n\t\t\t<\/div><\/figure><figure class='gallery-item'>\n\t\t\t<div class='gallery-icon landscape'>\n\t\t\t\t<a href='https:\/\/blogsaverroes.juntadeandalucia.es\/iesmateofranciscoderivas\/2017\/11\/28\/celebramos-halloween\/img_0628\/'><img loading=\"lazy\" decoding=\"async\" width=\"1600\" height=\"900\" src=\"https:\/\/blogsaverroes.juntadeandalucia.es\/iesmateofranciscoderivas\/files\/2017\/11\/IMG_0628.jpg\" class=\"attachment-full size-full\" alt=\"\" srcset=\"https:\/\/blogsaverroes.juntadeandalucia.es\/iesmateofranciscoderivas\/files\/2017\/11\/IMG_0628.jpg 1600w, https:\/\/blogsaverroes.juntadeandalucia.es\/iesmateofranciscoderivas\/files\/2017\/11\/IMG_0628-300x169.jpg 300w, https:\/\/blogsaverroes.juntadeandalucia.es\/iesmateofranciscoderivas\/files\/2017\/11\/IMG_0628-768x432.jpg 768w, https:\/\/blogsaverroes.juntadeandalucia.es\/iesmateofranciscoderivas\/files\/2017\/11\/IMG_0628-1024x576.jpg 1024w, https:\/\/blogsaverroes.juntadeandalucia.es\/iesmateofranciscoderivas\/files\/2017\/11\/IMG_0628-700x393.jpg 700w, https:\/\/blogsaverroes.juntadeandalucia.es\/iesmateofranciscoderivas\/files\/2017\/11\/IMG_0628-24x14.jpg 24w, https:\/\/blogsaverroes.juntadeandalucia.es\/iesmateofranciscoderivas\/files\/2017\/11\/IMG_0628-36x20.jpg 36w, https:\/\/blogsaverroes.juntadeandalucia.es\/iesmateofranciscoderivas\/files\/2017\/11\/IMG_0628-48x27.jpg 48w\" sizes=\"(max-width: 1600px) 100vw, 1600px\" \/><\/a>\n\t\t\t<\/div><\/figure><figure class='gallery-item'>\n\t\t\t<div class='gallery-icon landscape'>\n\t\t\t\t<a href='https:\/\/blogsaverroes.juntadeandalucia.es\/iesmateofranciscoderivas\/2017\/11\/28\/celebramos-halloween\/img_0626\/'><img loading=\"lazy\" decoding=\"async\" width=\"1600\" height=\"900\" src=\"https:\/\/blogsaverroes.juntadeandalucia.es\/iesmateofranciscoderivas\/files\/2017\/11\/IMG_0626.jpg\" class=\"attachment-full size-full\" alt=\"\" srcset=\"https:\/\/blogsaverroes.juntadeandalucia.es\/iesmateofranciscoderivas\/files\/2017\/11\/IMG_0626.jpg 1600w, https:\/\/blogsaverroes.juntadeandalucia.es\/iesmateofranciscoderivas\/files\/2017\/11\/IMG_0626-300x169.jpg 300w, https:\/\/blogsaverroes.juntadeandalucia.es\/iesmateofranciscoderivas\/files\/2017\/11\/IMG_0626-768x432.jpg 768w, https:\/\/blogsaverroes.juntadeandalucia.es\/iesmateofranciscoderivas\/files\/2017\/11\/IMG_0626-1024x576.jpg 1024w, https:\/\/blogsaverroes.juntadeandalucia.es\/iesmateofranciscoderivas\/files\/2017\/11\/IMG_0626-700x393.jpg 700w, https:\/\/blogsaverroes.juntadeandalucia.es\/iesmateofranciscoderivas\/files\/2017\/11\/IMG_0626-24x14.jpg 24w, https:\/\/blogsaverroes.juntadeandalucia.es\/iesmateofranciscoderivas\/files\/2017\/11\/IMG_0626-36x20.jpg 36w, https:\/\/blogsaverroes.juntadeandalucia.es\/iesmateofranciscoderivas\/files\/2017\/11\/IMG_0626-48x27.jpg 48w\" sizes=\"(max-width: 1600px) 100vw, 1600px\" \/><\/a>\n\t\t\t<\/div><\/figure><figure class='gallery-item'>\n\t\t\t<div class='gallery-icon landscape'>\n\t\t\t\t<a href='https:\/\/blogsaverroes.juntadeandalucia.es\/iesmateofranciscoderivas\/2017\/11\/28\/celebramos-halloween\/img_0620\/'><img loading=\"lazy\" decoding=\"async\" width=\"1600\" height=\"1200\" src=\"https:\/\/blogsaverroes.juntadeandalucia.es\/iesmateofranciscoderivas\/files\/2017\/11\/IMG_0620.jpg\" class=\"attachment-full size-full\" alt=\"\" srcset=\"https:\/\/blogsaverroes.juntadeandalucia.es\/iesmateofranciscoderivas\/files\/2017\/11\/IMG_0620.jpg 1600w, https:\/\/blogsaverroes.juntadeandalucia.es\/iesmateofranciscoderivas\/files\/2017\/11\/IMG_0620-300x225.jpg 300w, https:\/\/blogsaverroes.juntadeandalucia.es\/iesmateofranciscoderivas\/files\/2017\/11\/IMG_0620-768x576.jpg 768w, https:\/\/blogsaverroes.juntadeandalucia.es\/iesmateofranciscoderivas\/files\/2017\/11\/IMG_0620-1024x768.jpg 1024w, https:\/\/blogsaverroes.juntadeandalucia.es\/iesmateofranciscoderivas\/files\/2017\/11\/IMG_0620-700x525.jpg 700w, https:\/\/blogsaverroes.juntadeandalucia.es\/iesmateofranciscoderivas\/files\/2017\/11\/IMG_0620-24x18.jpg 24w, https:\/\/blogsaverroes.juntadeandalucia.es\/iesmateofranciscoderivas\/files\/2017\/11\/IMG_0620-36x27.jpg 36w, https:\/\/blogsaverroes.juntadeandalucia.es\/iesmateofranciscoderivas\/files\/2017\/11\/IMG_0620-48x36.jpg 48w\" sizes=\"(max-width: 1600px) 100vw, 1600px\" \/><\/a>\n\t\t\t<\/div><\/figure><figure class='gallery-item'>\n\t\t\t<div class='gallery-icon landscape'>\n\t\t\t\t<a href='https:\/\/blogsaverroes.juntadeandalucia.es\/iesmateofranciscoderivas\/2017\/11\/28\/celebramos-halloween\/img_0618\/'><img loading=\"lazy\" decoding=\"async\" width=\"1600\" height=\"1200\" src=\"https:\/\/blogsaverroes.juntadeandalucia.es\/iesmateofranciscoderivas\/files\/2017\/11\/IMG_0618.jpg\" class=\"attachment-full size-full\" alt=\"\" srcset=\"https:\/\/blogsaverroes.juntadeandalucia.es\/iesmateofranciscoderivas\/files\/2017\/11\/IMG_0618.jpg 1600w, https:\/\/blogsaverroes.juntadeandalucia.es\/iesmateofranciscoderivas\/files\/2017\/11\/IMG_0618-300x225.jpg 300w, https:\/\/blogsaverroes.juntadeandalucia.es\/iesmateofranciscoderivas\/files\/2017\/11\/IMG_0618-768x576.jpg 768w, https:\/\/blogsaverroes.juntadeandalucia.es\/iesmateofranciscoderivas\/files\/2017\/11\/IMG_0618-1024x768.jpg 1024w, https:\/\/blogsaverroes.juntadeandalucia.es\/iesmateofranciscoderivas\/files\/2017\/11\/IMG_0618-700x525.jpg 700w, https:\/\/blogsaverroes.juntadeandalucia.es\/iesmateofranciscoderivas\/files\/2017\/11\/IMG_0618-24x18.jpg 24w, https:\/\/blogsaverroes.juntadeandalucia.es\/iesmateofranciscoderivas\/files\/2017\/11\/IMG_0618-36x27.jpg 36w, https:\/\/blogsaverroes.juntadeandalucia.es\/iesmateofranciscoderivas\/files\/2017\/11\/IMG_0618-48x36.jpg 48w\" sizes=\"(max-width: 1600px) 100vw, 1600px\" \/><\/a>\n\t\t\t<\/div><\/figure><figure class='gallery-item'>\n\t\t\t<div class='gallery-icon portrait'>\n\t\t\t\t<a href='https:\/\/blogsaverroes.juntadeandalucia.es\/iesmateofranciscoderivas\/2017\/11\/28\/celebramos-halloween\/img_0617\/'><img loading=\"lazy\" decoding=\"async\" width=\"1200\" height=\"1600\" src=\"https:\/\/blogsaverroes.juntadeandalucia.es\/iesmateofranciscoderivas\/files\/2017\/11\/IMG_0617.jpg\" class=\"attachment-full size-full\" alt=\"\" srcset=\"https:\/\/blogsaverroes.juntadeandalucia.es\/iesmateofranciscoderivas\/files\/2017\/11\/IMG_0617.jpg 1200w, https:\/\/blogsaverroes.juntadeandalucia.es\/iesmateofranciscoderivas\/files\/2017\/11\/IMG_0617-225x300.jpg 225w, https:\/\/blogsaverroes.juntadeandalucia.es\/iesmateofranciscoderivas\/files\/2017\/11\/IMG_0617-768x1024.jpg 768w, https:\/\/blogsaverroes.juntadeandalucia.es\/iesmateofranciscoderivas\/files\/2017\/11\/IMG_0617-700x933.jpg 700w, https:\/\/blogsaverroes.juntadeandalucia.es\/iesmateofranciscoderivas\/files\/2017\/11\/IMG_0617-18x24.jpg 18w, https:\/\/blogsaverroes.juntadeandalucia.es\/iesmateofranciscoderivas\/files\/2017\/11\/IMG_0617-27x36.jpg 27w, https:\/\/blogsaverroes.juntadeandalucia.es\/iesmateofranciscoderivas\/files\/2017\/11\/IMG_0617-36x48.jpg 36w\" sizes=\"(max-width: 1200px) 100vw, 1200px\" \/><\/a>\n\t\t\t<\/div><\/figure><figure class='gallery-item'>\n\t\t\t<div class='gallery-icon portrait'>\n\t\t\t\t<a href='https:\/\/blogsaverroes.juntadeandalucia.es\/iesmateofranciscoderivas\/2017\/11\/28\/celebramos-halloween\/img_0616\/'><img loading=\"lazy\" decoding=\"async\" width=\"1200\" height=\"1600\" src=\"https:\/\/blogsaverroes.juntadeandalucia.es\/iesmateofranciscoderivas\/files\/2017\/11\/IMG_0616.jpg\" class=\"attachment-full size-full\" alt=\"\" srcset=\"https:\/\/blogsaverroes.juntadeandalucia.es\/iesmateofranciscoderivas\/files\/2017\/11\/IMG_0616.jpg 1200w, https:\/\/blogsaverroes.juntadeandalucia.es\/iesmateofranciscoderivas\/files\/2017\/11\/IMG_0616-225x300.jpg 225w, https:\/\/blogsaverroes.juntadeandalucia.es\/iesmateofranciscoderivas\/files\/2017\/11\/IMG_0616-768x1024.jpg 768w, https:\/\/blogsaverroes.juntadeandalucia.es\/iesmateofranciscoderivas\/files\/2017\/11\/IMG_0616-700x933.jpg 700w, https:\/\/blogsaverroes.juntadeandalucia.es\/iesmateofranciscoderivas\/files\/2017\/11\/IMG_0616-18x24.jpg 18w, https:\/\/blogsaverroes.juntadeandalucia.es\/iesmateofranciscoderivas\/files\/2017\/11\/IMG_0616-27x36.jpg 27w, https:\/\/blogsaverroes.juntadeandalucia.es\/iesmateofranciscoderivas\/files\/2017\/11\/IMG_0616-36x48.jpg 36w\" sizes=\"(max-width: 1200px) 100vw, 1200px\" \/><\/a>\n\t\t\t<\/div><\/figure><figure class='gallery-item'>\n\t\t\t<div class='gallery-icon portrait'>\n\t\t\t\t<a href='https:\/\/blogsaverroes.juntadeandalucia.es\/iesmateofranciscoderivas\/2017\/11\/28\/celebramos-halloween\/img_0610\/'><img loading=\"lazy\" decoding=\"async\" width=\"900\" height=\"1600\" src=\"https:\/\/blogsaverroes.juntadeandalucia.es\/iesmateofranciscoderivas\/files\/2017\/11\/IMG_0610.jpg\" class=\"attachment-full size-full\" alt=\"\" srcset=\"https:\/\/blogsaverroes.juntadeandalucia.es\/iesmateofranciscoderivas\/files\/2017\/11\/IMG_0610.jpg 900w, https:\/\/blogsaverroes.juntadeandalucia.es\/iesmateofranciscoderivas\/files\/2017\/11\/IMG_0610-169x300.jpg 169w, https:\/\/blogsaverroes.juntadeandalucia.es\/iesmateofranciscoderivas\/files\/2017\/11\/IMG_0610-768x1365.jpg 768w, https:\/\/blogsaverroes.juntadeandalucia.es\/iesmateofranciscoderivas\/files\/2017\/11\/IMG_0610-576x1024.jpg 576w, https:\/\/blogsaverroes.juntadeandalucia.es\/iesmateofranciscoderivas\/files\/2017\/11\/IMG_0610-700x1244.jpg 700w, https:\/\/blogsaverroes.juntadeandalucia.es\/iesmateofranciscoderivas\/files\/2017\/11\/IMG_0610-14x24.jpg 14w, https:\/\/blogsaverroes.juntadeandalucia.es\/iesmateofranciscoderivas\/files\/2017\/11\/IMG_0610-20x36.jpg 20w, https:\/\/blogsaverroes.juntadeandalucia.es\/iesmateofranciscoderivas\/files\/2017\/11\/IMG_0610-27x48.jpg 27w\" sizes=\"(max-width: 900px) 100vw, 900px\" \/><\/a>\n\t\t\t<\/div><\/figure><figure class='gallery-item'>\n\t\t\t<div class='gallery-icon portrait'>\n\t\t\t\t<a href='https:\/\/blogsaverroes.juntadeandalucia.es\/iesmateofranciscoderivas\/2017\/11\/28\/celebramos-halloween\/img_0608\/'><img loading=\"lazy\" decoding=\"async\" width=\"900\" height=\"1600\" src=\"https:\/\/blogsaverroes.juntadeandalucia.es\/iesmateofranciscoderivas\/files\/2017\/11\/IMG_0608.jpg\" class=\"attachment-full size-full\" alt=\"\" srcset=\"https:\/\/blogsaverroes.juntadeandalucia.es\/iesmateofranciscoderivas\/files\/2017\/11\/IMG_0608.jpg 900w, https:\/\/blogsaverroes.juntadeandalucia.es\/iesmateofranciscoderivas\/files\/2017\/11\/IMG_0608-169x300.jpg 169w, https:\/\/blogsaverroes.juntadeandalucia.es\/iesmateofranciscoderivas\/files\/2017\/11\/IMG_0608-768x1365.jpg 768w, https:\/\/blogsaverroes.juntadeandalucia.es\/iesmateofranciscoderivas\/files\/2017\/11\/IMG_0608-576x1024.jpg 576w, https:\/\/blogsaverroes.juntadeandalucia.es\/iesmateofranciscoderivas\/files\/2017\/11\/IMG_0608-700x1244.jpg 700w, https:\/\/blogsaverroes.juntadeandalucia.es\/iesmateofranciscoderivas\/files\/2017\/11\/IMG_0608-14x24.jpg 14w, https:\/\/blogsaverroes.juntadeandalucia.es\/iesmateofranciscoderivas\/files\/2017\/11\/IMG_0608-20x36.jpg 20w, https:\/\/blogsaverroes.juntadeandalucia.es\/iesmateofranciscoderivas\/files\/2017\/11\/IMG_0608-27x48.jpg 27w\" sizes=\"(max-width: 900px) 100vw, 900px\" \/><\/a>\n\t\t\t<\/div><\/figure><figure class='gallery-item'>\n\t\t\t<div class='gallery-icon landscape'>\n\t\t\t\t<a href='https:\/\/blogsaverroes.juntadeandalucia.es\/iesmateofranciscoderivas\/2017\/11\/28\/celebramos-halloween\/img_0598\/'><img loading=\"lazy\" decoding=\"async\" width=\"1600\" height=\"1200\" src=\"https:\/\/blogsaverroes.juntadeandalucia.es\/iesmateofranciscoderivas\/files\/2017\/11\/IMG_0598.jpg\" class=\"attachment-full size-full\" alt=\"\" srcset=\"https:\/\/blogsaverroes.juntadeandalucia.es\/iesmateofranciscoderivas\/files\/2017\/11\/IMG_0598.jpg 1600w, https:\/\/blogsaverroes.juntadeandalucia.es\/iesmateofranciscoderivas\/files\/2017\/11\/IMG_0598-300x225.jpg 300w, https:\/\/blogsaverroes.juntadeandalucia.es\/iesmateofranciscoderivas\/files\/2017\/11\/IMG_0598-768x576.jpg 768w, https:\/\/blogsaverroes.juntadeandalucia.es\/iesmateofranciscoderivas\/files\/2017\/11\/IMG_0598-1024x768.jpg 1024w, https:\/\/blogsaverroes.juntadeandalucia.es\/iesmateofranciscoderivas\/files\/2017\/11\/IMG_0598-700x525.jpg 700w, https:\/\/blogsaverroes.juntadeandalucia.es\/iesmateofranciscoderivas\/files\/2017\/11\/IMG_0598-24x18.jpg 24w, https:\/\/blogsaverroes.juntadeandalucia.es\/iesmateofranciscoderivas\/files\/2017\/11\/IMG_0598-36x27.jpg 36w, https:\/\/blogsaverroes.juntadeandalucia.es\/iesmateofranciscoderivas\/files\/2017\/11\/IMG_0598-48x36.jpg 48w\" sizes=\"(max-width: 1600px) 100vw, 1600px\" \/><\/a>\n\t\t\t<\/div><\/figure><figure class='gallery-item'>\n\t\t\t<div class='gallery-icon landscape'>\n\t\t\t\t<a href='https:\/\/blogsaverroes.juntadeandalucia.es\/iesmateofranciscoderivas\/2017\/11\/28\/celebramos-halloween\/img_0599\/'><img loading=\"lazy\" decoding=\"async\" width=\"1600\" height=\"1200\" src=\"https:\/\/blogsaverroes.juntadeandalucia.es\/iesmateofranciscoderivas\/files\/2017\/11\/IMG_0599.jpg\" class=\"attachment-full size-full\" alt=\"\" srcset=\"https:\/\/blogsaverroes.juntadeandalucia.es\/iesmateofranciscoderivas\/files\/2017\/11\/IMG_0599.jpg 1600w, https:\/\/blogsaverroes.juntadeandalucia.es\/iesmateofranciscoderivas\/files\/2017\/11\/IMG_0599-300x225.jpg 300w, https:\/\/blogsaverroes.juntadeandalucia.es\/iesmateofranciscoderivas\/files\/2017\/11\/IMG_0599-768x576.jpg 768w, https:\/\/blogsaverroes.juntadeandalucia.es\/iesmateofranciscoderivas\/files\/2017\/11\/IMG_0599-1024x768.jpg 1024w, https:\/\/blogsaverroes.juntadeandalucia.es\/iesmateofranciscoderivas\/files\/2017\/11\/IMG_0599-700x525.jpg 700w, https:\/\/blogsaverroes.juntadeandalucia.es\/iesmateofranciscoderivas\/files\/2017\/11\/IMG_0599-24x18.jpg 24w, https:\/\/blogsaverroes.juntadeandalucia.es\/iesmateofranciscoderivas\/files\/2017\/11\/IMG_0599-36x27.jpg 36w, https:\/\/blogsaverroes.juntadeandalucia.es\/iesmateofranciscoderivas\/files\/2017\/11\/IMG_0599-48x36.jpg 48w\" sizes=\"(max-width: 1600px) 100vw, 1600px\" \/><\/a>\n\t\t\t<\/div><\/figure><figure class='gallery-item'>\n\t\t\t<div class='gallery-icon landscape'>\n\t\t\t\t<a href='https:\/\/blogsaverroes.juntadeandalucia.es\/iesmateofranciscoderivas\/2017\/11\/28\/celebramos-halloween\/img_0600\/'><img loading=\"lazy\" decoding=\"async\" width=\"1600\" height=\"1200\" src=\"https:\/\/blogsaverroes.juntadeandalucia.es\/iesmateofranciscoderivas\/files\/2017\/11\/IMG_0600.jpg\" class=\"attachment-full size-full\" alt=\"\" srcset=\"https:\/\/blogsaverroes.juntadeandalucia.es\/iesmateofranciscoderivas\/files\/2017\/11\/IMG_0600.jpg 1600w, https:\/\/blogsaverroes.juntadeandalucia.es\/iesmateofranciscoderivas\/files\/2017\/11\/IMG_0600-300x225.jpg 300w, https:\/\/blogsaverroes.juntadeandalucia.es\/iesmateofranciscoderivas\/files\/2017\/11\/IMG_0600-768x576.jpg 768w, https:\/\/blogsaverroes.juntadeandalucia.es\/iesmateofranciscoderivas\/files\/2017\/11\/IMG_0600-1024x768.jpg 1024w, https:\/\/blogsaverroes.juntadeandalucia.es\/iesmateofranciscoderivas\/files\/2017\/11\/IMG_0600-700x525.jpg 700w, https:\/\/blogsaverroes.juntadeandalucia.es\/iesmateofranciscoderivas\/files\/2017\/11\/IMG_0600-24x18.jpg 24w, https:\/\/blogsaverroes.juntadeandalucia.es\/iesmateofranciscoderivas\/files\/2017\/11\/IMG_0600-36x27.jpg 36w, https:\/\/blogsaverroes.juntadeandalucia.es\/iesmateofranciscoderivas\/files\/2017\/11\/IMG_0600-48x36.jpg 48w\" sizes=\"(max-width: 1600px) 100vw, 1600px\" \/><\/a>\n\t\t\t<\/div><\/figure><figure class='gallery-item'>\n\t\t\t<div class='gallery-icon portrait'>\n\t\t\t\t<a href='https:\/\/blogsaverroes.juntadeandalucia.es\/iesmateofranciscoderivas\/2017\/11\/28\/celebramos-halloween\/img_0605\/'><img loading=\"lazy\" decoding=\"async\" width=\"901\" height=\"1600\" src=\"https:\/\/blogsaverroes.juntadeandalucia.es\/iesmateofranciscoderivas\/files\/2017\/11\/IMG_0605.jpg\" class=\"attachment-full size-full\" alt=\"\" srcset=\"https:\/\/blogsaverroes.juntadeandalucia.es\/iesmateofranciscoderivas\/files\/2017\/11\/IMG_0605.jpg 901w, https:\/\/blogsaverroes.juntadeandalucia.es\/iesmateofranciscoderivas\/files\/2017\/11\/IMG_0605-169x300.jpg 169w, https:\/\/blogsaverroes.juntadeandalucia.es\/iesmateofranciscoderivas\/files\/2017\/11\/IMG_0605-768x1364.jpg 768w, https:\/\/blogsaverroes.juntadeandalucia.es\/iesmateofranciscoderivas\/files\/2017\/11\/IMG_0605-577x1024.jpg 577w, https:\/\/blogsaverroes.juntadeandalucia.es\/iesmateofranciscoderivas\/files\/2017\/11\/IMG_0605-700x1243.jpg 700w, https:\/\/blogsaverroes.juntadeandalucia.es\/iesmateofranciscoderivas\/files\/2017\/11\/IMG_0605-14x24.jpg 14w, https:\/\/blogsaverroes.juntadeandalucia.es\/iesmateofranciscoderivas\/files\/2017\/11\/IMG_0605-20x36.jpg 20w, https:\/\/blogsaverroes.juntadeandalucia.es\/iesmateofranciscoderivas\/files\/2017\/11\/IMG_0605-27x48.jpg 27w\" sizes=\"(max-width: 901px) 100vw, 901px\" \/><\/a>\n\t\t\t<\/div><\/figure><figure class='gallery-item'>\n\t\t\t<div class='gallery-icon landscape'>\n\t\t\t\t<a href='https:\/\/blogsaverroes.juntadeandalucia.es\/iesmateofranciscoderivas\/2017\/11\/28\/celebramos-halloween\/img_0597\/'><img loading=\"lazy\" decoding=\"async\" width=\"1600\" height=\"1200\" src=\"https:\/\/blogsaverroes.juntadeandalucia.es\/iesmateofranciscoderivas\/files\/2017\/11\/IMG_0597.jpg\" class=\"attachment-full size-full\" alt=\"\" srcset=\"https:\/\/blogsaverroes.juntadeandalucia.es\/iesmateofranciscoderivas\/files\/2017\/11\/IMG_0597.jpg 1600w, https:\/\/blogsaverroes.juntadeandalucia.es\/iesmateofranciscoderivas\/files\/2017\/11\/IMG_0597-300x225.jpg 300w, https:\/\/blogsaverroes.juntadeandalucia.es\/iesmateofranciscoderivas\/files\/2017\/11\/IMG_0597-768x576.jpg 768w, https:\/\/blogsaverroes.juntadeandalucia.es\/iesmateofranciscoderivas\/files\/2017\/11\/IMG_0597-1024x768.jpg 1024w, https:\/\/blogsaverroes.juntadeandalucia.es\/iesmateofranciscoderivas\/files\/2017\/11\/IMG_0597-700x525.jpg 700w, https:\/\/blogsaverroes.juntadeandalucia.es\/iesmateofranciscoderivas\/files\/2017\/11\/IMG_0597-24x18.jpg 24w, https:\/\/blogsaverroes.juntadeandalucia.es\/iesmateofranciscoderivas\/files\/2017\/11\/IMG_0597-36x27.jpg 36w, https:\/\/blogsaverroes.juntadeandalucia.es\/iesmateofranciscoderivas\/files\/2017\/11\/IMG_0597-48x36.jpg 48w\" sizes=\"(max-width: 1600px) 100vw, 1600px\" \/><\/a>\n\t\t\t<\/div><\/figure><figure class='gallery-item'>\n\t\t\t<div class='gallery-icon landscape'>\n\t\t\t\t<a href='https:\/\/blogsaverroes.juntadeandalucia.es\/iesmateofranciscoderivas\/2017\/11\/28\/celebramos-halloween\/img_0596\/'><img loading=\"lazy\" decoding=\"async\" width=\"1600\" height=\"1200\" src=\"https:\/\/blogsaverroes.juntadeandalucia.es\/iesmateofranciscoderivas\/files\/2017\/11\/IMG_0596.jpg\" class=\"attachment-full size-full\" alt=\"\" srcset=\"https:\/\/blogsaverroes.juntadeandalucia.es\/iesmateofranciscoderivas\/files\/2017\/11\/IMG_0596.jpg 1600w, https:\/\/blogsaverroes.juntadeandalucia.es\/iesmateofranciscoderivas\/files\/2017\/11\/IMG_0596-300x225.jpg 300w, https:\/\/blogsaverroes.juntadeandalucia.es\/iesmateofranciscoderivas\/files\/2017\/11\/IMG_0596-768x576.jpg 768w, https:\/\/blogsaverroes.juntadeandalucia.es\/iesmateofranciscoderivas\/files\/2017\/11\/IMG_0596-1024x768.jpg 1024w, https:\/\/blogsaverroes.juntadeandalucia.es\/iesmateofranciscoderivas\/files\/2017\/11\/IMG_0596-700x525.jpg 700w, https:\/\/blogsaverroes.juntadeandalucia.es\/iesmateofranciscoderivas\/files\/2017\/11\/IMG_0596-24x18.jpg 24w, https:\/\/blogsaverroes.juntadeandalucia.es\/iesmateofranciscoderivas\/files\/2017\/11\/IMG_0596-36x27.jpg 36w, https:\/\/blogsaverroes.juntadeandalucia.es\/iesmateofranciscoderivas\/files\/2017\/11\/IMG_0596-48x36.jpg 48w\" sizes=\"(max-width: 1600px) 100vw, 1600px\" \/><\/a>\n\t\t\t<\/div><\/figure><figure class='gallery-item'>\n\t\t\t<div class='gallery-icon portrait'>\n\t\t\t\t<a href='https:\/\/blogsaverroes.juntadeandalucia.es\/iesmateofranciscoderivas\/2017\/11\/28\/celebramos-halloween\/img_0595\/'><img loading=\"lazy\" decoding=\"async\" width=\"1200\" height=\"1600\" src=\"https:\/\/blogsaverroes.juntadeandalucia.es\/iesmateofranciscoderivas\/files\/2017\/11\/IMG_0595.jpg\" class=\"attachment-full size-full\" alt=\"\" srcset=\"https:\/\/blogsaverroes.juntadeandalucia.es\/iesmateofranciscoderivas\/files\/2017\/11\/IMG_0595.jpg 1200w, https:\/\/blogsaverroes.juntadeandalucia.es\/iesmateofranciscoderivas\/files\/2017\/11\/IMG_0595-225x300.jpg 225w, https:\/\/blogsaverroes.juntadeandalucia.es\/iesmateofranciscoderivas\/files\/2017\/11\/IMG_0595-768x1024.jpg 768w, https:\/\/blogsaverroes.juntadeandalucia.es\/iesmateofranciscoderivas\/files\/2017\/11\/IMG_0595-700x933.jpg 700w, https:\/\/blogsaverroes.juntadeandalucia.es\/iesmateofranciscoderivas\/files\/2017\/11\/IMG_0595-18x24.jpg 18w, https:\/\/blogsaverroes.juntadeandalucia.es\/iesmateofranciscoderivas\/files\/2017\/11\/IMG_0595-27x36.jpg 27w, https:\/\/blogsaverroes.juntadeandalucia.es\/iesmateofranciscoderivas\/files\/2017\/11\/IMG_0595-36x48.jpg 36w\" sizes=\"(max-width: 1200px) 100vw, 1200px\" \/><\/a>\n\t\t\t<\/div><\/figure><figure class='gallery-item'>\n\t\t\t<div class='gallery-icon portrait'>\n\t\t\t\t<a href='https:\/\/blogsaverroes.juntadeandalucia.es\/iesmateofranciscoderivas\/2017\/11\/28\/celebramos-halloween\/img_0594\/'><img loading=\"lazy\" decoding=\"async\" width=\"1200\" height=\"1600\" src=\"https:\/\/blogsaverroes.juntadeandalucia.es\/iesmateofranciscoderivas\/files\/2017\/11\/IMG_0594.jpg\" class=\"attachment-full size-full\" alt=\"\" srcset=\"https:\/\/blogsaverroes.juntadeandalucia.es\/iesmateofranciscoderivas\/files\/2017\/11\/IMG_0594.jpg 1200w, https:\/\/blogsaverroes.juntadeandalucia.es\/iesmateofranciscoderivas\/files\/2017\/11\/IMG_0594-225x300.jpg 225w, https:\/\/blogsaverroes.juntadeandalucia.es\/iesmateofranciscoderivas\/files\/2017\/11\/IMG_0594-768x1024.jpg 768w, https:\/\/blogsaverroes.juntadeandalucia.es\/iesmateofranciscoderivas\/files\/2017\/11\/IMG_0594-700x933.jpg 700w, https:\/\/blogsaverroes.juntadeandalucia.es\/iesmateofranciscoderivas\/files\/2017\/11\/IMG_0594-18x24.jpg 18w, https:\/\/blogsaverroes.juntadeandalucia.es\/iesmateofranciscoderivas\/files\/2017\/11\/IMG_0594-27x36.jpg 27w, https:\/\/blogsaverroes.juntadeandalucia.es\/iesmateofranciscoderivas\/files\/2017\/11\/IMG_0594-36x48.jpg 36w\" sizes=\"(max-width: 1200px) 100vw, 1200px\" \/><\/a>\n\t\t\t<\/div><\/figure><figure class='gallery-item'>\n\t\t\t<div class='gallery-icon landscape'>\n\t\t\t\t<a href='https:\/\/blogsaverroes.juntadeandalucia.es\/iesmateofranciscoderivas\/2017\/11\/28\/celebramos-halloween\/img_0593\/'><img loading=\"lazy\" decoding=\"async\" width=\"1600\" height=\"1200\" src=\"https:\/\/blogsaverroes.juntadeandalucia.es\/iesmateofranciscoderivas\/files\/2017\/11\/IMG_0593.jpg\" class=\"attachment-full size-full\" alt=\"\" srcset=\"https:\/\/blogsaverroes.juntadeandalucia.es\/iesmateofranciscoderivas\/files\/2017\/11\/IMG_0593.jpg 1600w, https:\/\/blogsaverroes.juntadeandalucia.es\/iesmateofranciscoderivas\/files\/2017\/11\/IMG_0593-300x225.jpg 300w, https:\/\/blogsaverroes.juntadeandalucia.es\/iesmateofranciscoderivas\/files\/2017\/11\/IMG_0593-768x576.jpg 768w, https:\/\/blogsaverroes.juntadeandalucia.es\/iesmateofranciscoderivas\/files\/2017\/11\/IMG_0593-1024x768.jpg 1024w, https:\/\/blogsaverroes.juntadeandalucia.es\/iesmateofranciscoderivas\/files\/2017\/11\/IMG_0593-700x525.jpg 700w, https:\/\/blogsaverroes.juntadeandalucia.es\/iesmateofranciscoderivas\/files\/2017\/11\/IMG_0593-24x18.jpg 24w, https:\/\/blogsaverroes.juntadeandalucia.es\/iesmateofranciscoderivas\/files\/2017\/11\/IMG_0593-36x27.jpg 36w, https:\/\/blogsaverroes.juntadeandalucia.es\/iesmateofranciscoderivas\/files\/2017\/11\/IMG_0593-48x36.jpg 48w\" sizes=\"(max-width: 1600px) 100vw, 1600px\" \/><\/a>\n\t\t\t<\/div><\/figure><figure class='gallery-item'>\n\t\t\t<div class='gallery-icon portrait'>\n\t\t\t\t<a href='https:\/\/blogsaverroes.juntadeandalucia.es\/iesmateofranciscoderivas\/2017\/11\/28\/celebramos-halloween\/img_0589\/'><img loading=\"lazy\" decoding=\"async\" width=\"1200\" height=\"1600\" src=\"https:\/\/blogsaverroes.juntadeandalucia.es\/iesmateofranciscoderivas\/files\/2017\/11\/IMG_0589.jpg\" class=\"attachment-full size-full\" alt=\"\" srcset=\"https:\/\/blogsaverroes.juntadeandalucia.es\/iesmateofranciscoderivas\/files\/2017\/11\/IMG_0589.jpg 1200w, https:\/\/blogsaverroes.juntadeandalucia.es\/iesmateofranciscoderivas\/files\/2017\/11\/IMG_0589-225x300.jpg 225w, https:\/\/blogsaverroes.juntadeandalucia.es\/iesmateofranciscoderivas\/files\/2017\/11\/IMG_0589-768x1024.jpg 768w, https:\/\/blogsaverroes.juntadeandalucia.es\/iesmateofranciscoderivas\/files\/2017\/11\/IMG_0589-700x933.jpg 700w, https:\/\/blogsaverroes.juntadeandalucia.es\/iesmateofranciscoderivas\/files\/2017\/11\/IMG_0589-18x24.jpg 18w, https:\/\/blogsaverroes.juntadeandalucia.es\/iesmateofranciscoderivas\/files\/2017\/11\/IMG_0589-27x36.jpg 27w, https:\/\/blogsaverroes.juntadeandalucia.es\/iesmateofranciscoderivas\/files\/2017\/11\/IMG_0589-36x48.jpg 36w\" sizes=\"(max-width: 1200px) 100vw, 1200px\" \/><\/a>\n\t\t\t<\/div><\/figure><figure class='gallery-item'>\n\t\t\t<div class='gallery-icon landscape'>\n\t\t\t\t<a href='https:\/\/blogsaverroes.juntadeandalucia.es\/iesmateofranciscoderivas\/2017\/11\/28\/celebramos-halloween\/img_0591\/'><img loading=\"lazy\" decoding=\"async\" width=\"1600\" height=\"1200\" src=\"https:\/\/blogsaverroes.juntadeandalucia.es\/iesmateofranciscoderivas\/files\/2017\/11\/IMG_0591.jpg\" class=\"attachment-full size-full\" alt=\"\" srcset=\"https:\/\/blogsaverroes.juntadeandalucia.es\/iesmateofranciscoderivas\/files\/2017\/11\/IMG_0591.jpg 1600w, https:\/\/blogsaverroes.juntadeandalucia.es\/iesmateofranciscoderivas\/files\/2017\/11\/IMG_0591-300x225.jpg 300w, https:\/\/blogsaverroes.juntadeandalucia.es\/iesmateofranciscoderivas\/files\/2017\/11\/IMG_0591-768x576.jpg 768w, https:\/\/blogsaverroes.juntadeandalucia.es\/iesmateofranciscoderivas\/files\/2017\/11\/IMG_0591-1024x768.jpg 1024w, https:\/\/blogsaverroes.juntadeandalucia.es\/iesmateofranciscoderivas\/files\/2017\/11\/IMG_0591-700x525.jpg 700w, https:\/\/blogsaverroes.juntadeandalucia.es\/iesmateofranciscoderivas\/files\/2017\/11\/IMG_0591-24x18.jpg 24w, https:\/\/blogsaverroes.juntadeandalucia.es\/iesmateofranciscoderivas\/files\/2017\/11\/IMG_0591-36x27.jpg 36w, https:\/\/blogsaverroes.juntadeandalucia.es\/iesmateofranciscoderivas\/files\/2017\/11\/IMG_0591-48x36.jpg 48w\" sizes=\"(max-width: 1600px) 100vw, 1600px\" \/><\/a>\n\t\t\t<\/div><\/figure><figure class='gallery-item'>\n\t\t\t<div class='gallery-icon portrait'>\n\t\t\t\t<a href='https:\/\/blogsaverroes.juntadeandalucia.es\/iesmateofranciscoderivas\/2017\/11\/28\/celebramos-halloween\/img_0592\/'><img loading=\"lazy\" decoding=\"async\" width=\"1200\" height=\"1600\" src=\"https:\/\/blogsaverroes.juntadeandalucia.es\/iesmateofranciscoderivas\/files\/2017\/11\/IMG_0592.jpg\" class=\"attachment-full size-full\" alt=\"\" srcset=\"https:\/\/blogsaverroes.juntadeandalucia.es\/iesmateofranciscoderivas\/files\/2017\/11\/IMG_0592.jpg 1200w, https:\/\/blogsaverroes.juntadeandalucia.es\/iesmateofranciscoderivas\/files\/2017\/11\/IMG_0592-225x300.jpg 225w, https:\/\/blogsaverroes.juntadeandalucia.es\/iesmateofranciscoderivas\/files\/2017\/11\/IMG_0592-768x1024.jpg 768w, https:\/\/blogsaverroes.juntadeandalucia.es\/iesmateofranciscoderivas\/files\/2017\/11\/IMG_0592-700x933.jpg 700w, https:\/\/blogsaverroes.juntadeandalucia.es\/iesmateofranciscoderivas\/files\/2017\/11\/IMG_0592-18x24.jpg 18w, https:\/\/blogsaverroes.juntadeandalucia.es\/iesmateofranciscoderivas\/files\/2017\/11\/IMG_0592-27x36.jpg 27w, https:\/\/blogsaverroes.juntadeandalucia.es\/iesmateofranciscoderivas\/files\/2017\/11\/IMG_0592-36x48.jpg 36w\" sizes=\"(max-width: 1200px) 100vw, 1200px\" \/><\/a>\n\t\t\t<\/div><\/figure>\n\t\t<\/div>\n\n<h2>Taller de maquillaje<\/h2>\n<p>Adem\u00e1s pudimos participar en un taller de maquillaje de tem\u00e1tica Halloween organizado por las madres de nuestra AMPA. Aqu\u00ed pod\u00e9is ver el resultado.<\/p>\n<div id='gallery-2' class='gallery galleryid-3299 gallery-columns-3 gallery-size-full'><figure class='gallery-item'>\n\t\t\t<div class='gallery-icon portrait'>\n\t\t\t\t<a href='https:\/\/blogsaverroes.juntadeandalucia.es\/iesmateofranciscoderivas\/2017\/11\/28\/celebramos-halloween\/img_0636\/'><img loading=\"lazy\" decoding=\"async\" width=\"1200\" height=\"1600\" src=\"https:\/\/blogsaverroes.juntadeandalucia.es\/iesmateofranciscoderivas\/files\/2017\/11\/IMG_0636.jpg\" class=\"attachment-full size-full\" alt=\"\" srcset=\"https:\/\/blogsaverroes.juntadeandalucia.es\/iesmateofranciscoderivas\/files\/2017\/11\/IMG_0636.jpg 1200w, https:\/\/blogsaverroes.juntadeandalucia.es\/iesmateofranciscoderivas\/files\/2017\/11\/IMG_0636-225x300.jpg 225w, https:\/\/blogsaverroes.juntadeandalucia.es\/iesmateofranciscoderivas\/files\/2017\/11\/IMG_0636-768x1024.jpg 768w, https:\/\/blogsaverroes.juntadeandalucia.es\/iesmateofranciscoderivas\/files\/2017\/11\/IMG_0636-700x933.jpg 700w, https:\/\/blogsaverroes.juntadeandalucia.es\/iesmateofranciscoderivas\/files\/2017\/11\/IMG_0636-18x24.jpg 18w, https:\/\/blogsaverroes.juntadeandalucia.es\/iesmateofranciscoderivas\/files\/2017\/11\/IMG_0636-27x36.jpg 27w, https:\/\/blogsaverroes.juntadeandalucia.es\/iesmateofranciscoderivas\/files\/2017\/11\/IMG_0636-36x48.jpg 36w\" sizes=\"(max-width: 1200px) 100vw, 1200px\" \/><\/a>\n\t\t\t<\/div><\/figure><figure class='gallery-item'>\n\t\t\t<div class='gallery-icon portrait'>\n\t\t\t\t<a href='https:\/\/blogsaverroes.juntadeandalucia.es\/iesmateofranciscoderivas\/2017\/11\/28\/celebramos-halloween\/img_0637\/'><img loading=\"lazy\" decoding=\"async\" width=\"1200\" height=\"1600\" src=\"https:\/\/blogsaverroes.juntadeandalucia.es\/iesmateofranciscoderivas\/files\/2017\/11\/IMG_0637.jpg\" class=\"attachment-full size-full\" alt=\"\" srcset=\"https:\/\/blogsaverroes.juntadeandalucia.es\/iesmateofranciscoderivas\/files\/2017\/11\/IMG_0637.jpg 1200w, https:\/\/blogsaverroes.juntadeandalucia.es\/iesmateofranciscoderivas\/files\/2017\/11\/IMG_0637-225x300.jpg 225w, https:\/\/blogsaverroes.juntadeandalucia.es\/iesmateofranciscoderivas\/files\/2017\/11\/IMG_0637-768x1024.jpg 768w, https:\/\/blogsaverroes.juntadeandalucia.es\/iesmateofranciscoderivas\/files\/2017\/11\/IMG_0637-700x933.jpg 700w, https:\/\/blogsaverroes.juntadeandalucia.es\/iesmateofranciscoderivas\/files\/2017\/11\/IMG_0637-18x24.jpg 18w, https:\/\/blogsaverroes.juntadeandalucia.es\/iesmateofranciscoderivas\/files\/2017\/11\/IMG_0637-27x36.jpg 27w, https:\/\/blogsaverroes.juntadeandalucia.es\/iesmateofranciscoderivas\/files\/2017\/11\/IMG_0637-36x48.jpg 36w\" sizes=\"(max-width: 1200px) 100vw, 1200px\" \/><\/a>\n\t\t\t<\/div><\/figure><figure class='gallery-item'>\n\t\t\t<div class='gallery-icon landscape'>\n\t\t\t\t<a href='https:\/\/blogsaverroes.juntadeandalucia.es\/iesmateofranciscoderivas\/2017\/11\/28\/celebramos-halloween\/img_0639\/'><img loading=\"lazy\" decoding=\"async\" width=\"1600\" height=\"1200\" src=\"https:\/\/blogsaverroes.juntadeandalucia.es\/iesmateofranciscoderivas\/files\/2017\/11\/IMG_0639.jpg\" class=\"attachment-full size-full\" alt=\"\" srcset=\"https:\/\/blogsaverroes.juntadeandalucia.es\/iesmateofranciscoderivas\/files\/2017\/11\/IMG_0639.jpg 1600w, https:\/\/blogsaverroes.juntadeandalucia.es\/iesmateofranciscoderivas\/files\/2017\/11\/IMG_0639-300x225.jpg 300w, https:\/\/blogsaverroes.juntadeandalucia.es\/iesmateofranciscoderivas\/files\/2017\/11\/IMG_0639-768x576.jpg 768w, https:\/\/blogsaverroes.juntadeandalucia.es\/iesmateofranciscoderivas\/files\/2017\/11\/IMG_0639-1024x768.jpg 1024w, https:\/\/blogsaverroes.juntadeandalucia.es\/iesmateofranciscoderivas\/files\/2017\/11\/IMG_0639-700x525.jpg 700w, https:\/\/blogsaverroes.juntadeandalucia.es\/iesmateofranciscoderivas\/files\/2017\/11\/IMG_0639-24x18.jpg 24w, https:\/\/blogsaverroes.juntadeandalucia.es\/iesmateofranciscoderivas\/files\/2017\/11\/IMG_0639-36x27.jpg 36w, https:\/\/blogsaverroes.juntadeandalucia.es\/iesmateofranciscoderivas\/files\/2017\/11\/IMG_0639-48x36.jpg 48w\" sizes=\"(max-width: 1600px) 100vw, 1600px\" \/><\/a>\n\t\t\t<\/div><\/figure><figure class='gallery-item'>\n\t\t\t<div class='gallery-icon landscape'>\n\t\t\t\t<a href='https:\/\/blogsaverroes.juntadeandalucia.es\/iesmateofranciscoderivas\/2017\/11\/28\/celebramos-halloween\/img_0640\/'><img loading=\"lazy\" decoding=\"async\" width=\"1600\" height=\"1200\" src=\"https:\/\/blogsaverroes.juntadeandalucia.es\/iesmateofranciscoderivas\/files\/2017\/11\/IMG_0640.jpg\" class=\"attachment-full size-full\" alt=\"\" srcset=\"https:\/\/blogsaverroes.juntadeandalucia.es\/iesmateofranciscoderivas\/files\/2017\/11\/IMG_0640.jpg 1600w, https:\/\/blogsaverroes.juntadeandalucia.es\/iesmateofranciscoderivas\/files\/2017\/11\/IMG_0640-300x225.jpg 300w, https:\/\/blogsaverroes.juntadeandalucia.es\/iesmateofranciscoderivas\/files\/2017\/11\/IMG_0640-768x576.jpg 768w, https:\/\/blogsaverroes.juntadeandalucia.es\/iesmateofranciscoderivas\/files\/2017\/11\/IMG_0640-1024x768.jpg 1024w, https:\/\/blogsaverroes.juntadeandalucia.es\/iesmateofranciscoderivas\/files\/2017\/11\/IMG_0640-700x525.jpg 700w, https:\/\/blogsaverroes.juntadeandalucia.es\/iesmateofranciscoderivas\/files\/2017\/11\/IMG_0640-24x18.jpg 24w, https:\/\/blogsaverroes.juntadeandalucia.es\/iesmateofranciscoderivas\/files\/2017\/11\/IMG_0640-36x27.jpg 36w, https:\/\/blogsaverroes.juntadeandalucia.es\/iesmateofranciscoderivas\/files\/2017\/11\/IMG_0640-48x36.jpg 48w\" sizes=\"(max-width: 1600px) 100vw, 1600px\" \/><\/a>\n\t\t\t<\/div><\/figure><figure class='gallery-item'>\n\t\t\t<div class='gallery-icon landscape'>\n\t\t\t\t<a href='https:\/\/blogsaverroes.juntadeandalucia.es\/iesmateofranciscoderivas\/2017\/11\/28\/celebramos-halloween\/img_0641\/'><img loading=\"lazy\" decoding=\"async\" width=\"1600\" height=\"1200\" src=\"https:\/\/blogsaverroes.juntadeandalucia.es\/iesmateofranciscoderivas\/files\/2017\/11\/IMG_0641.jpg\" class=\"attachment-full size-full\" alt=\"\" srcset=\"https:\/\/blogsaverroes.juntadeandalucia.es\/iesmateofranciscoderivas\/files\/2017\/11\/IMG_0641.jpg 1600w, https:\/\/blogsaverroes.juntadeandalucia.es\/iesmateofranciscoderivas\/files\/2017\/11\/IMG_0641-300x225.jpg 300w, https:\/\/blogsaverroes.juntadeandalucia.es\/iesmateofranciscoderivas\/files\/2017\/11\/IMG_0641-768x576.jpg 768w, https:\/\/blogsaverroes.juntadeandalucia.es\/iesmateofranciscoderivas\/files\/2017\/11\/IMG_0641-1024x768.jpg 1024w, https:\/\/blogsaverroes.juntadeandalucia.es\/iesmateofranciscoderivas\/files\/2017\/11\/IMG_0641-700x525.jpg 700w, https:\/\/blogsaverroes.juntadeandalucia.es\/iesmateofranciscoderivas\/files\/2017\/11\/IMG_0641-24x18.jpg 24w, https:\/\/blogsaverroes.juntadeandalucia.es\/iesmateofranciscoderivas\/files\/2017\/11\/IMG_0641-36x27.jpg 36w, https:\/\/blogsaverroes.juntadeandalucia.es\/iesmateofranciscoderivas\/files\/2017\/11\/IMG_0641-48x36.jpg 48w\" sizes=\"(max-width: 1600px) 100vw, 1600px\" \/><\/a>\n\t\t\t<\/div><\/figure><figure class='gallery-item'>\n\t\t\t<div class='gallery-icon landscape'>\n\t\t\t\t<a href='https:\/\/blogsaverroes.juntadeandalucia.es\/iesmateofranciscoderivas\/2017\/11\/28\/celebramos-halloween\/img_0643\/'><img loading=\"lazy\" decoding=\"async\" width=\"1600\" height=\"1200\" src=\"https:\/\/blogsaverroes.juntadeandalucia.es\/iesmateofranciscoderivas\/files\/2017\/11\/IMG_0643.jpg\" class=\"attachment-full size-full\" alt=\"\" srcset=\"https:\/\/blogsaverroes.juntadeandalucia.es\/iesmateofranciscoderivas\/files\/2017\/11\/IMG_0643.jpg 1600w, https:\/\/blogsaverroes.juntadeandalucia.es\/iesmateofranciscoderivas\/files\/2017\/11\/IMG_0643-300x225.jpg 300w, https:\/\/blogsaverroes.juntadeandalucia.es\/iesmateofranciscoderivas\/files\/2017\/11\/IMG_0643-768x576.jpg 768w, https:\/\/blogsaverroes.juntadeandalucia.es\/iesmateofranciscoderivas\/files\/2017\/11\/IMG_0643-1024x768.jpg 1024w, https:\/\/blogsaverroes.juntadeandalucia.es\/iesmateofranciscoderivas\/files\/2017\/11\/IMG_0643-700x525.jpg 700w, https:\/\/blogsaverroes.juntadeandalucia.es\/iesmateofranciscoderivas\/files\/2017\/11\/IMG_0643-24x18.jpg 24w, https:\/\/blogsaverroes.juntadeandalucia.es\/iesmateofranciscoderivas\/files\/2017\/11\/IMG_0643-36x27.jpg 36w, https:\/\/blogsaverroes.juntadeandalucia.es\/iesmateofranciscoderivas\/files\/2017\/11\/IMG_0643-48x36.jpg 48w\" sizes=\"(max-width: 1600px) 100vw, 1600px\" \/><\/a>\n\t\t\t<\/div><\/figure><figure class='gallery-item'>\n\t\t\t<div class='gallery-icon landscape'>\n\t\t\t\t<a href='https:\/\/blogsaverroes.juntadeandalucia.es\/iesmateofranciscoderivas\/2017\/11\/28\/celebramos-halloween\/img_0644\/'><img loading=\"lazy\" decoding=\"async\" width=\"1600\" height=\"1200\" src=\"https:\/\/blogsaverroes.juntadeandalucia.es\/iesmateofranciscoderivas\/files\/2017\/11\/IMG_0644.jpg\" class=\"attachment-full size-full\" alt=\"\" srcset=\"https:\/\/blogsaverroes.juntadeandalucia.es\/iesmateofranciscoderivas\/files\/2017\/11\/IMG_0644.jpg 1600w, https:\/\/blogsaverroes.juntadeandalucia.es\/iesmateofranciscoderivas\/files\/2017\/11\/IMG_0644-300x225.jpg 300w, https:\/\/blogsaverroes.juntadeandalucia.es\/iesmateofranciscoderivas\/files\/2017\/11\/IMG_0644-768x576.jpg 768w, https:\/\/blogsaverroes.juntadeandalucia.es\/iesmateofranciscoderivas\/files\/2017\/11\/IMG_0644-1024x768.jpg 1024w, https:\/\/blogsaverroes.juntadeandalucia.es\/iesmateofranciscoderivas\/files\/2017\/11\/IMG_0644-700x525.jpg 700w, https:\/\/blogsaverroes.juntadeandalucia.es\/iesmateofranciscoderivas\/files\/2017\/11\/IMG_0644-24x18.jpg 24w, https:\/\/blogsaverroes.juntadeandalucia.es\/iesmateofranciscoderivas\/files\/2017\/11\/IMG_0644-36x27.jpg 36w, https:\/\/blogsaverroes.juntadeandalucia.es\/iesmateofranciscoderivas\/files\/2017\/11\/IMG_0644-48x36.jpg 48w\" sizes=\"(max-width: 1600px) 100vw, 1600px\" \/><\/a>\n\t\t\t<\/div><\/figure><figure class='gallery-item'>\n\t\t\t<div class='gallery-icon landscape'>\n\t\t\t\t<a href='https:\/\/blogsaverroes.juntadeandalucia.es\/iesmateofranciscoderivas\/2017\/11\/28\/celebramos-halloween\/img_0645\/'><img loading=\"lazy\" decoding=\"async\" width=\"1600\" height=\"1200\" src=\"https:\/\/blogsaverroes.juntadeandalucia.es\/iesmateofranciscoderivas\/files\/2017\/11\/IMG_0645.jpg\" class=\"attachment-full size-full\" alt=\"\" srcset=\"https:\/\/blogsaverroes.juntadeandalucia.es\/iesmateofranciscoderivas\/files\/2017\/11\/IMG_0645.jpg 1600w, https:\/\/blogsaverroes.juntadeandalucia.es\/iesmateofranciscoderivas\/files\/2017\/11\/IMG_0645-300x225.jpg 300w, https:\/\/blogsaverroes.juntadeandalucia.es\/iesmateofranciscoderivas\/files\/2017\/11\/IMG_0645-768x576.jpg 768w, https:\/\/blogsaverroes.juntadeandalucia.es\/iesmateofranciscoderivas\/files\/2017\/11\/IMG_0645-1024x768.jpg 1024w, https:\/\/blogsaverroes.juntadeandalucia.es\/iesmateofranciscoderivas\/files\/2017\/11\/IMG_0645-700x525.jpg 700w, https:\/\/blogsaverroes.juntadeandalucia.es\/iesmateofranciscoderivas\/files\/2017\/11\/IMG_0645-24x18.jpg 24w, https:\/\/blogsaverroes.juntadeandalucia.es\/iesmateofranciscoderivas\/files\/2017\/11\/IMG_0645-36x27.jpg 36w, https:\/\/blogsaverroes.juntadeandalucia.es\/iesmateofranciscoderivas\/files\/2017\/11\/IMG_0645-48x36.jpg 48w\" sizes=\"(max-width: 1600px) 100vw, 1600px\" \/><\/a>\n\t\t\t<\/div><\/figure><figure class='gallery-item'>\n\t\t\t<div class='gallery-icon landscape'>\n\t\t\t\t<a href='https:\/\/blogsaverroes.juntadeandalucia.es\/iesmateofranciscoderivas\/2017\/11\/28\/celebramos-halloween\/img_0646\/'><img loading=\"lazy\" decoding=\"async\" width=\"1600\" height=\"1200\" src=\"https:\/\/blogsaverroes.juntadeandalucia.es\/iesmateofranciscoderivas\/files\/2017\/11\/IMG_0646.jpg\" class=\"attachment-full size-full\" alt=\"\" srcset=\"https:\/\/blogsaverroes.juntadeandalucia.es\/iesmateofranciscoderivas\/files\/2017\/11\/IMG_0646.jpg 1600w, https:\/\/blogsaverroes.juntadeandalucia.es\/iesmateofranciscoderivas\/files\/2017\/11\/IMG_0646-300x225.jpg 300w, https:\/\/blogsaverroes.juntadeandalucia.es\/iesmateofranciscoderivas\/files\/2017\/11\/IMG_0646-768x576.jpg 768w, https:\/\/blogsaverroes.juntadeandalucia.es\/iesmateofranciscoderivas\/files\/2017\/11\/IMG_0646-1024x768.jpg 1024w, https:\/\/blogsaverroes.juntadeandalucia.es\/iesmateofranciscoderivas\/files\/2017\/11\/IMG_0646-700x525.jpg 700w, https:\/\/blogsaverroes.juntadeandalucia.es\/iesmateofranciscoderivas\/files\/2017\/11\/IMG_0646-24x18.jpg 24w, https:\/\/blogsaverroes.juntadeandalucia.es\/iesmateofranciscoderivas\/files\/2017\/11\/IMG_0646-36x27.jpg 36w, https:\/\/blogsaverroes.juntadeandalucia.es\/iesmateofranciscoderivas\/files\/2017\/11\/IMG_0646-48x36.jpg 48w\" sizes=\"(max-width: 1600px) 100vw, 1600px\" \/><\/a>\n\t\t\t<\/div><\/figure><figure class='gallery-item'>\n\t\t\t<div class='gallery-icon landscape'>\n\t\t\t\t<a href='https:\/\/blogsaverroes.juntadeandalucia.es\/iesmateofranciscoderivas\/2017\/11\/28\/celebramos-halloween\/img_0648\/'><img loading=\"lazy\" decoding=\"async\" width=\"1600\" height=\"1200\" src=\"https:\/\/blogsaverroes.juntadeandalucia.es\/iesmateofranciscoderivas\/files\/2017\/11\/IMG_0648.jpg\" class=\"attachment-full size-full\" alt=\"\" srcset=\"https:\/\/blogsaverroes.juntadeandalucia.es\/iesmateofranciscoderivas\/files\/2017\/11\/IMG_0648.jpg 1600w, https:\/\/blogsaverroes.juntadeandalucia.es\/iesmateofranciscoderivas\/files\/2017\/11\/IMG_0648-300x225.jpg 300w, https:\/\/blogsaverroes.juntadeandalucia.es\/iesmateofranciscoderivas\/files\/2017\/11\/IMG_0648-768x576.jpg 768w, https:\/\/blogsaverroes.juntadeandalucia.es\/iesmateofranciscoderivas\/files\/2017\/11\/IMG_0648-1024x768.jpg 1024w, https:\/\/blogsaverroes.juntadeandalucia.es\/iesmateofranciscoderivas\/files\/2017\/11\/IMG_0648-700x525.jpg 700w, https:\/\/blogsaverroes.juntadeandalucia.es\/iesmateofranciscoderivas\/files\/2017\/11\/IMG_0648-24x18.jpg 24w, https:\/\/blogsaverroes.juntadeandalucia.es\/iesmateofranciscoderivas\/files\/2017\/11\/IMG_0648-36x27.jpg 36w, https:\/\/blogsaverroes.juntadeandalucia.es\/iesmateofranciscoderivas\/files\/2017\/11\/IMG_0648-48x36.jpg 48w\" sizes=\"(max-width: 1600px) 100vw, 1600px\" \/><\/a>\n\t\t\t<\/div><\/figure><figure class='gallery-item'>\n\t\t\t<div class='gallery-icon portrait'>\n\t\t\t\t<a href='https:\/\/blogsaverroes.juntadeandalucia.es\/iesmateofranciscoderivas\/2017\/11\/28\/celebramos-halloween\/img_0649\/'><img loading=\"lazy\" decoding=\"async\" width=\"1200\" height=\"1600\" src=\"https:\/\/blogsaverroes.juntadeandalucia.es\/iesmateofranciscoderivas\/files\/2017\/11\/IMG_0649.jpg\" class=\"attachment-full size-full\" alt=\"\" srcset=\"https:\/\/blogsaverroes.juntadeandalucia.es\/iesmateofranciscoderivas\/files\/2017\/11\/IMG_0649.jpg 1200w, https:\/\/blogsaverroes.juntadeandalucia.es\/iesmateofranciscoderivas\/files\/2017\/11\/IMG_0649-225x300.jpg 225w, https:\/\/blogsaverroes.juntadeandalucia.es\/iesmateofranciscoderivas\/files\/2017\/11\/IMG_0649-768x1024.jpg 768w, https:\/\/blogsaverroes.juntadeandalucia.es\/iesmateofranciscoderivas\/files\/2017\/11\/IMG_0649-700x933.jpg 700w, https:\/\/blogsaverroes.juntadeandalucia.es\/iesmateofranciscoderivas\/files\/2017\/11\/IMG_0649-18x24.jpg 18w, https:\/\/blogsaverroes.juntadeandalucia.es\/iesmateofranciscoderivas\/files\/2017\/11\/IMG_0649-27x36.jpg 27w, https:\/\/blogsaverroes.juntadeandalucia.es\/iesmateofranciscoderivas\/files\/2017\/11\/IMG_0649-36x48.jpg 36w\" sizes=\"(max-width: 1200px) 100vw, 1200px\" \/><\/a>\n\t\t\t<\/div><\/figure>\n\t\t<\/div>\n\n<h2>Hammas de Halloween<\/h2>\n<p>Nuestros alumnos de 4\u00ba de ESO prepararon un stand donde pudimos&nbsp; comprar productos hechos con hamma con tem\u00e1tica halloween. Mira, mira.<\/p>\n<div id='gallery-3' class='gallery galleryid-3299 gallery-columns-3 gallery-size-full'><figure class='gallery-item'>\n\t\t\t<div class='gallery-icon landscape'>\n\t\t\t\t<a href='https:\/\/blogsaverroes.juntadeandalucia.es\/iesmateofranciscoderivas\/2017\/11\/28\/celebramos-halloween\/img_0624\/'><img loading=\"lazy\" decoding=\"async\" width=\"1600\" height=\"1200\" src=\"https:\/\/blogsaverroes.juntadeandalucia.es\/iesmateofranciscoderivas\/files\/2017\/11\/IMG_0624.jpg\" class=\"attachment-full size-full\" alt=\"\" srcset=\"https:\/\/blogsaverroes.juntadeandalucia.es\/iesmateofranciscoderivas\/files\/2017\/11\/IMG_0624.jpg 1600w, https:\/\/blogsaverroes.juntadeandalucia.es\/iesmateofranciscoderivas\/files\/2017\/11\/IMG_0624-300x225.jpg 300w, https:\/\/blogsaverroes.juntadeandalucia.es\/iesmateofranciscoderivas\/files\/2017\/11\/IMG_0624-768x576.jpg 768w, https:\/\/blogsaverroes.juntadeandalucia.es\/iesmateofranciscoderivas\/files\/2017\/11\/IMG_0624-1024x768.jpg 1024w, https:\/\/blogsaverroes.juntadeandalucia.es\/iesmateofranciscoderivas\/files\/2017\/11\/IMG_0624-700x525.jpg 700w, https:\/\/blogsaverroes.juntadeandalucia.es\/iesmateofranciscoderivas\/files\/2017\/11\/IMG_0624-24x18.jpg 24w, https:\/\/blogsaverroes.juntadeandalucia.es\/iesmateofranciscoderivas\/files\/2017\/11\/IMG_0624-36x27.jpg 36w, https:\/\/blogsaverroes.juntadeandalucia.es\/iesmateofranciscoderivas\/files\/2017\/11\/IMG_0624-48x36.jpg 48w\" sizes=\"(max-width: 1600px) 100vw, 1600px\" \/><\/a>\n\t\t\t<\/div><\/figure><figure class='gallery-item'>\n\t\t\t<div class='gallery-icon landscape'>\n\t\t\t\t<a href='https:\/\/blogsaverroes.juntadeandalucia.es\/iesmateofranciscoderivas\/2017\/11\/28\/celebramos-halloween\/img_0625\/'><img loading=\"lazy\" decoding=\"async\" width=\"1600\" height=\"1200\" src=\"https:\/\/blogsaverroes.juntadeandalucia.es\/iesmateofranciscoderivas\/files\/2017\/11\/IMG_0625.jpg\" class=\"attachment-full size-full\" alt=\"\" srcset=\"https:\/\/blogsaverroes.juntadeandalucia.es\/iesmateofranciscoderivas\/files\/2017\/11\/IMG_0625.jpg 1600w, https:\/\/blogsaverroes.juntadeandalucia.es\/iesmateofranciscoderivas\/files\/2017\/11\/IMG_0625-300x225.jpg 300w, https:\/\/blogsaverroes.juntadeandalucia.es\/iesmateofranciscoderivas\/files\/2017\/11\/IMG_0625-768x576.jpg 768w, https:\/\/blogsaverroes.juntadeandalucia.es\/iesmateofranciscoderivas\/files\/2017\/11\/IMG_0625-1024x768.jpg 1024w, https:\/\/blogsaverroes.juntadeandalucia.es\/iesmateofranciscoderivas\/files\/2017\/11\/IMG_0625-700x525.jpg 700w, https:\/\/blogsaverroes.juntadeandalucia.es\/iesmateofranciscoderivas\/files\/2017\/11\/IMG_0625-24x18.jpg 24w, https:\/\/blogsaverroes.juntadeandalucia.es\/iesmateofranciscoderivas\/files\/2017\/11\/IMG_0625-36x27.jpg 36w, https:\/\/blogsaverroes.juntadeandalucia.es\/iesmateofranciscoderivas\/files\/2017\/11\/IMG_0625-48x36.jpg 48w\" sizes=\"(max-width: 1600px) 100vw, 1600px\" \/><\/a>\n\t\t\t<\/div><\/figure>\n\t\t<\/div>\n\n<p>\u00a1Sorpresa! Dos alumnos de primero nos sorprendieron con sus disfraces.<\/p>\n<p><a href=\"https:\/\/blogsaverroes.juntadeandalucia.es\/iesmateofranciscoderivas\/files\/2017\/11\/IMG_0623.jpg\"><img loading=\"lazy\" decoding=\"async\" class=\"alignleft size-large wp-image-3338\" src=\"https:\/\/blogsaverroes.juntadeandalucia.es\/iesmateofranciscoderivas\/files\/2017\/11\/IMG_0623-768x1024.jpg\" alt=\"\" width=\"660\" height=\"880\" srcset=\"https:\/\/blogsaverroes.juntadeandalucia.es\/iesmateofranciscoderivas\/files\/2017\/11\/IMG_0623-768x1024.jpg 768w, https:\/\/blogsaverroes.juntadeandalucia.es\/iesmateofranciscoderivas\/files\/2017\/11\/IMG_0623-225x300.jpg 225w, https:\/\/blogsaverroes.juntadeandalucia.es\/iesmateofranciscoderivas\/files\/2017\/11\/IMG_0623-700x933.jpg 700w, https:\/\/blogsaverroes.juntadeandalucia.es\/iesmateofranciscoderivas\/files\/2017\/11\/IMG_0623-18x24.jpg 18w, https:\/\/blogsaverroes.juntadeandalucia.es\/iesmateofranciscoderivas\/files\/2017\/11\/IMG_0623-27x36.jpg 27w, https:\/\/blogsaverroes.juntadeandalucia.es\/iesmateofranciscoderivas\/files\/2017\/11\/IMG_0623-36x48.jpg 36w, https:\/\/blogsaverroes.juntadeandalucia.es\/iesmateofranciscoderivas\/files\/2017\/11\/IMG_0623.jpg 1200w\" sizes=\"(max-width: 660px) 100vw, 660px\" \/><\/a><\/p>\n","protected":false},"excerpt":{"rendered":"<p>El pasado 31 de Octubre celebramos Halloween en el IES. Tuvimos varias actividades que resultaron de lo m\u00e1s chulas y entretenidas. Os las ponemos a&hellip;<\/p>\n","protected":false},"author":2270,"featured_media":3322,"comment_status":"open","ping_status":"closed","sticky":false,"template":"","format":"standard","meta":{"ngg_post_thumbnail":0,"footnotes":""},"categories":[934247],"tags":[],"aioseo_notices":[],"_links":{"self":[{"href":"https:\/\/blogsaverroes.juntadeandalucia.es\/iesmateofranciscoderivas\/wp-json\/wp\/v2\/posts\/3299"}],"collection":[{"href":"https:\/\/blogsaverroes.juntadeandalucia.es\/iesmateofranciscoderivas\/wp-json\/wp\/v2\/posts"}],"about":[{"href":"https:\/\/blogsaverroes.juntadeandalucia.es\/iesmateofranciscoderivas\/wp-json\/wp\/v2\/types\/post"}],"author":[{"embeddable":true,"href":"https:\/\/blogsaverroes.juntadeandalucia.es\/iesmateofranciscoderivas\/wp-json\/wp\/v2\/users\/2270"}],"replies":[{"embeddable":true,"href":"https:\/\/blogsaverroes.juntadeandalucia.es\/iesmateofranciscoderivas\/wp-json\/wp\/v2\/comments?post=3299"}],"version-history":[{"count":3,"href":"https:\/\/blogsaverroes.juntadeandalucia.es\/iesmateofranciscoderivas\/wp-json\/wp\/v2\/posts\/3299\/revisions"}],"predecessor-version":[{"id":3339,"href":"https:\/\/blogsaverroes.juntadeandalucia.es\/iesmateofranciscoderivas\/wp-json\/wp\/v2\/posts\/3299\/revisions\/3339"}],"wp:featuredmedia":[{"embeddable":true,"href":"https:\/\/blogsaverroes.juntadeandalucia.es\/iesmateofranciscoderivas\/wp-json\/wp\/v2\/media\/3322"}],"wp:attachment":[{"href":"https:\/\/blogsaverroes.juntadeandalucia.es\/iesmateofranciscoderivas\/wp-json\/wp\/v2\/media?parent=3299"}],"wp:term":[{"taxonomy":"category","embeddable":true,"href":"https:\/\/blogsaverroes.juntadeandalucia.es\/iesmateofranciscoderivas\/wp-json\/wp\/v2\/categories?post=3299"},{"taxonomy":"post_tag","embeddable":true,"href":"https:\/\/blogsaverroes.juntadeandalucia.es\/iesmateofranciscoderivas\/wp-json\/wp\/v2\/tags?post=3299"}],"curies":[{"name":"wp","href":"https:\/\/api.w.org\/{rel}","templated":true}]}}