{"id":3695,"date":"2018-11-07T14:35:30","date_gmt":"2018-11-07T13:35:30","guid":{"rendered":"https:\/\/blogsaverroes.juntadeandalucia.es\/iesmateofranciscoderivas\/?p=3695"},"modified":"2018-11-16T12:32:25","modified_gmt":"2018-11-16T11:32:25","slug":"el-ies-te-digitaliza","status":"publish","type":"post","link":"https:\/\/blogsaverroes.juntadeandalucia.es\/iesmateofranciscoderivas\/2018\/11\/07\/el-ies-te-digitaliza\/","title":{"rendered":"El IES te digitaliza"},"content":{"rendered":"<h1>\u00bfQuieres digitalizarte?&nbsp; \u00a1\u00a1\u00a1GRATIS!!!<\/h1>\n<p>El d\u00eda 19 a las 12:30 te esperamos en el IES para ense\u00f1arte:<\/p>\n<p>&#8211;<a href=\"https:\/\/view.genial.ly\/5be0301d196efa3f09410238\/correo-electronico\">crear y enviar correos electr\u00f3nicos<\/a><\/p>\n<p>&#8211;<a href=\"https:\/\/view.genial.ly\/5be0310a7431924644db65fd\/pasen\">instalaci\u00f3n y uso del pasen para comunicarte con los profesores de tus hijos<\/a><\/p>\n<p>&#8211;<a href=\"https:\/\/view.genial.ly\/5be03040196efa3f094102d8\/redes-sociales\">utilizar las redes sociales de forma responsable<\/a><\/p>\n<p>&#8211;<a href=\"https:\/\/view.genial.ly\/5be400c167e67408153144bb\/como-suscribirse\">suscribirte a webs, canales de youtube etc que sean de tu inter\u00e9s<\/a><\/p>\n<p>P\u00e1sate por el Instituto y ap\u00fantate ya. Las plazas son limitadas<\/p>\n<p><a href=\"https:\/\/blogsaverroes.juntadeandalucia.es\/iesmateofranciscoderivas\/files\/2018\/11\/cartel-conectados.pdf\">car<\/a><a href=\"https:\/\/blogsaverroes.juntadeandalucia.es\/iesmateofranciscoderivas\/files\/2018\/11\/cartel-conectados.pdf\">tel conectados<\/a><\/p>\n<div id='gallery-1' class='gallery galleryid-3695 gallery-columns-3 gallery-size-full'><figure class='gallery-item'>\n\t\t\t<div class='gallery-icon landscape'>\n\t\t\t\t<a href='https:\/\/blogsaverroes.juntadeandalucia.es\/iesmateofranciscoderivas\/2018\/11\/07\/el-ies-te-digitaliza\/captura-de-pantalla-de-2018-11-08-11-10-09\/'><img loading=\"lazy\" decoding=\"async\" width=\"696\" height=\"391\" src=\"https:\/\/blogsaverroes.juntadeandalucia.es\/iesmateofranciscoderivas\/files\/2018\/11\/Captura-de-pantalla-de-2018-11-08-11-10-09.png\" class=\"attachment-full size-full\" alt=\"\" srcset=\"https:\/\/blogsaverroes.juntadeandalucia.es\/iesmateofranciscoderivas\/files\/2018\/11\/Captura-de-pantalla-de-2018-11-08-11-10-09.png 696w, https:\/\/blogsaverroes.juntadeandalucia.es\/iesmateofranciscoderivas\/files\/2018\/11\/Captura-de-pantalla-de-2018-11-08-11-10-09-300x169.png 300w, https:\/\/blogsaverroes.juntadeandalucia.es\/iesmateofranciscoderivas\/files\/2018\/11\/Captura-de-pantalla-de-2018-11-08-11-10-09-24x13.png 24w, https:\/\/blogsaverroes.juntadeandalucia.es\/iesmateofranciscoderivas\/files\/2018\/11\/Captura-de-pantalla-de-2018-11-08-11-10-09-36x20.png 36w, https:\/\/blogsaverroes.juntadeandalucia.es\/iesmateofranciscoderivas\/files\/2018\/11\/Captura-de-pantalla-de-2018-11-08-11-10-09-48x27.png 48w\" sizes=\"(max-width: 696px) 100vw, 696px\" \/><\/a>\n\t\t\t<\/div><\/figure><figure class='gallery-item'>\n\t\t\t<div class='gallery-icon landscape'>\n\t\t\t\t<a href='https:\/\/blogsaverroes.juntadeandalucia.es\/iesmateofranciscoderivas\/2018\/11\/07\/el-ies-te-digitaliza\/captura-de-pantalla-de-2018-11-08-11-11-17\/'><img loading=\"lazy\" decoding=\"async\" width=\"703\" height=\"411\" src=\"https:\/\/blogsaverroes.juntadeandalucia.es\/iesmateofranciscoderivas\/files\/2018\/11\/Captura-de-pantalla-de-2018-11-08-11-11-17.png\" class=\"attachment-full size-full\" alt=\"\" srcset=\"https:\/\/blogsaverroes.juntadeandalucia.es\/iesmateofranciscoderivas\/files\/2018\/11\/Captura-de-pantalla-de-2018-11-08-11-11-17.png 703w, https:\/\/blogsaverroes.juntadeandalucia.es\/iesmateofranciscoderivas\/files\/2018\/11\/Captura-de-pantalla-de-2018-11-08-11-11-17-300x175.png 300w, https:\/\/blogsaverroes.juntadeandalucia.es\/iesmateofranciscoderivas\/files\/2018\/11\/Captura-de-pantalla-de-2018-11-08-11-11-17-700x409.png 700w, https:\/\/blogsaverroes.juntadeandalucia.es\/iesmateofranciscoderivas\/files\/2018\/11\/Captura-de-pantalla-de-2018-11-08-11-11-17-24x14.png 24w, https:\/\/blogsaverroes.juntadeandalucia.es\/iesmateofranciscoderivas\/files\/2018\/11\/Captura-de-pantalla-de-2018-11-08-11-11-17-36x21.png 36w, https:\/\/blogsaverroes.juntadeandalucia.es\/iesmateofranciscoderivas\/files\/2018\/11\/Captura-de-pantalla-de-2018-11-08-11-11-17-48x28.png 48w\" sizes=\"(max-width: 703px) 100vw, 703px\" \/><\/a>\n\t\t\t<\/div><\/figure><figure class='gallery-item'>\n\t\t\t<div class='gallery-icon landscape'>\n\t\t\t\t<a href='https:\/\/blogsaverroes.juntadeandalucia.es\/iesmateofranciscoderivas\/2018\/11\/07\/el-ies-te-digitaliza\/captura-de-pantalla-de-2018-11-08-11-12-45\/'><img loading=\"lazy\" decoding=\"async\" width=\"800\" height=\"600\" src=\"https:\/\/blogsaverroes.juntadeandalucia.es\/iesmateofranciscoderivas\/files\/2018\/11\/Captura-de-pantalla-de-2018-11-08-11-12-45.png\" class=\"attachment-full size-full\" alt=\"\" srcset=\"https:\/\/blogsaverroes.juntadeandalucia.es\/iesmateofranciscoderivas\/files\/2018\/11\/Captura-de-pantalla-de-2018-11-08-11-12-45.png 800w, https:\/\/blogsaverroes.juntadeandalucia.es\/iesmateofranciscoderivas\/files\/2018\/11\/Captura-de-pantalla-de-2018-11-08-11-12-45-300x225.png 300w, https:\/\/blogsaverroes.juntadeandalucia.es\/iesmateofranciscoderivas\/files\/2018\/11\/Captura-de-pantalla-de-2018-11-08-11-12-45-768x576.png 768w, https:\/\/blogsaverroes.juntadeandalucia.es\/iesmateofranciscoderivas\/files\/2018\/11\/Captura-de-pantalla-de-2018-11-08-11-12-45-700x525.png 700w, https:\/\/blogsaverroes.juntadeandalucia.es\/iesmateofranciscoderivas\/files\/2018\/11\/Captura-de-pantalla-de-2018-11-08-11-12-45-24x18.png 24w, https:\/\/blogsaverroes.juntadeandalucia.es\/iesmateofranciscoderivas\/files\/2018\/11\/Captura-de-pantalla-de-2018-11-08-11-12-45-36x27.png 36w, https:\/\/blogsaverroes.juntadeandalucia.es\/iesmateofranciscoderivas\/files\/2018\/11\/Captura-de-pantalla-de-2018-11-08-11-12-45-48x36.png 48w\" sizes=\"(max-width: 800px) 100vw, 800px\" \/><\/a>\n\t\t\t<\/div><\/figure><figure class='gallery-item'>\n\t\t\t<div class='gallery-icon portrait'>\n\t\t\t\t<a href='https:\/\/blogsaverroes.juntadeandalucia.es\/iesmateofranciscoderivas\/2018\/11\/07\/el-ies-te-digitaliza\/captura-de-pantalla-de-2018-11-08-18-21-28\/'><img loading=\"lazy\" decoding=\"async\" width=\"211\" height=\"427\" src=\"https:\/\/blogsaverroes.juntadeandalucia.es\/iesmateofranciscoderivas\/files\/2018\/11\/Captura-de-pantalla-de-2018-11-08-18-21-28.png\" class=\"attachment-full size-full\" alt=\"\" srcset=\"https:\/\/blogsaverroes.juntadeandalucia.es\/iesmateofranciscoderivas\/files\/2018\/11\/Captura-de-pantalla-de-2018-11-08-18-21-28.png 211w, https:\/\/blogsaverroes.juntadeandalucia.es\/iesmateofranciscoderivas\/files\/2018\/11\/Captura-de-pantalla-de-2018-11-08-18-21-28-148x300.png 148w, https:\/\/blogsaverroes.juntadeandalucia.es\/iesmateofranciscoderivas\/files\/2018\/11\/Captura-de-pantalla-de-2018-11-08-18-21-28-12x24.png 12w, https:\/\/blogsaverroes.juntadeandalucia.es\/iesmateofranciscoderivas\/files\/2018\/11\/Captura-de-pantalla-de-2018-11-08-18-21-28-18x36.png 18w, https:\/\/blogsaverroes.juntadeandalucia.es\/iesmateofranciscoderivas\/files\/2018\/11\/Captura-de-pantalla-de-2018-11-08-18-21-28-24x48.png 24w\" sizes=\"(max-width: 211px) 100vw, 211px\" \/><\/a>\n\t\t\t<\/div><\/figure><figure class='gallery-item'>\n\t\t\t<div class='gallery-icon portrait'>\n\t\t\t\t<a href='https:\/\/blogsaverroes.juntadeandalucia.es\/iesmateofranciscoderivas\/2018\/11\/07\/el-ies-te-digitaliza\/captura-de-pantalla-de-2018-11-08-18-21-35\/'><img loading=\"lazy\" decoding=\"async\" width=\"213\" height=\"425\" src=\"https:\/\/blogsaverroes.juntadeandalucia.es\/iesmateofranciscoderivas\/files\/2018\/11\/Captura-de-pantalla-de-2018-11-08-18-21-35.png\" class=\"attachment-full size-full\" alt=\"\" srcset=\"https:\/\/blogsaverroes.juntadeandalucia.es\/iesmateofranciscoderivas\/files\/2018\/11\/Captura-de-pantalla-de-2018-11-08-18-21-35.png 213w, https:\/\/blogsaverroes.juntadeandalucia.es\/iesmateofranciscoderivas\/files\/2018\/11\/Captura-de-pantalla-de-2018-11-08-18-21-35-150x300.png 150w, https:\/\/blogsaverroes.juntadeandalucia.es\/iesmateofranciscoderivas\/files\/2018\/11\/Captura-de-pantalla-de-2018-11-08-18-21-35-12x24.png 12w, https:\/\/blogsaverroes.juntadeandalucia.es\/iesmateofranciscoderivas\/files\/2018\/11\/Captura-de-pantalla-de-2018-11-08-18-21-35-18x36.png 18w, https:\/\/blogsaverroes.juntadeandalucia.es\/iesmateofranciscoderivas\/files\/2018\/11\/Captura-de-pantalla-de-2018-11-08-18-21-35-24x48.png 24w\" sizes=\"(max-width: 213px) 100vw, 213px\" \/><\/a>\n\t\t\t<\/div><\/figure><figure class='gallery-item'>\n\t\t\t<div class='gallery-icon portrait'>\n\t\t\t\t<a href='https:\/\/blogsaverroes.juntadeandalucia.es\/iesmateofranciscoderivas\/2018\/11\/07\/el-ies-te-digitaliza\/captura-de-pantalla-de-2018-11-08-18-21-42\/'><img loading=\"lazy\" decoding=\"async\" width=\"211\" height=\"423\" src=\"https:\/\/blogsaverroes.juntadeandalucia.es\/iesmateofranciscoderivas\/files\/2018\/11\/Captura-de-pantalla-de-2018-11-08-18-21-42.png\" class=\"attachment-full size-full\" alt=\"\" srcset=\"https:\/\/blogsaverroes.juntadeandalucia.es\/iesmateofranciscoderivas\/files\/2018\/11\/Captura-de-pantalla-de-2018-11-08-18-21-42.png 211w, https:\/\/blogsaverroes.juntadeandalucia.es\/iesmateofranciscoderivas\/files\/2018\/11\/Captura-de-pantalla-de-2018-11-08-18-21-42-150x300.png 150w, https:\/\/blogsaverroes.juntadeandalucia.es\/iesmateofranciscoderivas\/files\/2018\/11\/Captura-de-pantalla-de-2018-11-08-18-21-42-12x24.png 12w, https:\/\/blogsaverroes.juntadeandalucia.es\/iesmateofranciscoderivas\/files\/2018\/11\/Captura-de-pantalla-de-2018-11-08-18-21-42-18x36.png 18w, https:\/\/blogsaverroes.juntadeandalucia.es\/iesmateofranciscoderivas\/files\/2018\/11\/Captura-de-pantalla-de-2018-11-08-18-21-42-24x48.png 24w\" sizes=\"(max-width: 211px) 100vw, 211px\" \/><\/a>\n\t\t\t<\/div><\/figure><figure class='gallery-item'>\n\t\t\t<div class='gallery-icon landscape'>\n\t\t\t\t<a href='https:\/\/blogsaverroes.juntadeandalucia.es\/iesmateofranciscoderivas\/2018\/11\/07\/el-ies-te-digitaliza\/captura-de-pantalla-de-2018-11-09-12-12-16\/'><img loading=\"lazy\" decoding=\"async\" width=\"623\" height=\"353\" src=\"https:\/\/blogsaverroes.juntadeandalucia.es\/iesmateofranciscoderivas\/files\/2018\/11\/Captura-de-pantalla-de-2018-11-09-12-12-16.png\" class=\"attachment-full size-full\" alt=\"\" srcset=\"https:\/\/blogsaverroes.juntadeandalucia.es\/iesmateofranciscoderivas\/files\/2018\/11\/Captura-de-pantalla-de-2018-11-09-12-12-16.png 623w, https:\/\/blogsaverroes.juntadeandalucia.es\/iesmateofranciscoderivas\/files\/2018\/11\/Captura-de-pantalla-de-2018-11-09-12-12-16-300x170.png 300w, https:\/\/blogsaverroes.juntadeandalucia.es\/iesmateofranciscoderivas\/files\/2018\/11\/Captura-de-pantalla-de-2018-11-09-12-12-16-24x14.png 24w, https:\/\/blogsaverroes.juntadeandalucia.es\/iesmateofranciscoderivas\/files\/2018\/11\/Captura-de-pantalla-de-2018-11-09-12-12-16-36x20.png 36w, https:\/\/blogsaverroes.juntadeandalucia.es\/iesmateofranciscoderivas\/files\/2018\/11\/Captura-de-pantalla-de-2018-11-09-12-12-16-48x27.png 48w\" sizes=\"(max-width: 623px) 100vw, 623px\" \/><\/a>\n\t\t\t<\/div><\/figure><figure class='gallery-item'>\n\t\t\t<div class='gallery-icon landscape'>\n\t\t\t\t<a href='https:\/\/blogsaverroes.juntadeandalucia.es\/iesmateofranciscoderivas\/2018\/11\/07\/el-ies-te-digitaliza\/captura-de-pantalla-de-2018-11-09-12-12-21\/'><img loading=\"lazy\" decoding=\"async\" width=\"623\" height=\"348\" src=\"https:\/\/blogsaverroes.juntadeandalucia.es\/iesmateofranciscoderivas\/files\/2018\/11\/Captura-de-pantalla-de-2018-11-09-12-12-21.png\" class=\"attachment-full size-full\" alt=\"\" srcset=\"https:\/\/blogsaverroes.juntadeandalucia.es\/iesmateofranciscoderivas\/files\/2018\/11\/Captura-de-pantalla-de-2018-11-09-12-12-21.png 623w, https:\/\/blogsaverroes.juntadeandalucia.es\/iesmateofranciscoderivas\/files\/2018\/11\/Captura-de-pantalla-de-2018-11-09-12-12-21-300x168.png 300w, https:\/\/blogsaverroes.juntadeandalucia.es\/iesmateofranciscoderivas\/files\/2018\/11\/Captura-de-pantalla-de-2018-11-09-12-12-21-24x13.png 24w, https:\/\/blogsaverroes.juntadeandalucia.es\/iesmateofranciscoderivas\/files\/2018\/11\/Captura-de-pantalla-de-2018-11-09-12-12-21-36x20.png 36w, https:\/\/blogsaverroes.juntadeandalucia.es\/iesmateofranciscoderivas\/files\/2018\/11\/Captura-de-pantalla-de-2018-11-09-12-12-21-48x27.png 48w\" sizes=\"(max-width: 623px) 100vw, 623px\" \/><\/a>\n\t\t\t<\/div><\/figure><figure class='gallery-item'>\n\t\t\t<div class='gallery-icon landscape'>\n\t\t\t\t<a href='https:\/\/blogsaverroes.juntadeandalucia.es\/iesmateofranciscoderivas\/2018\/11\/07\/el-ies-te-digitaliza\/captura-de-pantalla-de-2018-11-09-12-12-26\/'><img loading=\"lazy\" decoding=\"async\" width=\"618\" height=\"348\" src=\"https:\/\/blogsaverroes.juntadeandalucia.es\/iesmateofranciscoderivas\/files\/2018\/11\/Captura-de-pantalla-de-2018-11-09-12-12-26.png\" class=\"attachment-full size-full\" alt=\"\" srcset=\"https:\/\/blogsaverroes.juntadeandalucia.es\/iesmateofranciscoderivas\/files\/2018\/11\/Captura-de-pantalla-de-2018-11-09-12-12-26.png 618w, https:\/\/blogsaverroes.juntadeandalucia.es\/iesmateofranciscoderivas\/files\/2018\/11\/Captura-de-pantalla-de-2018-11-09-12-12-26-300x169.png 300w, https:\/\/blogsaverroes.juntadeandalucia.es\/iesmateofranciscoderivas\/files\/2018\/11\/Captura-de-pantalla-de-2018-11-09-12-12-26-24x14.png 24w, https:\/\/blogsaverroes.juntadeandalucia.es\/iesmateofranciscoderivas\/files\/2018\/11\/Captura-de-pantalla-de-2018-11-09-12-12-26-36x20.png 36w, https:\/\/blogsaverroes.juntadeandalucia.es\/iesmateofranciscoderivas\/files\/2018\/11\/Captura-de-pantalla-de-2018-11-09-12-12-26-48x27.png 48w\" sizes=\"(max-width: 618px) 100vw, 618px\" \/><\/a>\n\t\t\t<\/div><\/figure><figure class='gallery-item'>\n\t\t\t<div class='gallery-icon landscape'>\n\t\t\t\t<a href='https:\/\/blogsaverroes.juntadeandalucia.es\/iesmateofranciscoderivas\/2018\/11\/07\/el-ies-te-digitaliza\/captura-de-pantalla-de-2018-11-09-12-15-50\/'><img loading=\"lazy\" decoding=\"async\" width=\"528\" height=\"323\" src=\"https:\/\/blogsaverroes.juntadeandalucia.es\/iesmateofranciscoderivas\/files\/2018\/11\/Captura-de-pantalla-de-2018-11-09-12-15-50.png\" class=\"attachment-full size-full\" alt=\"\" srcset=\"https:\/\/blogsaverroes.juntadeandalucia.es\/iesmateofranciscoderivas\/files\/2018\/11\/Captura-de-pantalla-de-2018-11-09-12-15-50.png 528w, https:\/\/blogsaverroes.juntadeandalucia.es\/iesmateofranciscoderivas\/files\/2018\/11\/Captura-de-pantalla-de-2018-11-09-12-15-50-300x184.png 300w, https:\/\/blogsaverroes.juntadeandalucia.es\/iesmateofranciscoderivas\/files\/2018\/11\/Captura-de-pantalla-de-2018-11-09-12-15-50-268x164.png 268w, https:\/\/blogsaverroes.juntadeandalucia.es\/iesmateofranciscoderivas\/files\/2018\/11\/Captura-de-pantalla-de-2018-11-09-12-15-50-24x15.png 24w, https:\/\/blogsaverroes.juntadeandalucia.es\/iesmateofranciscoderivas\/files\/2018\/11\/Captura-de-pantalla-de-2018-11-09-12-15-50-36x22.png 36w, https:\/\/blogsaverroes.juntadeandalucia.es\/iesmateofranciscoderivas\/files\/2018\/11\/Captura-de-pantalla-de-2018-11-09-12-15-50-48x29.png 48w\" sizes=\"(max-width: 528px) 100vw, 528px\" \/><\/a>\n\t\t\t<\/div><\/figure><figure class='gallery-item'>\n\t\t\t<div class='gallery-icon landscape'>\n\t\t\t\t<a href='https:\/\/blogsaverroes.juntadeandalucia.es\/iesmateofranciscoderivas\/2018\/11\/07\/el-ies-te-digitaliza\/captura-de-pantalla-de-2018-11-09-12-15-56\/'><img loading=\"lazy\" decoding=\"async\" width=\"545\" height=\"295\" src=\"https:\/\/blogsaverroes.juntadeandalucia.es\/iesmateofranciscoderivas\/files\/2018\/11\/Captura-de-pantalla-de-2018-11-09-12-15-56.png\" class=\"attachment-full size-full\" alt=\"\" srcset=\"https:\/\/blogsaverroes.juntadeandalucia.es\/iesmateofranciscoderivas\/files\/2018\/11\/Captura-de-pantalla-de-2018-11-09-12-15-56.png 545w, https:\/\/blogsaverroes.juntadeandalucia.es\/iesmateofranciscoderivas\/files\/2018\/11\/Captura-de-pantalla-de-2018-11-09-12-15-56-300x162.png 300w, https:\/\/blogsaverroes.juntadeandalucia.es\/iesmateofranciscoderivas\/files\/2018\/11\/Captura-de-pantalla-de-2018-11-09-12-15-56-24x13.png 24w, https:\/\/blogsaverroes.juntadeandalucia.es\/iesmateofranciscoderivas\/files\/2018\/11\/Captura-de-pantalla-de-2018-11-09-12-15-56-36x19.png 36w, https:\/\/blogsaverroes.juntadeandalucia.es\/iesmateofranciscoderivas\/files\/2018\/11\/Captura-de-pantalla-de-2018-11-09-12-15-56-48x26.png 48w\" sizes=\"(max-width: 545px) 100vw, 545px\" \/><\/a>\n\t\t\t<\/div><\/figure><figure class='gallery-item'>\n\t\t\t<div class='gallery-icon landscape'>\n\t\t\t\t<a href='https:\/\/blogsaverroes.juntadeandalucia.es\/iesmateofranciscoderivas\/2018\/11\/07\/el-ies-te-digitaliza\/captura-de-pantalla-de-2018-11-09-12-16-00\/'><img loading=\"lazy\" decoding=\"async\" width=\"535\" height=\"285\" src=\"https:\/\/blogsaverroes.juntadeandalucia.es\/iesmateofranciscoderivas\/files\/2018\/11\/Captura-de-pantalla-de-2018-11-09-12-16-00.png\" class=\"attachment-full size-full\" alt=\"\" srcset=\"https:\/\/blogsaverroes.juntadeandalucia.es\/iesmateofranciscoderivas\/files\/2018\/11\/Captura-de-pantalla-de-2018-11-09-12-16-00.png 535w, https:\/\/blogsaverroes.juntadeandalucia.es\/iesmateofranciscoderivas\/files\/2018\/11\/Captura-de-pantalla-de-2018-11-09-12-16-00-300x160.png 300w, https:\/\/blogsaverroes.juntadeandalucia.es\/iesmateofranciscoderivas\/files\/2018\/11\/Captura-de-pantalla-de-2018-11-09-12-16-00-24x13.png 24w, https:\/\/blogsaverroes.juntadeandalucia.es\/iesmateofranciscoderivas\/files\/2018\/11\/Captura-de-pantalla-de-2018-11-09-12-16-00-36x19.png 36w, https:\/\/blogsaverroes.juntadeandalucia.es\/iesmateofranciscoderivas\/files\/2018\/11\/Captura-de-pantalla-de-2018-11-09-12-16-00-48x26.png 48w\" sizes=\"(max-width: 535px) 100vw, 535px\" \/><\/a>\n\t\t\t<\/div><\/figure><figure class='gallery-item'>\n\t\t\t<div class='gallery-icon landscape'>\n\t\t\t\t<a href='https:\/\/blogsaverroes.juntadeandalucia.es\/iesmateofranciscoderivas\/2018\/11\/07\/el-ies-te-digitaliza\/captura-de-pantalla-de-2018-11-09-12-16-05\/'><img loading=\"lazy\" decoding=\"async\" width=\"547\" height=\"301\" src=\"https:\/\/blogsaverroes.juntadeandalucia.es\/iesmateofranciscoderivas\/files\/2018\/11\/Captura-de-pantalla-de-2018-11-09-12-16-05.png\" class=\"attachment-full size-full\" alt=\"\" srcset=\"https:\/\/blogsaverroes.juntadeandalucia.es\/iesmateofranciscoderivas\/files\/2018\/11\/Captura-de-pantalla-de-2018-11-09-12-16-05.png 547w, https:\/\/blogsaverroes.juntadeandalucia.es\/iesmateofranciscoderivas\/files\/2018\/11\/Captura-de-pantalla-de-2018-11-09-12-16-05-300x165.png 300w, https:\/\/blogsaverroes.juntadeandalucia.es\/iesmateofranciscoderivas\/files\/2018\/11\/Captura-de-pantalla-de-2018-11-09-12-16-05-24x13.png 24w, https:\/\/blogsaverroes.juntadeandalucia.es\/iesmateofranciscoderivas\/files\/2018\/11\/Captura-de-pantalla-de-2018-11-09-12-16-05-36x20.png 36w, https:\/\/blogsaverroes.juntadeandalucia.es\/iesmateofranciscoderivas\/files\/2018\/11\/Captura-de-pantalla-de-2018-11-09-12-16-05-48x26.png 48w\" sizes=\"(max-width: 547px) 100vw, 547px\" \/><\/a>\n\t\t\t<\/div><\/figure>\n\t\t<\/div>\n\n<p>&nbsp;<\/p>\n","protected":false},"excerpt":{"rendered":"<p>\u00bfQuieres digitalizarte?&nbsp; \u00a1\u00a1\u00a1GRATIS!!! El d\u00eda 19 a las 12:30 te esperamos en el IES para ense\u00f1arte: &#8211;crear y enviar correos electr\u00f3nicos &#8211;instalaci\u00f3n y uso del&hellip;<\/p>\n","protected":false},"author":2270,"featured_media":3697,"comment_status":"open","ping_status":"closed","sticky":false,"template":"","format":"standard","meta":{"ngg_post_thumbnail":0,"footnotes":""},"categories":[934247],"tags":[],"aioseo_notices":[],"_links":{"self":[{"href":"https:\/\/blogsaverroes.juntadeandalucia.es\/iesmateofranciscoderivas\/wp-json\/wp\/v2\/posts\/3695"}],"collection":[{"href":"https:\/\/blogsaverroes.juntadeandalucia.es\/iesmateofranciscoderivas\/wp-json\/wp\/v2\/posts"}],"about":[{"href":"https:\/\/blogsaverroes.juntadeandalucia.es\/iesmateofranciscoderivas\/wp-json\/wp\/v2\/types\/post"}],"author":[{"embeddable":true,"href":"https:\/\/blogsaverroes.juntadeandalucia.es\/iesmateofranciscoderivas\/wp-json\/wp\/v2\/users\/2270"}],"replies":[{"embeddable":true,"href":"https:\/\/blogsaverroes.juntadeandalucia.es\/iesmateofranciscoderivas\/wp-json\/wp\/v2\/comments?post=3695"}],"version-history":[{"count":4,"href":"https:\/\/blogsaverroes.juntadeandalucia.es\/iesmateofranciscoderivas\/wp-json\/wp\/v2\/posts\/3695\/revisions"}],"predecessor-version":[{"id":3718,"href":"https:\/\/blogsaverroes.juntadeandalucia.es\/iesmateofranciscoderivas\/wp-json\/wp\/v2\/posts\/3695\/revisions\/3718"}],"wp:featuredmedia":[{"embeddable":true,"href":"https:\/\/blogsaverroes.juntadeandalucia.es\/iesmateofranciscoderivas\/wp-json\/wp\/v2\/media\/3697"}],"wp:attachment":[{"href":"https:\/\/blogsaverroes.juntadeandalucia.es\/iesmateofranciscoderivas\/wp-json\/wp\/v2\/media?parent=3695"}],"wp:term":[{"taxonomy":"category","embeddable":true,"href":"https:\/\/blogsaverroes.juntadeandalucia.es\/iesmateofranciscoderivas\/wp-json\/wp\/v2\/categories?post=3695"},{"taxonomy":"post_tag","embeddable":true,"href":"https:\/\/blogsaverroes.juntadeandalucia.es\/iesmateofranciscoderivas\/wp-json\/wp\/v2\/tags?post=3695"}],"curies":[{"name":"wp","href":"https:\/\/api.w.org\/{rel}","templated":true}]}}