{"id":3828,"date":"2019-04-30T18:54:44","date_gmt":"2019-04-30T17:54:44","guid":{"rendered":"https:\/\/blogsaverroes.juntadeandalucia.es\/iesmateofranciscoderivas\/?p=3828"},"modified":"2019-04-30T19:31:58","modified_gmt":"2019-04-30T18:31:58","slug":"nos-formamos-en-3c","status":"publish","type":"post","link":"https:\/\/blogsaverroes.juntadeandalucia.es\/iesmateofranciscoderivas\/2019\/04\/30\/nos-formamos-en-3c\/","title":{"rendered":"Nos formamos en 3C"},"content":{"rendered":"<h5>Durante este curso y el que viene el profesorado del IES y del CEIP de Jabalquinto nos formamos con ponentes de primer nivel en el tema de la educaci\u00f3n. Nuestro objetivo es innovar educando desde las emociones consiguiendo una formaci\u00f3n integral de nuestro alumnado. Para ello hemos asistido a numerosas conferencias y talleres con profesionales de la talla de Mar Romera, Javier Valle, Jos\u00e9 Antonio Fern\u00e1ndez Bravo, y un largo etc\u00e9tera.<\/h5>\n<h5>La \u00faltima vez que Mar estuvo en nuestro centro concedi\u00f3 una entrevista en la Cadena Ser a la que os dejo el<a href=\"https:\/\/cadenaser.com\/emisora\/2019\/04\/30\/radio_linares\/1556624887_020694.html\"> enlace para que la escuch\u00e9is.<\/a><\/h5>\n<figure id=\"attachment_3834\" aria-describedby=\"caption-attachment-3834\" style=\"width: 660px\" class=\"wp-caption alignleft\"><a href=\"https:\/\/blogsaverroes.juntadeandalucia.es\/iesmateofranciscoderivas\/files\/2019\/04\/IMG-20190425-WA0015.jpg\"><img loading=\"lazy\" decoding=\"async\" class=\"wp-image-3834 size-large\" src=\"https:\/\/blogsaverroes.juntadeandalucia.es\/iesmateofranciscoderivas\/files\/2019\/04\/IMG-20190425-WA0015-1024x589.jpg\" alt=\"\" width=\"660\" height=\"380\" srcset=\"https:\/\/blogsaverroes.juntadeandalucia.es\/iesmateofranciscoderivas\/files\/2019\/04\/IMG-20190425-WA0015.jpg 1024w, https:\/\/blogsaverroes.juntadeandalucia.es\/iesmateofranciscoderivas\/files\/2019\/04\/IMG-20190425-WA0015-300x173.jpg 300w, https:\/\/blogsaverroes.juntadeandalucia.es\/iesmateofranciscoderivas\/files\/2019\/04\/IMG-20190425-WA0015-768x442.jpg 768w, https:\/\/blogsaverroes.juntadeandalucia.es\/iesmateofranciscoderivas\/files\/2019\/04\/IMG-20190425-WA0015-700x403.jpg 700w, https:\/\/blogsaverroes.juntadeandalucia.es\/iesmateofranciscoderivas\/files\/2019\/04\/IMG-20190425-WA0015-24x14.jpg 24w, https:\/\/blogsaverroes.juntadeandalucia.es\/iesmateofranciscoderivas\/files\/2019\/04\/IMG-20190425-WA0015-36x21.jpg 36w, https:\/\/blogsaverroes.juntadeandalucia.es\/iesmateofranciscoderivas\/files\/2019\/04\/IMG-20190425-WA0015-48x28.jpg 48w\" sizes=\"(max-width: 660px) 100vw, 660px\" \/><\/a><figcaption id=\"caption-attachment-3834\" class=\"wp-caption-text\">Los equipos directivos del IES y el CEIP ampl\u00edan su formaci\u00f3n con Mar Romera con al presencia del Delegado de Educaci\u00f3n<\/figcaption><\/figure>\n<figure id=\"attachment_3833\" aria-describedby=\"caption-attachment-3833\" style=\"width: 576px\" class=\"wp-caption alignleft\"><a href=\"https:\/\/blogsaverroes.juntadeandalucia.es\/iesmateofranciscoderivas\/files\/2019\/04\/IMG-20190424-WA0026.jpg\"><img loading=\"lazy\" decoding=\"async\" class=\"wp-image-3833 size-large\" src=\"https:\/\/blogsaverroes.juntadeandalucia.es\/iesmateofranciscoderivas\/files\/2019\/04\/IMG-20190424-WA0026-576x1024.jpg\" alt=\"\" width=\"576\" height=\"1024\" srcset=\"https:\/\/blogsaverroes.juntadeandalucia.es\/iesmateofranciscoderivas\/files\/2019\/04\/IMG-20190424-WA0026.jpg 576w, https:\/\/blogsaverroes.juntadeandalucia.es\/iesmateofranciscoderivas\/files\/2019\/04\/IMG-20190424-WA0026-169x300.jpg 169w, https:\/\/blogsaverroes.juntadeandalucia.es\/iesmateofranciscoderivas\/files\/2019\/04\/IMG-20190424-WA0026-14x24.jpg 14w, https:\/\/blogsaverroes.juntadeandalucia.es\/iesmateofranciscoderivas\/files\/2019\/04\/IMG-20190424-WA0026-20x36.jpg 20w, https:\/\/blogsaverroes.juntadeandalucia.es\/iesmateofranciscoderivas\/files\/2019\/04\/IMG-20190424-WA0026-27x48.jpg 27w\" sizes=\"(max-width: 576px) 100vw, 576px\" \/><\/a><figcaption id=\"caption-attachment-3833\" class=\"wp-caption-text\">EL Delegado tuitea la jornada de formaci\u00f3n con Mar Romera<\/figcaption><\/figure>\n<figure id=\"attachment_3835\" aria-describedby=\"caption-attachment-3835\" style=\"width: 660px\" class=\"wp-caption alignleft\"><a href=\"https:\/\/blogsaverroes.juntadeandalucia.es\/iesmateofranciscoderivas\/files\/2019\/04\/IMG-20190425-WA0022.jpg\"><img loading=\"lazy\" decoding=\"async\" class=\"wp-image-3835 size-large\" src=\"https:\/\/blogsaverroes.juntadeandalucia.es\/iesmateofranciscoderivas\/files\/2019\/04\/IMG-20190425-WA0022-1024x768.jpg\" alt=\"\" width=\"660\" height=\"495\" srcset=\"https:\/\/blogsaverroes.juntadeandalucia.es\/iesmateofranciscoderivas\/files\/2019\/04\/IMG-20190425-WA0022-1024x768.jpg 1024w, https:\/\/blogsaverroes.juntadeandalucia.es\/iesmateofranciscoderivas\/files\/2019\/04\/IMG-20190425-WA0022-300x225.jpg 300w, https:\/\/blogsaverroes.juntadeandalucia.es\/iesmateofranciscoderivas\/files\/2019\/04\/IMG-20190425-WA0022-768x576.jpg 768w, https:\/\/blogsaverroes.juntadeandalucia.es\/iesmateofranciscoderivas\/files\/2019\/04\/IMG-20190425-WA0022-700x525.jpg 700w, https:\/\/blogsaverroes.juntadeandalucia.es\/iesmateofranciscoderivas\/files\/2019\/04\/IMG-20190425-WA0022-24x18.jpg 24w, https:\/\/blogsaverroes.juntadeandalucia.es\/iesmateofranciscoderivas\/files\/2019\/04\/IMG-20190425-WA0022-36x27.jpg 36w, https:\/\/blogsaverroes.juntadeandalucia.es\/iesmateofranciscoderivas\/files\/2019\/04\/IMG-20190425-WA0022-48x36.jpg 48w, https:\/\/blogsaverroes.juntadeandalucia.es\/iesmateofranciscoderivas\/files\/2019\/04\/IMG-20190425-WA0022.jpg 1600w\" sizes=\"(max-width: 660px) 100vw, 660px\" \/><\/a><figcaption id=\"caption-attachment-3835\" class=\"wp-caption-text\">Alumnos de 3\u00ba de ESO de matem\u00e1ticas tras poner en pr\u00e1ctica estrategias aprendidas en la formaci\u00f3n<\/figcaption><\/figure>\n<p>&nbsp;<\/p>\n<p>&nbsp;<\/p>\n<p>&nbsp;<\/p>\n<figure id=\"attachment_3837\" aria-describedby=\"caption-attachment-3837\" style=\"width: 660px\" class=\"wp-caption alignleft\"><a href=\"https:\/\/blogsaverroes.juntadeandalucia.es\/iesmateofranciscoderivas\/files\/2019\/04\/IMG-20190209-WA0009.jpg\"><img loading=\"lazy\" decoding=\"async\" class=\"wp-image-3837 size-large\" src=\"https:\/\/blogsaverroes.juntadeandalucia.es\/iesmateofranciscoderivas\/files\/2019\/04\/IMG-20190209-WA0009-1024x768.jpg\" alt=\"\" width=\"660\" height=\"495\" srcset=\"https:\/\/blogsaverroes.juntadeandalucia.es\/iesmateofranciscoderivas\/files\/2019\/04\/IMG-20190209-WA0009-1024x768.jpg 1024w, https:\/\/blogsaverroes.juntadeandalucia.es\/iesmateofranciscoderivas\/files\/2019\/04\/IMG-20190209-WA0009-300x225.jpg 300w, https:\/\/blogsaverroes.juntadeandalucia.es\/iesmateofranciscoderivas\/files\/2019\/04\/IMG-20190209-WA0009-768x576.jpg 768w, https:\/\/blogsaverroes.juntadeandalucia.es\/iesmateofranciscoderivas\/files\/2019\/04\/IMG-20190209-WA0009-700x525.jpg 700w, https:\/\/blogsaverroes.juntadeandalucia.es\/iesmateofranciscoderivas\/files\/2019\/04\/IMG-20190209-WA0009-24x18.jpg 24w, https:\/\/blogsaverroes.juntadeandalucia.es\/iesmateofranciscoderivas\/files\/2019\/04\/IMG-20190209-WA0009-36x27.jpg 36w, https:\/\/blogsaverroes.juntadeandalucia.es\/iesmateofranciscoderivas\/files\/2019\/04\/IMG-20190209-WA0009-48x36.jpg 48w, https:\/\/blogsaverroes.juntadeandalucia.es\/iesmateofranciscoderivas\/files\/2019\/04\/IMG-20190209-WA0009.jpg 1600w\" sizes=\"(max-width: 660px) 100vw, 660px\" \/><\/a><figcaption id=\"caption-attachment-3837\" class=\"wp-caption-text\">Los profesores y maestros de Jabalquinto se forman con Fern\u00e1ndez Bravo. Y nuestro querido Jorge tambi\u00e9n.<\/figcaption><\/figure>\n<figure id=\"attachment_3830\" aria-describedby=\"caption-attachment-3830\" style=\"width: 660px\" class=\"wp-caption alignleft\"><a href=\"https:\/\/blogsaverroes.juntadeandalucia.es\/iesmateofranciscoderivas\/files\/2019\/04\/IMG_20190131_123843.jpg\"><img loading=\"lazy\" decoding=\"async\" class=\"wp-image-3830 size-large\" src=\"https:\/\/blogsaverroes.juntadeandalucia.es\/iesmateofranciscoderivas\/files\/2019\/04\/IMG_20190131_123843-1024x768.jpg\" alt=\"\" width=\"660\" height=\"495\" srcset=\"https:\/\/blogsaverroes.juntadeandalucia.es\/iesmateofranciscoderivas\/files\/2019\/04\/IMG_20190131_123843-1024x768.jpg 1024w, https:\/\/blogsaverroes.juntadeandalucia.es\/iesmateofranciscoderivas\/files\/2019\/04\/IMG_20190131_123843-300x225.jpg 300w, https:\/\/blogsaverroes.juntadeandalucia.es\/iesmateofranciscoderivas\/files\/2019\/04\/IMG_20190131_123843-768x576.jpg 768w, https:\/\/blogsaverroes.juntadeandalucia.es\/iesmateofranciscoderivas\/files\/2019\/04\/IMG_20190131_123843-700x525.jpg 700w, https:\/\/blogsaverroes.juntadeandalucia.es\/iesmateofranciscoderivas\/files\/2019\/04\/IMG_20190131_123843-24x18.jpg 24w, https:\/\/blogsaverroes.juntadeandalucia.es\/iesmateofranciscoderivas\/files\/2019\/04\/IMG_20190131_123843-36x27.jpg 36w, https:\/\/blogsaverroes.juntadeandalucia.es\/iesmateofranciscoderivas\/files\/2019\/04\/IMG_20190131_123843-48x36.jpg 48w, https:\/\/blogsaverroes.juntadeandalucia.es\/iesmateofranciscoderivas\/files\/2019\/04\/IMG_20190131_123843.jpg 1600w\" sizes=\"(max-width: 660px) 100vw, 660px\" \/><\/a><figcaption id=\"caption-attachment-3830\" class=\"wp-caption-text\">El Equipo Directivo del IES asiste a una conferencia de Javier Valle<\/figcaption><\/figure>\n<figure id=\"attachment_3831\" aria-describedby=\"caption-attachment-3831\" style=\"width: 660px\" class=\"wp-caption alignleft\"><a href=\"https:\/\/blogsaverroes.juntadeandalucia.es\/iesmateofranciscoderivas\/files\/2019\/04\/1556624887_020694_1556625871_noticia_normal.jpg\"><img loading=\"lazy\" decoding=\"async\" class=\"wp-image-3831 size-large\" src=\"https:\/\/blogsaverroes.juntadeandalucia.es\/iesmateofranciscoderivas\/files\/2019\/04\/1556624887_020694_1556625871_noticia_normal-1005x1024.jpg\" alt=\"\" width=\"660\" height=\"672\" srcset=\"https:\/\/blogsaverroes.juntadeandalucia.es\/iesmateofranciscoderivas\/files\/2019\/04\/1556624887_020694_1556625871_noticia_normal-1005x1024.jpg 1005w, https:\/\/blogsaverroes.juntadeandalucia.es\/iesmateofranciscoderivas\/files\/2019\/04\/1556624887_020694_1556625871_noticia_normal-295x300.jpg 295w, https:\/\/blogsaverroes.juntadeandalucia.es\/iesmateofranciscoderivas\/files\/2019\/04\/1556624887_020694_1556625871_noticia_normal-768x782.jpg 768w, https:\/\/blogsaverroes.juntadeandalucia.es\/iesmateofranciscoderivas\/files\/2019\/04\/1556624887_020694_1556625871_noticia_normal-700x713.jpg 700w, https:\/\/blogsaverroes.juntadeandalucia.es\/iesmateofranciscoderivas\/files\/2019\/04\/1556624887_020694_1556625871_noticia_normal-24x24.jpg 24w, https:\/\/blogsaverroes.juntadeandalucia.es\/iesmateofranciscoderivas\/files\/2019\/04\/1556624887_020694_1556625871_noticia_normal-36x36.jpg 36w, https:\/\/blogsaverroes.juntadeandalucia.es\/iesmateofranciscoderivas\/files\/2019\/04\/1556624887_020694_1556625871_noticia_normal-48x48.jpg 48w, https:\/\/blogsaverroes.juntadeandalucia.es\/iesmateofranciscoderivas\/files\/2019\/04\/1556624887_020694_1556625871_noticia_normal-50x50.jpg 50w, https:\/\/blogsaverroes.juntadeandalucia.es\/iesmateofranciscoderivas\/files\/2019\/04\/1556624887_020694_1556625871_noticia_normal.jpg 1080w\" sizes=\"(max-width: 660px) 100vw, 660px\" \/><\/a><figcaption id=\"caption-attachment-3831\" class=\"wp-caption-text\">Mar Romera en la entrevista en Cadena Ser Linares<\/figcaption><\/figure>\n<p><a href=\"https:\/\/blogsaverroes.juntadeandalucia.es\/iesmateofranciscoderivas\/files\/2019\/04\/IMG_20190131_123841.jpg\"><img loading=\"lazy\" decoding=\"async\" class=\"alignleft size-large wp-image-3829\" src=\"https:\/\/blogsaverroes.juntadeandalucia.es\/iesmateofranciscoderivas\/files\/2019\/04\/IMG_20190131_123841-1024x768.jpg\" alt=\"\" width=\"660\" height=\"495\" srcset=\"https:\/\/blogsaverroes.juntadeandalucia.es\/iesmateofranciscoderivas\/files\/2019\/04\/IMG_20190131_123841-1024x768.jpg 1024w, https:\/\/blogsaverroes.juntadeandalucia.es\/iesmateofranciscoderivas\/files\/2019\/04\/IMG_20190131_123841-300x225.jpg 300w, https:\/\/blogsaverroes.juntadeandalucia.es\/iesmateofranciscoderivas\/files\/2019\/04\/IMG_20190131_123841-768x576.jpg 768w, https:\/\/blogsaverroes.juntadeandalucia.es\/iesmateofranciscoderivas\/files\/2019\/04\/IMG_20190131_123841-700x525.jpg 700w, https:\/\/blogsaverroes.juntadeandalucia.es\/iesmateofranciscoderivas\/files\/2019\/04\/IMG_20190131_123841-24x18.jpg 24w, https:\/\/blogsaverroes.juntadeandalucia.es\/iesmateofranciscoderivas\/files\/2019\/04\/IMG_20190131_123841-36x27.jpg 36w, https:\/\/blogsaverroes.juntadeandalucia.es\/iesmateofranciscoderivas\/files\/2019\/04\/IMG_20190131_123841-48x36.jpg 48w, https:\/\/blogsaverroes.juntadeandalucia.es\/iesmateofranciscoderivas\/files\/2019\/04\/IMG_20190131_123841.jpg 1600w\" sizes=\"(max-width: 660px) 100vw, 660px\" \/><\/a><\/p>\n","protected":false},"excerpt":{"rendered":"<p>Durante este curso y el que viene el profesorado del IES y del CEIP de Jabalquinto nos formamos con ponentes de primer nivel en el&hellip;<\/p>\n","protected":false},"author":2270,"featured_media":3831,"comment_status":"open","ping_status":"closed","sticky":false,"template":"","format":"standard","meta":{"ngg_post_thumbnail":0,"footnotes":""},"categories":[934247,5625],"tags":[],"aioseo_notices":[],"_links":{"self":[{"href":"https:\/\/blogsaverroes.juntadeandalucia.es\/iesmateofranciscoderivas\/wp-json\/wp\/v2\/posts\/3828"}],"collection":[{"href":"https:\/\/blogsaverroes.juntadeandalucia.es\/iesmateofranciscoderivas\/wp-json\/wp\/v2\/posts"}],"about":[{"href":"https:\/\/blogsaverroes.juntadeandalucia.es\/iesmateofranciscoderivas\/wp-json\/wp\/v2\/types\/post"}],"author":[{"embeddable":true,"href":"https:\/\/blogsaverroes.juntadeandalucia.es\/iesmateofranciscoderivas\/wp-json\/wp\/v2\/users\/2270"}],"replies":[{"embeddable":true,"href":"https:\/\/blogsaverroes.juntadeandalucia.es\/iesmateofranciscoderivas\/wp-json\/wp\/v2\/comments?post=3828"}],"version-history":[{"count":3,"href":"https:\/\/blogsaverroes.juntadeandalucia.es\/iesmateofranciscoderivas\/wp-json\/wp\/v2\/posts\/3828\/revisions"}],"predecessor-version":[{"id":3838,"href":"https:\/\/blogsaverroes.juntadeandalucia.es\/iesmateofranciscoderivas\/wp-json\/wp\/v2\/posts\/3828\/revisions\/3838"}],"wp:featuredmedia":[{"embeddable":true,"href":"https:\/\/blogsaverroes.juntadeandalucia.es\/iesmateofranciscoderivas\/wp-json\/wp\/v2\/media\/3831"}],"wp:attachment":[{"href":"https:\/\/blogsaverroes.juntadeandalucia.es\/iesmateofranciscoderivas\/wp-json\/wp\/v2\/media?parent=3828"}],"wp:term":[{"taxonomy":"category","embeddable":true,"href":"https:\/\/blogsaverroes.juntadeandalucia.es\/iesmateofranciscoderivas\/wp-json\/wp\/v2\/categories?post=3828"},{"taxonomy":"post_tag","embeddable":true,"href":"https:\/\/blogsaverroes.juntadeandalucia.es\/iesmateofranciscoderivas\/wp-json\/wp\/v2\/tags?post=3828"}],"curies":[{"name":"wp","href":"https:\/\/api.w.org\/{rel}","templated":true}]}}