{"id":1439,"date":"2024-10-29T09:23:18","date_gmt":"2024-10-29T08:23:18","guid":{"rendered":"https:\/\/blogsaverroes.juntadeandalucia.es\/iesmercedeslabrador\/?p=1439"},"modified":"2024-10-29T09:24:08","modified_gmt":"2024-10-29T08:24:08","slug":"insignia-selfie-2024-25","status":"publish","type":"post","link":"https:\/\/blogsaverroes.juntadeandalucia.es\/iesmercedeslabrador\/insignia-selfie-2024-25\/","title":{"rendered":"Insignia SELFIE 2024-25"},"content":{"rendered":"<p>Un a\u00f1o m\u00e1s, nuestro centro ha obtenido la insignia SELFIE 2024-2025. Alumnos, profesores y responsables educativos han participado en este programa desarrollado por la Comisi\u00f3n Europea, con un equipo internacional de expertos. El objetivo de SELFIE es fomentar la reflexi\u00f3n personal en relaci\u00f3n con el uso de tecnolog\u00edas digitales para la docencia y el aprendizaje. Para ayudar a definir su&nbsp;<strong>Plan de Actuaci\u00f3n Digital<\/strong>, el Centro Com\u00fan de Investigaci\u00f3n de la&nbsp;Comisi\u00f3n Europea&nbsp;facilita a cualquier centro interesado el&nbsp;<strong>Informe SELFIE<\/strong>. Se trata de una herramienta que permite evaluar el potencial digital del centro y reconocer de forma objetiva su situaci\u00f3n en relaci\u00f3n a la&nbsp;transformaci\u00f3n digital.<\/p>\n<p style=\"text-align: center\"><img fetchpriority=\"high\" fetchpriority=\"high\" decoding=\"async\" class=\"alignnone wp-image-1438\" src=\"https:\/\/blogsaverroes.juntadeandalucia.es\/iesmercedeslabrador\/files\/2024\/10\/SELFIE-2024-2025.-session-1-1024x1024.png\" alt=\"Insignia SELFIE 24-25\" width=\"267\" height=\"267\"><\/p>\n","protected":false},"excerpt":{"rendered":"<p>Un a\u00f1o m\u00e1s, nuestro centro ha obtenido la insignia SELFIE 2024-2025. Alumnos, profesores y responsables educativos han participado en este programa desarrollado por la Comisi\u00f3n Europea, con un equipo internacional de expertos. El objetivo de SELFIE es fomentar la reflexi\u00f3n personal en relaci\u00f3n con el uso de tecnolog\u00edas digitales para la docencia y el aprendizaje. [&hellip;]<\/p>\n","protected":false},"author":7995,"featured_media":1438,"comment_status":"closed","ping_status":"open","sticky":false,"template":"","format":"standard","meta":{"_et_pb_use_builder":"","_et_pb_old_content":"","_et_gb_content_width":"","ngg_post_thumbnail":0,"footnotes":""},"categories":[4],"tags":[],"aioseo_notices":[],"_links":{"self":[{"href":"https:\/\/blogsaverroes.juntadeandalucia.es\/iesmercedeslabrador\/wp-json\/wp\/v2\/posts\/1439"}],"collection":[{"href":"https:\/\/blogsaverroes.juntadeandalucia.es\/iesmercedeslabrador\/wp-json\/wp\/v2\/posts"}],"about":[{"href":"https:\/\/blogsaverroes.juntadeandalucia.es\/iesmercedeslabrador\/wp-json\/wp\/v2\/types\/post"}],"author":[{"embeddable":true,"href":"https:\/\/blogsaverroes.juntadeandalucia.es\/iesmercedeslabrador\/wp-json\/wp\/v2\/users\/7995"}],"replies":[{"embeddable":true,"href":"https:\/\/blogsaverroes.juntadeandalucia.es\/iesmercedeslabrador\/wp-json\/wp\/v2\/comments?post=1439"}],"version-history":[{"count":1,"href":"https:\/\/blogsaverroes.juntadeandalucia.es\/iesmercedeslabrador\/wp-json\/wp\/v2\/posts\/1439\/revisions"}],"predecessor-version":[{"id":1440,"href":"https:\/\/blogsaverroes.juntadeandalucia.es\/iesmercedeslabrador\/wp-json\/wp\/v2\/posts\/1439\/revisions\/1440"}],"wp:featuredmedia":[{"embeddable":true,"href":"https:\/\/blogsaverroes.juntadeandalucia.es\/iesmercedeslabrador\/wp-json\/wp\/v2\/media\/1438"}],"wp:attachment":[{"href":"https:\/\/blogsaverroes.juntadeandalucia.es\/iesmercedeslabrador\/wp-json\/wp\/v2\/media?parent=1439"}],"wp:term":[{"taxonomy":"category","embeddable":true,"href":"https:\/\/blogsaverroes.juntadeandalucia.es\/iesmercedeslabrador\/wp-json\/wp\/v2\/categories?post=1439"},{"taxonomy":"post_tag","embeddable":true,"href":"https:\/\/blogsaverroes.juntadeandalucia.es\/iesmercedeslabrador\/wp-json\/wp\/v2\/tags?post=1439"}],"curies":[{"name":"wp","href":"https:\/\/api.w.org\/{rel}","templated":true}]}}