{"id":3849,"date":"2026-04-24T11:33:49","date_gmt":"2026-04-24T11:33:49","guid":{"rendered":"https:\/\/blogsaverroes.juntadeandalucia.es\/iesmiguelcrespo\/?p=3849"},"modified":"2026-04-24T11:34:20","modified_gmt":"2026-04-24T11:34:20","slug":"programa-rutas-literarias","status":"publish","type":"post","link":"https:\/\/blogsaverroes.juntadeandalucia.es\/iesmiguelcrespo\/programa-rutas-literarias\/","title":{"rendered":"PROGRAMA RUTAS LITERARIAS"},"content":{"rendered":"<p><strong><span style=\"text-decoration: underline\">Alumnado Seleccionado:<\/span><\/strong><\/p>\n<ol>\n<li>VERA ARIZA SERRANO<\/li>\n<li>LOLA TOLEDANO RAM\u00cdREZ<\/li>\n<li>MARIBEL RIDER COSTA<\/li>\n<li>MAR\u00cdA DOLORES CRESPO RUIZ<\/li>\n<li>FEDERICO IB\u00c1\u00d1EZ JIM\u00c9NEZ<\/li>\n<li>NIOBE CARDADOR GAL\u00c1N<\/li>\n<li>ANA RIDER COSTA<\/li>\n<li>FRANCISCO M\u00c1RQUEZ N\u00da\u00d1EZ<\/li>\n<li>JULIA MOLERO CASTILLO<\/li>\n<li>FERNANDO MOLERO GAL\u00c1N<\/li>\n<li>PABLO L\u00d3PEZ LUNA<\/li>\n<li>CARLOTA RODR\u00cdGUEZ GALLARDO<\/li>\n<li>ISABEL CASAS MORALES<\/li>\n<li>FRANCISCO GALLARDO PALMA<\/li>\n<li>ANA COLETO LAGUNA<\/li>\n<li>\u00c9RIKA TOLEDANO MOYA<\/li>\n<li>MAR\u00cdA ARAGON\u00c9S JIM\u00c9NEZ<\/li>\n<li>NICOL\u00c1S P\u00c9REZ GODOY<\/li>\n<li>ALONSO ANT\u00daNEZ P\u00c9REZ<\/li>\n<li>PAULA CASTILLO SERRANO<\/li>\n<li>CARLOS MANUEL PRIETO JIM\u00c9NEZ<\/li>\n<li>MIGUEL ANT\u00daNEZ TORRES<\/li>\n<li>BLANCA GARC\u00cdA S\u00c1NCHEZ<\/li>\n<\/ol>\n<p><span style=\"text-decoration: underline\"><strong>Alumnado en reserva:<\/strong><\/span><\/p>\n<ol>\n<li>ALBA L\u00d3PEZ GARC\u00cdA<\/li>\n<li>TERESA MIRANDA<\/li>\n<li>ENZO M\u00c1RQUEZ RAMOS<\/li>\n<li>JOS\u00c9 ANTONIO HIDALGO ALBA<\/li>\n<li>IRENE PI\u00d1ERO ARAG\u00d3N<\/li>\n<li>ROSA G\u00d3MEZ OTEROS<\/li>\n<\/ol>\n","protected":false},"excerpt":{"rendered":"<p>Alumnado Seleccionado: VERA ARIZA SERRANO LOLA TOLEDANO RAM\u00cdREZ MARIBEL RIDER COSTA MAR\u00cdA DOLORES CRESPO RUIZ FEDERICO IB\u00c1\u00d1EZ JIM\u00c9NEZ NIOBE CARDADOR GAL\u00c1N ANA RIDER COSTA FRANCISCO M\u00c1RQUEZ N\u00da\u00d1EZ JULIA MOLERO CASTILLO FERNANDO MOLERO GAL\u00c1N PABLO L\u00d3PEZ LUNA CARLOTA RODR\u00cdGUEZ GALLARDO ISABEL CASAS MORALES FRANCISCO GALLARDO PALMA ANA COLETO LAGUNA \u00c9RIKA TOLEDANO MOYA MAR\u00cdA ARAGON\u00c9S JIM\u00c9NEZ NICOL\u00c1S [&hellip;]<\/p>\n","protected":false},"author":16499,"featured_media":0,"comment_status":"closed","ping_status":"open","sticky":false,"template":"","format":"standard","meta":{"ngg_post_thumbnail":0,"footnotes":""},"categories":[11909],"tags":[],"aioseo_notices":[],"_links":{"self":[{"href":"https:\/\/blogsaverroes.juntadeandalucia.es\/iesmiguelcrespo\/wp-json\/wp\/v2\/posts\/3849"}],"collection":[{"href":"https:\/\/blogsaverroes.juntadeandalucia.es\/iesmiguelcrespo\/wp-json\/wp\/v2\/posts"}],"about":[{"href":"https:\/\/blogsaverroes.juntadeandalucia.es\/iesmiguelcrespo\/wp-json\/wp\/v2\/types\/post"}],"author":[{"embeddable":true,"href":"https:\/\/blogsaverroes.juntadeandalucia.es\/iesmiguelcrespo\/wp-json\/wp\/v2\/users\/16499"}],"replies":[{"embeddable":true,"href":"https:\/\/blogsaverroes.juntadeandalucia.es\/iesmiguelcrespo\/wp-json\/wp\/v2\/comments?post=3849"}],"version-history":[{"count":4,"href":"https:\/\/blogsaverroes.juntadeandalucia.es\/iesmiguelcrespo\/wp-json\/wp\/v2\/posts\/3849\/revisions"}],"predecessor-version":[{"id":3853,"href":"https:\/\/blogsaverroes.juntadeandalucia.es\/iesmiguelcrespo\/wp-json\/wp\/v2\/posts\/3849\/revisions\/3853"}],"wp:attachment":[{"href":"https:\/\/blogsaverroes.juntadeandalucia.es\/iesmiguelcrespo\/wp-json\/wp\/v2\/media?parent=3849"}],"wp:term":[{"taxonomy":"category","embeddable":true,"href":"https:\/\/blogsaverroes.juntadeandalucia.es\/iesmiguelcrespo\/wp-json\/wp\/v2\/categories?post=3849"},{"taxonomy":"post_tag","embeddable":true,"href":"https:\/\/blogsaverroes.juntadeandalucia.es\/iesmiguelcrespo\/wp-json\/wp\/v2\/tags?post=3849"}],"curies":[{"name":"wp","href":"https:\/\/api.w.org\/{rel}","templated":true}]}}