{"id":51583,"date":"2025-05-23T14:12:40","date_gmt":"2025-05-23T12:12:40","guid":{"rendered":"https:\/\/blogsaverroes.juntadeandalucia.es\/iesmiguelservet\/?p=51583"},"modified":"2025-05-23T14:19:34","modified_gmt":"2025-05-23T12:19:34","slug":"fechas-y-el-procedimiento-de-escolarizacion-en-ciclos-formativos-de-grado-medio-y-superior-de-formacion-profesional","status":"publish","type":"post","link":"https:\/\/blogsaverroes.juntadeandalucia.es\/iesmiguelservet\/2025\/05\/23\/fechas-y-el-procedimiento-de-escolarizacion-en-ciclos-formativos-de-grado-medio-y-superior-de-formacion-profesional\/","title":{"rendered":"Fechas y el procedimiento de escolarizaci\u00f3n en ciclos formativos de grado medio y superior de Formaci\u00f3n Profesional"},"content":{"rendered":"<p style=\"text-align: justify\">Adjuntamos presentaci\u00f3n sobre las fechas y el procedimiento de escolarizaci\u00f3n en ciclos formativos de grado medio y superior de Formaci\u00f3n Profesional.<strong>&nbsp;<span style=\"color: #333399\">El pr\u00f3ximo 4 de junio, a las 17 horas<\/span>, el orientador dar\u00e1 una charla informativa sobre este procedimiento en la biblioteca del centro.<\/strong>&nbsp;A dicha reuni\u00f3n&nbsp;<strong>podr\u00e1 asistir tanto el alumnado como las familias<\/strong> interesadas en estas ense\u00f1anzas. Adem\u00e1s de explicar la solicitud de admisi\u00f3n y matr\u00edcula, por si todav\u00eda tienen algunas dudas, les incluimos en el documento enlaces sobre la oferta educativa disponible, v\u00eddeos de la Consejer\u00eda de Educaci\u00f3n sobre las distintas familias profesionales de FP, o el portal de escolarizaci\u00f3n de la Junta de Andaluc\u00eda.<\/p>\n<p style=\"text-align: justify\">Un saludo.<\/p>\n<p><a href=\"https:\/\/blogsaverroes.juntadeandalucia.es\/iesmiguelservet\/files\/2025\/05\/Presentacion-Escolarizacion-Formacion-Profesional-2025-def.pdf\">Presentaci\u00f3n Escolarizaci\u00f3n Formaci\u00f3n Profesional 2025 def<\/a><\/p>\n","protected":false},"excerpt":{"rendered":"<p>Adjuntamos presentaci\u00f3n sobre las fechas y el procedimiento de escolarizaci\u00f3n en ciclos formativos de grado medio y superior de Formaci\u00f3n Profesional.&nbsp;El pr\u00f3ximo 4 de junio, a las 17 horas, el orientador dar\u00e1 una charla&#46;&#46;&#46;<\/p>\n","protected":false},"author":3727,"featured_media":51586,"comment_status":"closed","ping_status":"open","sticky":false,"template":"","format":"image","meta":{"ngg_post_thumbnail":0,"footnotes":""},"categories":[26636,25510],"tags":[],"aioseo_notices":[],"_links":{"self":[{"href":"https:\/\/blogsaverroes.juntadeandalucia.es\/iesmiguelservet\/wp-json\/wp\/v2\/posts\/51583"}],"collection":[{"href":"https:\/\/blogsaverroes.juntadeandalucia.es\/iesmiguelservet\/wp-json\/wp\/v2\/posts"}],"about":[{"href":"https:\/\/blogsaverroes.juntadeandalucia.es\/iesmiguelservet\/wp-json\/wp\/v2\/types\/post"}],"author":[{"embeddable":true,"href":"https:\/\/blogsaverroes.juntadeandalucia.es\/iesmiguelservet\/wp-json\/wp\/v2\/users\/3727"}],"replies":[{"embeddable":true,"href":"https:\/\/blogsaverroes.juntadeandalucia.es\/iesmiguelservet\/wp-json\/wp\/v2\/comments?post=51583"}],"version-history":[{"count":1,"href":"https:\/\/blogsaverroes.juntadeandalucia.es\/iesmiguelservet\/wp-json\/wp\/v2\/posts\/51583\/revisions"}],"predecessor-version":[{"id":51585,"href":"https:\/\/blogsaverroes.juntadeandalucia.es\/iesmiguelservet\/wp-json\/wp\/v2\/posts\/51583\/revisions\/51585"}],"wp:featuredmedia":[{"embeddable":true,"href":"https:\/\/blogsaverroes.juntadeandalucia.es\/iesmiguelservet\/wp-json\/wp\/v2\/media\/51586"}],"wp:attachment":[{"href":"https:\/\/blogsaverroes.juntadeandalucia.es\/iesmiguelservet\/wp-json\/wp\/v2\/media?parent=51583"}],"wp:term":[{"taxonomy":"category","embeddable":true,"href":"https:\/\/blogsaverroes.juntadeandalucia.es\/iesmiguelservet\/wp-json\/wp\/v2\/categories?post=51583"},{"taxonomy":"post_tag","embeddable":true,"href":"https:\/\/blogsaverroes.juntadeandalucia.es\/iesmiguelservet\/wp-json\/wp\/v2\/tags?post=51583"}],"curies":[{"name":"wp","href":"https:\/\/api.w.org\/{rel}","templated":true}]}}