{"id":169,"date":"2013-03-11T23:00:00","date_gmt":"2013-03-11T23:00:00","guid":{"rendered":"http:\/\/localhost\/wordpress\/ceipmiradorgenil\/2013\/03\/11\/proyecto-comenius\/"},"modified":"2013-03-11T23:00:00","modified_gmt":"2013-03-11T23:00:00","slug":"proyecto-comenius","status":"publish","type":"post","link":"https:\/\/blogsaverroes.juntadeandalucia.es\/iesmiradordelgenil\/proyecto-comenius\/","title":{"rendered":"INTERCAMBIO COMENIUS CON EL ISTITUTO DI MILENA E CAMPOFRANCO DE ITALIA"},"content":{"rendered":"<div><span style=\"font-size: 14pt\"><span style=\"font-size: 12pt\">Para ver las fotos de la visita pincha<\/span> <a href=\"http:\/\/abranchofoliveagiftoflife.wikispaces.com\/Foto%20Meeting%20in%20Sicily%20in%20March\">aqui<\/a><\/span><\/div>\n<div><\/div>\n<div style=\"text-align: justify\"><span style=\"font-family: 'Vrinda','sans-serif';color: black;font-size: 14pt\">Los alumnos del Ies Mirador del Genil se preparan para visitar el Istituto di Milena e Campofranco del municipio de Milena en Sicilia, Italia, dentro del Programa Comenius \u00abA Branch of Olive, A Gift of Life.<\/span><\/div>\n<div style=\"text-align: justify\"><span style=\"font-family: 'Vrinda','sans-serif';color: black;font-size: 14pt\"><span style=\"font-family: Times New Roman\">&nbsp;<\/span><\/span><\/div>\n<div style=\"text-align: justify\"><span style=\"font-family: 'Vrinda','sans-serif';color: black;font-size: 14pt\">El pr\u00f3ximo viernes, 15 de marzo, un grupo de alumnos pertenecientes a 2\u00ba y 3er curso de la ESO, junto con los profesores M\u00aa Jos\u00e9 Malag\u00f3n, Paco Rold\u00e1n y Carmen M\u00aa Arcos, viajar\u00e1n al municipio de Milena para realizar un intercambio con los estudiantes del centro de primaria y secundaria del lugar. En el transcurso de una semana, nuestros alumnos compartir\u00e1n diversas experiencias con los alumnos italianos, as\u00ed como con otros alumnos que provienen de los municipios de Tarso y Corfu, en Turqu\u00eda y Grecia respectivamente. Enmarcado dentro de la Asociaci\u00f3n Multilateral Comenius que mantiene nuestro centro con otros tres centros europeos en Italia, Grecia y Turqu\u00eda, los estudiantes presentar\u00e1n los proyectos trabajados durante el curso en las asignaturas de ingl\u00e9s, tecnolog\u00eda y ciencias naturales. Adem\u00e1s, realizar\u00e1n una demostraci\u00f3n de un baile t\u00edpico andaluz, resultado del \u201cTaller de Sevillanas\u201d impartido por la profesora Leonor Ariza.<\/span><\/div>\n<div style=\"text-align: justify\">\n<p>{slideshare}<\/p>\n[slideshare id=17108715&amp;doc=presentacin-130311120354-phpapp01]\n<p>{\/slideshare}<\/p>\n<\/p><\/div>\n<p><\/p>\n","protected":false},"excerpt":{"rendered":"<p>Para ver las fotos de la visita pincha aqui Los alumnos del Ies Mirador del Genil se preparan para visitar el Istituto di Milena e Campofranco del municipio de Milena en Sicilia, Italia, dentro&#46;&#46;&#46;<\/p>\n","protected":false},"author":1,"featured_media":0,"comment_status":"open","ping_status":"open","sticky":false,"template":"","format":"standard","meta":{"ngg_post_thumbnail":0,"footnotes":""},"categories":[11909],"tags":[],"aioseo_notices":[],"_links":{"self":[{"href":"https:\/\/blogsaverroes.juntadeandalucia.es\/iesmiradordelgenil\/wp-json\/wp\/v2\/posts\/169"}],"collection":[{"href":"https:\/\/blogsaverroes.juntadeandalucia.es\/iesmiradordelgenil\/wp-json\/wp\/v2\/posts"}],"about":[{"href":"https:\/\/blogsaverroes.juntadeandalucia.es\/iesmiradordelgenil\/wp-json\/wp\/v2\/types\/post"}],"author":[{"embeddable":true,"href":"https:\/\/blogsaverroes.juntadeandalucia.es\/iesmiradordelgenil\/wp-json\/wp\/v2\/users\/1"}],"replies":[{"embeddable":true,"href":"https:\/\/blogsaverroes.juntadeandalucia.es\/iesmiradordelgenil\/wp-json\/wp\/v2\/comments?post=169"}],"version-history":[{"count":0,"href":"https:\/\/blogsaverroes.juntadeandalucia.es\/iesmiradordelgenil\/wp-json\/wp\/v2\/posts\/169\/revisions"}],"wp:attachment":[{"href":"https:\/\/blogsaverroes.juntadeandalucia.es\/iesmiradordelgenil\/wp-json\/wp\/v2\/media?parent=169"}],"wp:term":[{"taxonomy":"category","embeddable":true,"href":"https:\/\/blogsaverroes.juntadeandalucia.es\/iesmiradordelgenil\/wp-json\/wp\/v2\/categories?post=169"},{"taxonomy":"post_tag","embeddable":true,"href":"https:\/\/blogsaverroes.juntadeandalucia.es\/iesmiradordelgenil\/wp-json\/wp\/v2\/tags?post=169"}],"curies":[{"name":"wp","href":"https:\/\/api.w.org\/{rel}","templated":true}]}}