{"id":199,"date":"2013-11-12T23:00:00","date_gmt":"2013-11-12T23:00:00","guid":{"rendered":"http:\/\/localhost\/wordpress\/ceipmiradorgenil\/2013\/11\/12\/comenius29\/"},"modified":"2013-11-12T23:00:00","modified_gmt":"2013-11-12T23:00:00","slug":"comenius29","status":"publish","type":"post","link":"https:\/\/blogsaverroes.juntadeandalucia.es\/iesmiradordelgenil\/comenius29\/","title":{"rendered":"ART\u00cdCULO DEL DIARIO C\u00d3RDOBA SOBRE EL INTERCAMBIO COMENIUS"},"content":{"rendered":"<p>\u00abEl Diario C\u00f3rdoba\u00bb publica el art\u00edculo del escritor y profesor Miguel \u00c1ngel Toledano sobre el \u00faltimo intercambio comenius realizado por el centro en la ciudad de Tarsus, Turqu\u00eda\u00bb.<\/p>\n<p>Para leerlo, pincha <a href=\"http:\/\/www.diariocordoba.com\/noticias\/opinion\/los-gentiles-de-tarso_841780.html?fb_action_ids=10202594730655402&amp;fb_action_types=og.likes&amp;fb_source=other_multiline&amp;action_object_map=%7B%2210202594730655402%22:1420719381490938%7D&amp;action_type_map=%7B%2210202594730655402%22:%22og.likes%22%7D&amp;action_ref_map=[]\">aqu\u00ed<\/a><\/p>\n","protected":false},"excerpt":{"rendered":"<p>\u00abEl Diario C\u00f3rdoba\u00bb publica el art\u00edculo del escritor y profesor Miguel \u00c1ngel Toledano sobre el \u00faltimo intercambio comenius realizado por el centro en la ciudad de Tarsus, Turqu\u00eda\u00bb. Para leerlo, pincha aqu\u00ed<\/p>\n","protected":false},"author":1,"featured_media":0,"comment_status":"open","ping_status":"open","sticky":false,"template":"","format":"standard","meta":{"ngg_post_thumbnail":0,"footnotes":""},"categories":[11909],"tags":[],"aioseo_notices":[],"_links":{"self":[{"href":"https:\/\/blogsaverroes.juntadeandalucia.es\/iesmiradordelgenil\/wp-json\/wp\/v2\/posts\/199"}],"collection":[{"href":"https:\/\/blogsaverroes.juntadeandalucia.es\/iesmiradordelgenil\/wp-json\/wp\/v2\/posts"}],"about":[{"href":"https:\/\/blogsaverroes.juntadeandalucia.es\/iesmiradordelgenil\/wp-json\/wp\/v2\/types\/post"}],"author":[{"embeddable":true,"href":"https:\/\/blogsaverroes.juntadeandalucia.es\/iesmiradordelgenil\/wp-json\/wp\/v2\/users\/1"}],"replies":[{"embeddable":true,"href":"https:\/\/blogsaverroes.juntadeandalucia.es\/iesmiradordelgenil\/wp-json\/wp\/v2\/comments?post=199"}],"version-history":[{"count":0,"href":"https:\/\/blogsaverroes.juntadeandalucia.es\/iesmiradordelgenil\/wp-json\/wp\/v2\/posts\/199\/revisions"}],"wp:attachment":[{"href":"https:\/\/blogsaverroes.juntadeandalucia.es\/iesmiradordelgenil\/wp-json\/wp\/v2\/media?parent=199"}],"wp:term":[{"taxonomy":"category","embeddable":true,"href":"https:\/\/blogsaverroes.juntadeandalucia.es\/iesmiradordelgenil\/wp-json\/wp\/v2\/categories?post=199"},{"taxonomy":"post_tag","embeddable":true,"href":"https:\/\/blogsaverroes.juntadeandalucia.es\/iesmiradordelgenil\/wp-json\/wp\/v2\/tags?post=199"}],"curies":[{"name":"wp","href":"https:\/\/api.w.org\/{rel}","templated":true}]}}