{"id":213,"date":"2014-03-26T23:00:00","date_gmt":"2014-03-26T23:00:00","guid":{"rendered":"http:\/\/localhost\/wordpress\/ceipmiradorgenil\/2014\/03\/26\/comenius34\/"},"modified":"2014-03-26T23:00:00","modified_gmt":"2014-03-26T23:00:00","slug":"comenius34","status":"publish","type":"post","link":"https:\/\/blogsaverroes.juntadeandalucia.es\/iesmiradordelgenil\/comenius34\/","title":{"rendered":"\u00abCalendario 2014 \u00abA Branch of Olive, A Gift of Life\u00bb"},"content":{"rendered":"<div style=\"font-size: 16px;font-style: italic;background-color: transparent;font-family: HelveticaNeue,Helvetica Neue,Helvetica,Arial,Lucida Grande,sans-serif\"><span style=\"font-style: italic;font-size: 10pt\">Tenemos el gusto de publicar el resultado del calendario elaborado por los estudiantes de los cuatro centros implicados en el Proyecto Comenius en el que participamos desde el curso pasado.<\/span><\/div>\n<div style=\"font-size: 16px;font-style: normal;background-color: transparent;font-family: HelveticaNeue,Helvetica Neue,Helvetica,Arial,Lucida Grande,sans-serif\"><span style=\"font-style: italic;font-size: 10pt\"><br \/><\/span><\/div>\n<div style=\"font-size: 16px;font-style: normal;background-color: transparent;font-family: HelveticaNeue,Helvetica Neue,Helvetica,Arial,Lucida Grande,sans-serif\"><span style=\"font-style: italic;font-size: 10pt\">Los estudiantes del Ies Mirador del Genil, junto con los del Istituto de Milena e Campo Franco en Sicilia, Italia, Fevzi \u00c7akmak Ilkogretim Okulu de Tarso en Turqu\u00eda y 7th High School of Kerkyra en Corfu, Sicilia, han participado en un Concurso de Fotograf\u00eda sobre Paisajes y Cultura cada uno de su pa\u00eds, para elaborar el Calendario 2014.<\/span><\/div>\n<div style=\"font-size: 16px;font-style: normal;background-color: transparent;font-family: HelveticaNeue,Helvetica Neue,Helvetica,Arial,Lucida Grande,sans-serif\"><span style=\"font-style: italic;font-size: 10pt\"><br \/><\/span><\/div>\n<div style=\"font-size: 16px;font-style: normal;background-color: transparent;font-family: HelveticaNeue,Helvetica Neue,Helvetica,Arial,Lucida Grande,sans-serif\"><span style=\"font-style: italic\"><span style=\"font-size: 10pt\">El resultado de este concurso queda configurado en este fant\u00e1stico calendario que podemos ver en el siguiente enlace:<br \/><\/span><\/span><\/div>\n<p><a target=\"_blank\" href=\"http:\/\/e.issuu.com\/embed.html#11058863\/6937708\">http:\/\/e.issuu.com\/embed.html#11058863\/6937708<\/a><\/p>\n<p><\/p>\n","protected":false},"excerpt":{"rendered":"<p>Tenemos el gusto de publicar el resultado del calendario elaborado por los estudiantes de los cuatro centros implicados en el Proyecto Comenius en el que participamos desde el curso pasado. Los estudiantes del Ies&#46;&#46;&#46;<\/p>\n","protected":false},"author":1,"featured_media":0,"comment_status":"open","ping_status":"open","sticky":false,"template":"","format":"standard","meta":{"ngg_post_thumbnail":0,"footnotes":""},"categories":[11909],"tags":[],"aioseo_notices":[],"_links":{"self":[{"href":"https:\/\/blogsaverroes.juntadeandalucia.es\/iesmiradordelgenil\/wp-json\/wp\/v2\/posts\/213"}],"collection":[{"href":"https:\/\/blogsaverroes.juntadeandalucia.es\/iesmiradordelgenil\/wp-json\/wp\/v2\/posts"}],"about":[{"href":"https:\/\/blogsaverroes.juntadeandalucia.es\/iesmiradordelgenil\/wp-json\/wp\/v2\/types\/post"}],"author":[{"embeddable":true,"href":"https:\/\/blogsaverroes.juntadeandalucia.es\/iesmiradordelgenil\/wp-json\/wp\/v2\/users\/1"}],"replies":[{"embeddable":true,"href":"https:\/\/blogsaverroes.juntadeandalucia.es\/iesmiradordelgenil\/wp-json\/wp\/v2\/comments?post=213"}],"version-history":[{"count":0,"href":"https:\/\/blogsaverroes.juntadeandalucia.es\/iesmiradordelgenil\/wp-json\/wp\/v2\/posts\/213\/revisions"}],"wp:attachment":[{"href":"https:\/\/blogsaverroes.juntadeandalucia.es\/iesmiradordelgenil\/wp-json\/wp\/v2\/media?parent=213"}],"wp:term":[{"taxonomy":"category","embeddable":true,"href":"https:\/\/blogsaverroes.juntadeandalucia.es\/iesmiradordelgenil\/wp-json\/wp\/v2\/categories?post=213"},{"taxonomy":"post_tag","embeddable":true,"href":"https:\/\/blogsaverroes.juntadeandalucia.es\/iesmiradordelgenil\/wp-json\/wp\/v2\/tags?post=213"}],"curies":[{"name":"wp","href":"https:\/\/api.w.org\/{rel}","templated":true}]}}