{"id":230,"date":"2014-11-30T23:00:00","date_gmt":"2014-11-30T23:00:00","guid":{"rendered":"http:\/\/localhost\/wordpress\/ceipmiradorgenil\/2014\/11\/30\/25n39\/"},"modified":"2014-11-30T23:00:00","modified_gmt":"2014-11-30T23:00:00","slug":"25n39","status":"publish","type":"post","link":"https:\/\/blogsaverroes.juntadeandalucia.es\/iesmiradordelgenil\/25n39\/","title":{"rendered":"CELEBRACION 25N DIA DE LA VIOLENCIA DE G\u00c9NERO"},"content":{"rendered":"<p><img loading=\"lazy\" decoding=\"async\" class=\" size-full wp-image-229\" style=\"margin-left: auto;margin-right: auto\" alt=\"25 N 2\" src=\"https:\/\/localhost\/wordpress\/ceipmiradorgenil\/wp-content\/uploads\/sites\/8\/2014\/11\/25%20N%202.jpg\" height=\"268\" width=\"400\" \/><\/p>\n<p style=\"text-align: justify\">Este curso hemos conmemorado el d\u00eda 25 de Noviembre, con la asistencia por parte de todo el alumnado y profesorado a la representaci\u00f3n en nuestro SUM de la obra de teatro \u00abAbrazar el invierno\u00bb de Rom\u00e1n Sarmentero.<\/p>\n<p style=\"text-align: justify\">El grupo encargado de hacerlo se llama \u00abMUSIT\u00c9\u00bb y procede de Rute. Tambi\u00e9n se hicieron algunas reflexiones sobre la Violencia contra las mujeres y un manifiesto por parte del orientador del centro, Manuel P\u00e9rez y por parte del propio grupo de teatro, Isabel.<\/p>\n<p style=\"text-align: justify\">La interpretaci\u00f3n de todos los componentes fue magn\u00edfica y supieron captar plenamente la atenci\u00f3n de todo el alumnado que estuvo estupendo, manteniendo una atenci\u00f3n inusual en este tipo de representaciones.<\/p>\n<p style=\"text-align: justify\">Los tutores y tutoras han trabajado en los diferentes niveles propuestas de actividades para dotar de herramientas a las chicas y tambi\u00e9n a los chicos y que sepan prevenir la violencia de g\u00e9nero. Tambi\u00e9n se les ha entregado una peque\u00f1a gu\u00eda&nbsp; para que la puedan manejar en casa.<\/p>\n<p style=\"text-align: justify\">Por otra parte seguimos utilizando el tabl\u00f3n de COEDUCACION, situado en la primera planta, junto a la biblioteca, para dar soporte a todo lo relacionado con el Plan de Igualdad y donde iremos poniendo diferentes noticias, propuestas, carteles y todo lo relacionado con la coeducaci\u00f3n.Esperamos vuestra colaboraci\u00f3n.<\/p>\n","protected":false},"excerpt":{"rendered":"<p>Este curso hemos conmemorado el d\u00eda 25 de Noviembre, con la asistencia por parte de todo el alumnado y profesorado a la representaci\u00f3n en nuestro SUM de la obra de teatro \u00abAbrazar el invierno\u00bb&#46;&#46;&#46;<\/p>\n","protected":false},"author":1,"featured_media":229,"comment_status":"open","ping_status":"open","sticky":false,"template":"","format":"standard","meta":{"ngg_post_thumbnail":0,"footnotes":""},"categories":[11909],"tags":[],"aioseo_notices":[],"_links":{"self":[{"href":"https:\/\/blogsaverroes.juntadeandalucia.es\/iesmiradordelgenil\/wp-json\/wp\/v2\/posts\/230"}],"collection":[{"href":"https:\/\/blogsaverroes.juntadeandalucia.es\/iesmiradordelgenil\/wp-json\/wp\/v2\/posts"}],"about":[{"href":"https:\/\/blogsaverroes.juntadeandalucia.es\/iesmiradordelgenil\/wp-json\/wp\/v2\/types\/post"}],"author":[{"embeddable":true,"href":"https:\/\/blogsaverroes.juntadeandalucia.es\/iesmiradordelgenil\/wp-json\/wp\/v2\/users\/1"}],"replies":[{"embeddable":true,"href":"https:\/\/blogsaverroes.juntadeandalucia.es\/iesmiradordelgenil\/wp-json\/wp\/v2\/comments?post=230"}],"version-history":[{"count":0,"href":"https:\/\/blogsaverroes.juntadeandalucia.es\/iesmiradordelgenil\/wp-json\/wp\/v2\/posts\/230\/revisions"}],"wp:featuredmedia":[{"embeddable":true,"href":"https:\/\/blogsaverroes.juntadeandalucia.es\/iesmiradordelgenil\/wp-json\/"}],"wp:attachment":[{"href":"https:\/\/blogsaverroes.juntadeandalucia.es\/iesmiradordelgenil\/wp-json\/wp\/v2\/media?parent=230"}],"wp:term":[{"taxonomy":"category","embeddable":true,"href":"https:\/\/blogsaverroes.juntadeandalucia.es\/iesmiradordelgenil\/wp-json\/wp\/v2\/categories?post=230"},{"taxonomy":"post_tag","embeddable":true,"href":"https:\/\/blogsaverroes.juntadeandalucia.es\/iesmiradordelgenil\/wp-json\/wp\/v2\/tags?post=230"}],"curies":[{"name":"wp","href":"https:\/\/api.w.org\/{rel}","templated":true}]}}