{"id":2492,"date":"2013-04-08T23:00:00","date_gmt":"2013-04-08T23:00:00","guid":{"rendered":"http:\/\/localhost\/wordpress\/ceipmiradorgenil\/2013\/04\/08\/comenius21\/"},"modified":"2013-04-08T23:00:00","modified_gmt":"2013-04-08T23:00:00","slug":"comenius21","status":"publish","type":"post","link":"https:\/\/blogsaverroes.juntadeandalucia.es\/iesmiradordelgenil\/comenius21\/","title":{"rendered":"\u00abCONVIVENCIA COMENIUS\u00bb"},"content":{"rendered":"<div style=\"margin: 0cm 0cm 10pt;text-align: justify\"><span style=\"font-family: Calibri;font-size: 10pt\">Padres, alumnos y profesores se re\u00fanen en el Ies para compartir experiencias del viaje a Milena en Sicilia, Italia.<\/span><\/div>\n<div style=\"margin: 0cm 0cm 10pt\"><img loading=\"lazy\" decoding=\"async\" class=\" size-full wp-image-175\" style=\"margin-left: auto;margin-right: auto\" alt=\"comenius 2\" src=\"https:\/\/localhost\/wordpress\/ceipmiradorgenil\/wp-content\/uploads\/sites\/8\/2013\/04\/comenius%202.jpg\" height=\"312\" width=\"415\" \/><span style=\"font-family: Calibri;font-size: 10pt\"><\/span><\/div>\n<div style=\"margin: 0cm 0cm 10pt;text-align: justify\"><span style=\"font-family: Calibri;font-size: 10pt\">El pasado jueves 4 de abril, al amparo del Proyecto Comenius que est\u00e1 desarrollando el centro, se reunieron los alumnos, junto con sus padres y profesores para comentar y explicar las experiencias de su viaje de intercambio al municipio de Milena. 10 chicos y chicas que hab\u00edan viajado durante la semana previa a las vacaciones de Semana Santa, mostraron sus fotos &nbsp; y expresaron emocionados una experiencia, que seg\u00fan algunos no olvidar\u00e1n en su vida. As\u00ed mismo, planearon la futura visita de sus compa\u00f1eros para el pr\u00f3ximo curso, que tendr\u00e1 lugar durante las primeras semanas de mayo de 2014. A su vez, los padres mostraron gratitud y entusiasmo por el impacto que este programa est\u00e1 causando en sus hijos.<\/span><\/div>\n<div style=\"margin: 0cm 0cm 10pt;text-align: justify\"><span style=\"font-family: Calibri;font-size: 10pt\">Finalmente, los profesores invitaron tanto a padres como al resto de alumnos a asistir a las jornadas que tendr\u00e1n lugar el d\u00eda 24 de mayo, con motivo de la celebraci\u00f3n del D\u00eda de Europa. Los actos incluir\u00e1n trabajos elaborados tanto por los alumnos de nuestro centro, como por los alumnos del resto de pa\u00edses Italia, Grecia y Turqu\u00eda.<\/span><\/div>\n<p>&nbsp; <\/p>\n<p style=\"text-align: justify\">\n<p style=\"text-align: justify\">\n<p style=\"text-align: justify\">\n<\/p>\n<p><\/p>\n","protected":false},"excerpt":{"rendered":"<p>Padres, alumnos y profesores se re\u00fanen en el Ies para compartir experiencias del viaje a Milena en Sicilia, Italia. El pasado jueves 4 de abril, al amparo del Proyecto Comenius que est\u00e1 desarrollando el&#46;&#46;&#46;<\/p>\n","protected":false},"author":1,"featured_media":175,"comment_status":"open","ping_status":"open","sticky":false,"template":"","format":"standard","meta":{"ngg_post_thumbnail":0,"footnotes":""},"categories":[11909],"tags":[],"aioseo_notices":[],"_links":{"self":[{"href":"https:\/\/blogsaverroes.juntadeandalucia.es\/iesmiradordelgenil\/wp-json\/wp\/v2\/posts\/2492"}],"collection":[{"href":"https:\/\/blogsaverroes.juntadeandalucia.es\/iesmiradordelgenil\/wp-json\/wp\/v2\/posts"}],"about":[{"href":"https:\/\/blogsaverroes.juntadeandalucia.es\/iesmiradordelgenil\/wp-json\/wp\/v2\/types\/post"}],"author":[{"embeddable":true,"href":"https:\/\/blogsaverroes.juntadeandalucia.es\/iesmiradordelgenil\/wp-json\/wp\/v2\/users\/1"}],"replies":[{"embeddable":true,"href":"https:\/\/blogsaverroes.juntadeandalucia.es\/iesmiradordelgenil\/wp-json\/wp\/v2\/comments?post=2492"}],"version-history":[{"count":0,"href":"https:\/\/blogsaverroes.juntadeandalucia.es\/iesmiradordelgenil\/wp-json\/wp\/v2\/posts\/2492\/revisions"}],"wp:featuredmedia":[{"embeddable":true,"href":"https:\/\/blogsaverroes.juntadeandalucia.es\/iesmiradordelgenil\/wp-json\/"}],"wp:attachment":[{"href":"https:\/\/blogsaverroes.juntadeandalucia.es\/iesmiradordelgenil\/wp-json\/wp\/v2\/media?parent=2492"}],"wp:term":[{"taxonomy":"category","embeddable":true,"href":"https:\/\/blogsaverroes.juntadeandalucia.es\/iesmiradordelgenil\/wp-json\/wp\/v2\/categories?post=2492"},{"taxonomy":"post_tag","embeddable":true,"href":"https:\/\/blogsaverroes.juntadeandalucia.es\/iesmiradordelgenil\/wp-json\/wp\/v2\/tags?post=2492"}],"curies":[{"name":"wp","href":"https:\/\/api.w.org\/{rel}","templated":true}]}}