{"id":273,"date":"2015-11-24T23:00:00","date_gmt":"2015-11-24T23:00:00","guid":{"rendered":"http:\/\/localhost\/wordpress\/ceipmiradorgenil\/2015\/11\/24\/25-n\/"},"modified":"2017-04-28T07:45:23","modified_gmt":"2017-04-28T05:45:23","slug":"25-n","status":"publish","type":"post","link":"https:\/\/blogsaverroes.juntadeandalucia.es\/iesmiradordelgenil\/25-n\/","title":{"rendered":"CELEBRACI\u00d3N DEL 25N EL MIRADOR DEL GENIL"},"content":{"rendered":"<div style=\"border-width: medium medium 1pt;border-style: none none solid;border-color: -moz-use-text-color -moz-use-text-color #4f81bd;padding: 0cm 0cm 4pt\">\n<p style=\"text-align: center;text-indent: 7.1pt\" align=\"center\"><span style=\"font-size: 10pt\"><b>D\u00eda internacional contra la violencia de g\u00e9nero<\/b><\/span><span style=\"font-size: 20pt\"><\/span><\/p>\n<\/p><\/div>\n<p style=\"text-align: justify;text-indent: 7.1pt\">Un a\u00f1o m\u00e1s conmemoramos en el centro esta fecha, designada oficialmente por la ONU como <i>D\u00eda Internacional Contra la Violencia de G\u00e9nero<\/i>.<\/p>\n<p style=\"text-align: justify;text-indent: 7.1pt\">Se trata de una apuesta recogida en nuestro Proyecto educativo (<i>Plan de Igualdad<\/i>) que pretende prevenir e informar a nuestros alumnos y alumnas esobre la violencia hacia la mujer, acorde con otros \u00e1mbitos de la sociedad: desde la familia, con una educaci\u00f3n en igualdad, desde los centros educativos, con una coeducaci\u00f3n real, desde el trabajo y, finalmente desde los poderes pol\u00edticos.<\/p>\n<p><span style=\"font-size: 8pt;line-height: 115%;font-family: Calibri\">Las actividades con las que hemos promovido estos valores han sido:<\/span><\/p>\n<div>\n<p style=\"margin-left: 18pt;text-align: justify;text-indent: -18pt\"><span style=\"font-family: Wingdings\">.<span style=\"font: 10pt book antiqua,palatino\"> 12:00. Cinco minutos de silencio por las v\u00edctimas del maltrato dom\u00e9stico.<\/span><\/span><\/p>\n<p style=\"margin-left: 18pt;text-align: justify;text-indent: -18pt\"><img loading=\"lazy\" decoding=\"async\" class=\" alignright size-full wp-image-271\" style=\"margin: 4px;float: right\" alt=\"DSC_0880[1]\" src=\"https:\/\/localhost\/wordpress\/ceipmiradorgenil\/wp-content\/uploads\/sites\/8\/2015\/11\/DSC_0880%5B1%5D.JPG\" height=\"237\" width=\"353\" \/><span style=\"font-family: Wingdings\"><span style=\"font: 10pt book antiqua,palatino\"><\/span><\/span><\/p>\n<p style=\"margin-left: 18pt;text-align: justify;text-indent: -18pt\"><span style=\"font-family: book antiqua,palatino;font-size: 10pt\">.<span style=\"font-style: normal;font-weight: normal;line-height: normal;font-variant: normal\"> Acto simb\u00f3lico en el que se rindi\u00f3 un homenaje a cada una de las v\u00edctimas asesinadas en manos de sus parejas durante lo que va de a\u00f1o. Los alumnos y alumnas leyeron los 48 nombres de mujer, representadas por un ladrillo que compon\u00eda una inmensa pared, que simbolizaba la injusticia y el dolor, que se fue rompiendo al grito de \u201c\u00a1Basta ya!\u201d&nbsp;<\/span><\/span><\/p>\n<p style=\"margin-left: 18pt;text-align: justify;text-indent: -18pt\"><span style=\"font-family: book antiqua,palatino;font-size: 10pt\">.<span style=\"font-style: normal;font-weight: normal;line-height: normal;font-variant: normal\"> Lectura de un manifiesto institucional contra la violencia machista.<\/span><\/span><\/p>\n<p style=\"margin-left: 18pt;text-align: justify;text-indent: -18pt\"><span style=\"font-family: times new roman,times;font-size: 8pt\"><span style=\"font-family: book antiqua,palatino;font-size: 10pt\">. <\/span><span style=\"font: 10pt book antiqua,palatino\">Lectura de poema \u201cc\u00f3mo amar\u201d del poeta malague\u00f1o Paco Doblas, con el que se quer\u00eda sensibilizar a las j\u00f3venes parejas, que amar no significa poseer ni da\u00f1ar<img loading=\"lazy\" decoding=\"async\" class=\" alignleft size-full wp-image-272\" style=\"margin: 4px;float: left\" alt=\"DSC_0893[1]\" src=\"https:\/\/localhost\/wordpress\/ceipmiradorgenil\/wp-content\/uploads\/sites\/8\/2015\/11\/DSC_0893%5B1%5D.JPG\" height=\"201\" width=\"300\" \/><\/span><\/span><\/p>\n<\/p><\/div>\n<p style=\"text-align: justify;text-indent: 7.1pt\"><span style=\"font-size: 11pt;line-height: 115%;font-family: Calibri\"><\/span><\/p>\n<p style=\"margin-left: 18pt;text-align: justify;text-indent: -18pt\"><span style=\"font-family: Wingdings\">&nbsp;&nbsp;&nbsp;&nbsp; . <span style=\"font: 10pt book antiqua,palatino\">El acto concluy\u00f3 con la entrega de un marcap\u00e1ginas alusivo a la conmemoraci\u00f3n, elaborado por los alumnos de alternativa a la religi\u00f3n de 2\u00aa de ESO.<\/span><\/span><\/p>\n<p style=\"text-align: justify;text-indent: 7.1pt\"><span style=\"font-size: 11pt;line-height: 115%;font-family: Calibri\"><br \/> <\/span><\/p>\n","protected":false},"excerpt":{"rendered":"<p>D\u00eda internacional contra la violencia de g\u00e9nero Un a\u00f1o m\u00e1s conmemoramos en el centro esta fecha, designada oficialmente por la ONU como D\u00eda Internacional Contra la Violencia de G\u00e9nero. Se trata de una apuesta&#46;&#46;&#46;<\/p>\n","protected":false},"author":4595,"featured_media":271,"comment_status":"open","ping_status":"open","sticky":false,"template":"","format":"standard","meta":{"ngg_post_thumbnail":0,"footnotes":""},"categories":[11909],"tags":[],"aioseo_notices":[],"_links":{"self":[{"href":"https:\/\/blogsaverroes.juntadeandalucia.es\/iesmiradordelgenil\/wp-json\/wp\/v2\/posts\/273"}],"collection":[{"href":"https:\/\/blogsaverroes.juntadeandalucia.es\/iesmiradordelgenil\/wp-json\/wp\/v2\/posts"}],"about":[{"href":"https:\/\/blogsaverroes.juntadeandalucia.es\/iesmiradordelgenil\/wp-json\/wp\/v2\/types\/post"}],"author":[{"embeddable":true,"href":"https:\/\/blogsaverroes.juntadeandalucia.es\/iesmiradordelgenil\/wp-json\/wp\/v2\/users\/4595"}],"replies":[{"embeddable":true,"href":"https:\/\/blogsaverroes.juntadeandalucia.es\/iesmiradordelgenil\/wp-json\/wp\/v2\/comments?post=273"}],"version-history":[{"count":1,"href":"https:\/\/blogsaverroes.juntadeandalucia.es\/iesmiradordelgenil\/wp-json\/wp\/v2\/posts\/273\/revisions"}],"predecessor-version":[{"id":2564,"href":"https:\/\/blogsaverroes.juntadeandalucia.es\/iesmiradordelgenil\/wp-json\/wp\/v2\/posts\/273\/revisions\/2564"}],"wp:featuredmedia":[{"embeddable":true,"href":"https:\/\/blogsaverroes.juntadeandalucia.es\/iesmiradordelgenil\/wp-json\/wp\/v2\/posts\/271"}],"wp:attachment":[{"href":"https:\/\/blogsaverroes.juntadeandalucia.es\/iesmiradordelgenil\/wp-json\/wp\/v2\/media?parent=273"}],"wp:term":[{"taxonomy":"category","embeddable":true,"href":"https:\/\/blogsaverroes.juntadeandalucia.es\/iesmiradordelgenil\/wp-json\/wp\/v2\/categories?post=273"},{"taxonomy":"post_tag","embeddable":true,"href":"https:\/\/blogsaverroes.juntadeandalucia.es\/iesmiradordelgenil\/wp-json\/wp\/v2\/tags?post=273"}],"curies":[{"name":"wp","href":"https:\/\/api.w.org\/{rel}","templated":true}]}}