{"id":3181,"date":"2022-12-03T16:00:50","date_gmt":"2022-12-03T15:00:50","guid":{"rendered":"https:\/\/blogsaverroes.juntadeandalucia.es\/iesmiradordelgenil\/?p=3181"},"modified":"2022-12-09T10:29:30","modified_gmt":"2022-12-09T09:29:30","slug":"3-de-diciembre-dia-de-la-discapacidad","status":"publish","type":"post","link":"https:\/\/blogsaverroes.juntadeandalucia.es\/iesmiradordelgenil\/3-de-diciembre-dia-de-la-discapacidad\/","title":{"rendered":"3 de Diciembre, d\u00eda de las personas con discapacidad"},"content":{"rendered":"<p><a href=\"https:\/\/blogsaverroes.juntadeandalucia.es\/iesmiradordelgenil\/files\/2022\/12\/317839034_5900438933356015_5789754947487987776_n-e1670079008258.jpg\"><img loading=\"lazy\" decoding=\"async\" class=\"aligncenter wp-image-3182 \" src=\"https:\/\/blogsaverroes.juntadeandalucia.es\/iesmiradordelgenil\/files\/2022\/12\/317839034_5900438933356015_5789754947487987776_n-e1670079008258.jpg\" alt=\"\" width=\"669\" height=\"331\" srcset=\"https:\/\/blogsaverroes.juntadeandalucia.es\/iesmiradordelgenil\/files\/2022\/12\/317839034_5900438933356015_5789754947487987776_n-e1670079008258.jpg 1024w, https:\/\/blogsaverroes.juntadeandalucia.es\/iesmiradordelgenil\/files\/2022\/12\/317839034_5900438933356015_5789754947487987776_n-e1670079008258-300x148.jpg 300w, https:\/\/blogsaverroes.juntadeandalucia.es\/iesmiradordelgenil\/files\/2022\/12\/317839034_5900438933356015_5789754947487987776_n-e1670079008258-768x380.jpg 768w\" sizes=\"(max-width: 669px) 100vw, 669px\" \/><\/a><\/p>\n<p style=\"text-align: center\"><em><strong><span style=\"font-family: 'comic sans ms', sans-serif;font-size: 14pt;color: #02acd6\">EN ESTE INSTITUTO ENCAJAMOS TODOS\/AS<\/span><\/strong><\/em><\/p>\n<p>\u00c9ste ha sido el lea bajo el que hemos celebrado en nuestro centro el D\u00eda Internacional de las Personas con Discapacidad.<\/p>\n<p>Todos somos diferentes y, encaj\u00e1ndonos todos,&nbsp; esas diferencias nos permiten enriquecernos unos de otros.&nbsp;<\/p>\n<p style=\"text-align: center\">Nuestros puntos fuertes y los d\u00e9biles son precisamente los que nos hacen ser la persona que somos.<\/p>\n<p style=\"text-align: right\">Aulas espec\u00edfica y de apoyo<\/p>\n","protected":false},"excerpt":{"rendered":"<p>EN ESTE INSTITUTO ENCAJAMOS TODOS\/AS \u00c9ste ha sido el lea bajo el que hemos celebrado en nuestro centro el D\u00eda Internacional de las Personas con Discapacidad. Todos somos diferentes y, encaj\u00e1ndonos todos,&nbsp; esas diferencias&#46;&#46;&#46;<\/p>\n","protected":false},"author":4595,"featured_media":3182,"comment_status":"open","ping_status":"open","sticky":false,"template":"","format":"standard","meta":{"ngg_post_thumbnail":0,"footnotes":""},"categories":[5991,1103199,1103201],"tags":[],"aioseo_notices":[],"_links":{"self":[{"href":"https:\/\/blogsaverroes.juntadeandalucia.es\/iesmiradordelgenil\/wp-json\/wp\/v2\/posts\/3181"}],"collection":[{"href":"https:\/\/blogsaverroes.juntadeandalucia.es\/iesmiradordelgenil\/wp-json\/wp\/v2\/posts"}],"about":[{"href":"https:\/\/blogsaverroes.juntadeandalucia.es\/iesmiradordelgenil\/wp-json\/wp\/v2\/types\/post"}],"author":[{"embeddable":true,"href":"https:\/\/blogsaverroes.juntadeandalucia.es\/iesmiradordelgenil\/wp-json\/wp\/v2\/users\/4595"}],"replies":[{"embeddable":true,"href":"https:\/\/blogsaverroes.juntadeandalucia.es\/iesmiradordelgenil\/wp-json\/wp\/v2\/comments?post=3181"}],"version-history":[{"count":2,"href":"https:\/\/blogsaverroes.juntadeandalucia.es\/iesmiradordelgenil\/wp-json\/wp\/v2\/posts\/3181\/revisions"}],"predecessor-version":[{"id":3184,"href":"https:\/\/blogsaverroes.juntadeandalucia.es\/iesmiradordelgenil\/wp-json\/wp\/v2\/posts\/3181\/revisions\/3184"}],"wp:featuredmedia":[{"embeddable":true,"href":"https:\/\/blogsaverroes.juntadeandalucia.es\/iesmiradordelgenil\/wp-json\/wp\/v2\/media\/3182"}],"wp:attachment":[{"href":"https:\/\/blogsaverroes.juntadeandalucia.es\/iesmiradordelgenil\/wp-json\/wp\/v2\/media?parent=3181"}],"wp:term":[{"taxonomy":"category","embeddable":true,"href":"https:\/\/blogsaverroes.juntadeandalucia.es\/iesmiradordelgenil\/wp-json\/wp\/v2\/categories?post=3181"},{"taxonomy":"post_tag","embeddable":true,"href":"https:\/\/blogsaverroes.juntadeandalucia.es\/iesmiradordelgenil\/wp-json\/wp\/v2\/tags?post=3181"}],"curies":[{"name":"wp","href":"https:\/\/api.w.org\/{rel}","templated":true}]}}