{"id":3819,"date":"2025-02-10T11:15:25","date_gmt":"2025-02-10T10:15:25","guid":{"rendered":"https:\/\/blogsaverroes.juntadeandalucia.es\/iesmiradordelgenil\/?p=3819"},"modified":"2025-02-10T11:15:25","modified_gmt":"2025-02-10T10:15:25","slug":"3819-2","status":"publish","type":"post","link":"https:\/\/blogsaverroes.juntadeandalucia.es\/iesmiradordelgenil\/3819-2\/","title":{"rendered":""},"content":{"rendered":"<p>INTERCAMBIO DE ESTUDIANTES CON HOLANDA<\/p>\n<p>El IES Mirador del Genil en colaboraci\u00f3n con el Instituto \u201cHerbert Vissers College\u201d en Nieuw Vennep (Holanda), ha realizado la primera parte del intercambio de estudiantes entre ambos centros. Desde el 2 al 9 de Febrero hemos acogido a un grupo de 7 estudiantes holandeses en nuestro pueblo. Gracias a 7 familias de Izn\u00e1jar que han accedido a acoger a un alumno holand\u00e9s en sus hogares, se han llevado a cabo actividades culturales, de convivencia y descubrimiento; Visita a la Mezquita de C\u00f3rdoba, a Granada, al Castillo de Izn\u00e1jar y otras muchas. Cabe destacar la recepci\u00f3n del alcalde de Izn\u00e1jar en el ayuntamiento.<\/p>\n<p>Para finalizar el s\u00e1bado 9 de febrero, se celebr\u00f3 una comida de despedida en la que participaron 36 personas entre familias, alumnos y profesores de ambos pa\u00edses.<\/p>\n<p>El pr\u00f3ximo mes de abril tendr\u00e1 lugar la segunda parte de este intercambio con el viaje de 7 estudiantes de 3\u00baESO de Izn\u00e1jar a Holanda.<\/p>\n<p><a href=\"https:\/\/blogsaverroes.juntadeandalucia.es\/iesmiradordelgenil\/files\/2025\/02\/holandeses.jpg\"><img loading=\"lazy\" decoding=\"async\" class=\"aligncenter\" src=\"https:\/\/blogsaverroes.juntadeandalucia.es\/iesmiradordelgenil\/files\/2025\/02\/holandeses.jpg\" alt=\"\" width=\"600\" height=\"450\"><\/a><\/p>\n<p>&nbsp;<\/p>\n","protected":false},"excerpt":{"rendered":"<p>INTERCAMBIO DE ESTUDIANTES CON HOLANDA El IES Mirador del Genil en colaboraci\u00f3n con el Instituto \u201cHerbert Vissers College\u201d en Nieuw Vennep (Holanda), ha realizado la primera parte del intercambio de estudiantes entre ambos centros.&#46;&#46;&#46;<\/p>\n","protected":false},"author":4595,"featured_media":3818,"comment_status":"open","ping_status":"open","sticky":false,"template":"","format":"standard","meta":{"ngg_post_thumbnail":0,"footnotes":""},"categories":[11909],"tags":[],"aioseo_notices":[],"_links":{"self":[{"href":"https:\/\/blogsaverroes.juntadeandalucia.es\/iesmiradordelgenil\/wp-json\/wp\/v2\/posts\/3819"}],"collection":[{"href":"https:\/\/blogsaverroes.juntadeandalucia.es\/iesmiradordelgenil\/wp-json\/wp\/v2\/posts"}],"about":[{"href":"https:\/\/blogsaverroes.juntadeandalucia.es\/iesmiradordelgenil\/wp-json\/wp\/v2\/types\/post"}],"author":[{"embeddable":true,"href":"https:\/\/blogsaverroes.juntadeandalucia.es\/iesmiradordelgenil\/wp-json\/wp\/v2\/users\/4595"}],"replies":[{"embeddable":true,"href":"https:\/\/blogsaverroes.juntadeandalucia.es\/iesmiradordelgenil\/wp-json\/wp\/v2\/comments?post=3819"}],"version-history":[{"count":1,"href":"https:\/\/blogsaverroes.juntadeandalucia.es\/iesmiradordelgenil\/wp-json\/wp\/v2\/posts\/3819\/revisions"}],"predecessor-version":[{"id":3820,"href":"https:\/\/blogsaverroes.juntadeandalucia.es\/iesmiradordelgenil\/wp-json\/wp\/v2\/posts\/3819\/revisions\/3820"}],"wp:featuredmedia":[{"embeddable":true,"href":"https:\/\/blogsaverroes.juntadeandalucia.es\/iesmiradordelgenil\/wp-json\/wp\/v2\/media\/3818"}],"wp:attachment":[{"href":"https:\/\/blogsaverroes.juntadeandalucia.es\/iesmiradordelgenil\/wp-json\/wp\/v2\/media?parent=3819"}],"wp:term":[{"taxonomy":"category","embeddable":true,"href":"https:\/\/blogsaverroes.juntadeandalucia.es\/iesmiradordelgenil\/wp-json\/wp\/v2\/categories?post=3819"},{"taxonomy":"post_tag","embeddable":true,"href":"https:\/\/blogsaverroes.juntadeandalucia.es\/iesmiradordelgenil\/wp-json\/wp\/v2\/tags?post=3819"}],"curies":[{"name":"wp","href":"https:\/\/api.w.org\/{rel}","templated":true}]}}