{"id":3887,"date":"2025-11-28T09:33:10","date_gmt":"2025-11-28T08:33:10","guid":{"rendered":"https:\/\/blogsaverroes.juntadeandalucia.es\/iesmiradordelgenil\/?p=3887"},"modified":"2025-11-28T10:57:53","modified_gmt":"2025-11-28T09:57:53","slug":"3887-2","status":"publish","type":"post","link":"https:\/\/blogsaverroes.juntadeandalucia.es\/iesmiradordelgenil\/3887-2\/","title":{"rendered":"Visita al Parque de las Ciencias de Granada"},"content":{"rendered":"<p>El d\u00eda 27 de noviembre fuimos con el alumnado de 2\u2070 y 3\u2070 de ESO al Parque de las Ciencias de Granada donde hemos estado en contacto directo con la Ciencia: hemos observado el Universo, hemos realizado un taller de instrumentos astron\u00f3micos (hemos construido un reloj solar), hemos observado c\u00f3mo funciona el cuerpo humano o hemos vivido en primera persona los riesgos laborales a los que se enfrenta cualquier trabajador. Hemos observado el comportamiento de las aves rapaces y el h\u00e1bitat de mariposas de todo el mundo, entre otras experiencias. Un d\u00eda fant\u00e1stico.<\/p>\n<p><img loading=\"lazy\" decoding=\"async\" class=\"aligncenter\" src=\"https:\/\/blogsaverroes.juntadeandalucia.es\/iesmiradordelgenil\/files\/2025\/11\/planetario.jpg\" width=\"391\" height=\"522\"><\/p>\n","protected":false},"excerpt":{"rendered":"<p>El d\u00eda 27 de noviembre fuimos con el alumnado de 2\u2070 y 3\u2070 de ESO al Parque de las Ciencias de Granada donde hemos estado en contacto directo con la Ciencia: hemos observado el&#46;&#46;&#46;<\/p>\n","protected":false},"author":4595,"featured_media":3886,"comment_status":"open","ping_status":"open","sticky":false,"template":"","format":"standard","meta":{"ngg_post_thumbnail":0,"footnotes":""},"categories":[11909],"tags":[],"aioseo_notices":[],"_links":{"self":[{"href":"https:\/\/blogsaverroes.juntadeandalucia.es\/iesmiradordelgenil\/wp-json\/wp\/v2\/posts\/3887"}],"collection":[{"href":"https:\/\/blogsaverroes.juntadeandalucia.es\/iesmiradordelgenil\/wp-json\/wp\/v2\/posts"}],"about":[{"href":"https:\/\/blogsaverroes.juntadeandalucia.es\/iesmiradordelgenil\/wp-json\/wp\/v2\/types\/post"}],"author":[{"embeddable":true,"href":"https:\/\/blogsaverroes.juntadeandalucia.es\/iesmiradordelgenil\/wp-json\/wp\/v2\/users\/4595"}],"replies":[{"embeddable":true,"href":"https:\/\/blogsaverroes.juntadeandalucia.es\/iesmiradordelgenil\/wp-json\/wp\/v2\/comments?post=3887"}],"version-history":[{"count":4,"href":"https:\/\/blogsaverroes.juntadeandalucia.es\/iesmiradordelgenil\/wp-json\/wp\/v2\/posts\/3887\/revisions"}],"predecessor-version":[{"id":3891,"href":"https:\/\/blogsaverroes.juntadeandalucia.es\/iesmiradordelgenil\/wp-json\/wp\/v2\/posts\/3887\/revisions\/3891"}],"wp:featuredmedia":[{"embeddable":true,"href":"https:\/\/blogsaverroes.juntadeandalucia.es\/iesmiradordelgenil\/wp-json\/wp\/v2\/media\/3886"}],"wp:attachment":[{"href":"https:\/\/blogsaverroes.juntadeandalucia.es\/iesmiradordelgenil\/wp-json\/wp\/v2\/media?parent=3887"}],"wp:term":[{"taxonomy":"category","embeddable":true,"href":"https:\/\/blogsaverroes.juntadeandalucia.es\/iesmiradordelgenil\/wp-json\/wp\/v2\/categories?post=3887"},{"taxonomy":"post_tag","embeddable":true,"href":"https:\/\/blogsaverroes.juntadeandalucia.es\/iesmiradordelgenil\/wp-json\/wp\/v2\/tags?post=3887"}],"curies":[{"name":"wp","href":"https:\/\/api.w.org\/{rel}","templated":true}]}}