{"id":3898,"date":"2025-12-01T11:30:54","date_gmt":"2025-12-01T10:30:54","guid":{"rendered":"https:\/\/blogsaverroes.juntadeandalucia.es\/iesmiradordelgenil\/?p=3898"},"modified":"2025-12-01T11:30:54","modified_gmt":"2025-12-01T10:30:54","slug":"dia-de-la-bandera","status":"publish","type":"post","link":"https:\/\/blogsaverroes.juntadeandalucia.es\/iesmiradordelgenil\/dia-de-la-bandera\/","title":{"rendered":"D\u00eda de la Bandera"},"content":{"rendered":"<h2 style=\"text-align: center\">\u00a1Orgullo andaluz en el centro!&nbsp;<\/h2>\n<p>&nbsp;<\/p>\n<p>Nuestros estudiantes de 1\u00ba de Atenci\u00f3n Educativa han creado un mural para celebrar el <b>D\u00eda de la Bandera de Andaluc\u00eda<\/b>.<\/p>\n<p>Han combinado el arte con la investigaci\u00f3n, profundizando en nuestra historia: desde la figura de Blas Infante y el simbolismo de los colores verde y blanco, hasta la mitolog\u00eda del escudo de H\u00e9rcules y la importancia de la Asamblea de Ronda de 1918.<\/p>\n<p><b>\u00a1Un trabajo incre\u00edble que honra nuestra identidad!<\/b><\/p>\n<p><b><a href=\"https:\/\/blogsaverroes.juntadeandalucia.es\/iesmiradordelgenil\/files\/2025\/12\/Mural.jpeg\"><img loading=\"lazy\" decoding=\"async\" class=\"aligncenter  wp-image-3899\" src=\"https:\/\/blogsaverroes.juntadeandalucia.es\/iesmiradordelgenil\/files\/2025\/12\/Mural.jpeg\" alt=\"\" width=\"788\" height=\"591\" srcset=\"https:\/\/blogsaverroes.juntadeandalucia.es\/iesmiradordelgenil\/files\/2025\/12\/Mural.jpeg 1600w, https:\/\/blogsaverroes.juntadeandalucia.es\/iesmiradordelgenil\/files\/2025\/12\/Mural-300x225.jpeg 300w, https:\/\/blogsaverroes.juntadeandalucia.es\/iesmiradordelgenil\/files\/2025\/12\/Mural-1024x768.jpeg 1024w, https:\/\/blogsaverroes.juntadeandalucia.es\/iesmiradordelgenil\/files\/2025\/12\/Mural-768x576.jpeg 768w, https:\/\/blogsaverroes.juntadeandalucia.es\/iesmiradordelgenil\/files\/2025\/12\/Mural-1536x1152.jpeg 1536w\" sizes=\"(max-width: 788px) 100vw, 788px\" \/><\/a><\/b><\/p>\n","protected":false},"excerpt":{"rendered":"<p>\u00a1Orgullo andaluz en el centro!&nbsp; &nbsp; Nuestros estudiantes de 1\u00ba de Atenci\u00f3n Educativa han creado un mural para celebrar el D\u00eda de la Bandera de Andaluc\u00eda. Han combinado el arte con la investigaci\u00f3n, profundizando&#46;&#46;&#46;<\/p>\n","protected":false},"author":4595,"featured_media":3899,"comment_status":"open","ping_status":"open","sticky":false,"template":"","format":"standard","meta":{"ngg_post_thumbnail":0,"footnotes":""},"categories":[11909],"tags":[],"aioseo_notices":[],"_links":{"self":[{"href":"https:\/\/blogsaverroes.juntadeandalucia.es\/iesmiradordelgenil\/wp-json\/wp\/v2\/posts\/3898"}],"collection":[{"href":"https:\/\/blogsaverroes.juntadeandalucia.es\/iesmiradordelgenil\/wp-json\/wp\/v2\/posts"}],"about":[{"href":"https:\/\/blogsaverroes.juntadeandalucia.es\/iesmiradordelgenil\/wp-json\/wp\/v2\/types\/post"}],"author":[{"embeddable":true,"href":"https:\/\/blogsaverroes.juntadeandalucia.es\/iesmiradordelgenil\/wp-json\/wp\/v2\/users\/4595"}],"replies":[{"embeddable":true,"href":"https:\/\/blogsaverroes.juntadeandalucia.es\/iesmiradordelgenil\/wp-json\/wp\/v2\/comments?post=3898"}],"version-history":[{"count":1,"href":"https:\/\/blogsaverroes.juntadeandalucia.es\/iesmiradordelgenil\/wp-json\/wp\/v2\/posts\/3898\/revisions"}],"predecessor-version":[{"id":3900,"href":"https:\/\/blogsaverroes.juntadeandalucia.es\/iesmiradordelgenil\/wp-json\/wp\/v2\/posts\/3898\/revisions\/3900"}],"wp:featuredmedia":[{"embeddable":true,"href":"https:\/\/blogsaverroes.juntadeandalucia.es\/iesmiradordelgenil\/wp-json\/wp\/v2\/media\/3899"}],"wp:attachment":[{"href":"https:\/\/blogsaverroes.juntadeandalucia.es\/iesmiradordelgenil\/wp-json\/wp\/v2\/media?parent=3898"}],"wp:term":[{"taxonomy":"category","embeddable":true,"href":"https:\/\/blogsaverroes.juntadeandalucia.es\/iesmiradordelgenil\/wp-json\/wp\/v2\/categories?post=3898"},{"taxonomy":"post_tag","embeddable":true,"href":"https:\/\/blogsaverroes.juntadeandalucia.es\/iesmiradordelgenil\/wp-json\/wp\/v2\/tags?post=3898"}],"curies":[{"name":"wp","href":"https:\/\/api.w.org\/{rel}","templated":true}]}}