{"id":2104,"date":"2025-08-27T10:47:51","date_gmt":"2025-08-27T09:47:51","guid":{"rendered":"https:\/\/blogsaverroes.juntadeandalucia.es\/iesmiravent\/?p=2104"},"modified":"2025-08-27T10:47:51","modified_gmt":"2025-08-27T09:47:51","slug":"bienvenida-curso-2025-26","status":"publish","type":"post","link":"https:\/\/blogsaverroes.juntadeandalucia.es\/iesmiravent\/bienvenida-curso-2025-26\/","title":{"rendered":"Bienvenida curso 2025\/26"},"content":{"rendered":"<p data-start=\"237\" data-end=\"272\">Querida Comunidad educativa,<\/p>\n<p data-start=\"274\" data-end=\"549\">Comenzamos un nuevo curso en el IES Miravent, y es un placer dar la bienvenida a alumnos, familias y compa\u00f1eros, tanto a quienes os incorpor\u00e1is por primera vez como a quienes continu\u00e1is un a\u00f1o m\u00e1s con nosotros.<\/p>\n<p data-start=\"274\" data-end=\"549\">Os recibimos con los brazos abiertos y con la seguridad de que pronto os sentir\u00e9is parte de esta gran familia. Os animamos a aprovechar cada d\u00eda, a trabajar con esfuerzo y constancia, y a disfrutar de todo lo que aqu\u00ed vamos a vivir. Entre todos haremos que este curso est\u00e9 lleno de logros, aprendizaje y buenos recuerdos.<\/p>\n<p data-start=\"1249\" data-end=\"1383\">\u00a1Bienvenidos y bienvenidas al curso escolar en el IES Miravent! \u00a1Que sea un a\u00f1o lleno de \u00e9xitos y de experiencias inolvidables!<\/p>\n<p data-start=\"1249\" data-end=\"1383\">Profes, os esperamos el lunes 1 de septiembre a las 10 de la ma\u00f1ana.<\/p>\n","protected":false},"excerpt":{"rendered":"<p>Querida Comunidad educativa, Comenzamos un nuevo curso en el IES Miravent, y es un placer dar la bienvenida a alumnos, familias y compa\u00f1eros, tanto a quienes os incorpor\u00e1is por primera vez como a quienes continu\u00e1is un a\u00f1o m\u00e1s con nosotros. Os recibimos con los brazos abiertos y con la seguridad de que pronto os sentir\u00e9is [&hellip;]<\/p>\n","protected":false},"author":18645,"featured_media":2105,"comment_status":"closed","ping_status":"open","sticky":false,"template":"","format":"standard","meta":{"_et_pb_use_builder":"","_et_pb_old_content":"","_et_gb_content_width":"","ngg_post_thumbnail":0,"footnotes":""},"categories":[1],"tags":[],"aioseo_notices":[],"_links":{"self":[{"href":"https:\/\/blogsaverroes.juntadeandalucia.es\/iesmiravent\/wp-json\/wp\/v2\/posts\/2104"}],"collection":[{"href":"https:\/\/blogsaverroes.juntadeandalucia.es\/iesmiravent\/wp-json\/wp\/v2\/posts"}],"about":[{"href":"https:\/\/blogsaverroes.juntadeandalucia.es\/iesmiravent\/wp-json\/wp\/v2\/types\/post"}],"author":[{"embeddable":true,"href":"https:\/\/blogsaverroes.juntadeandalucia.es\/iesmiravent\/wp-json\/wp\/v2\/users\/18645"}],"replies":[{"embeddable":true,"href":"https:\/\/blogsaverroes.juntadeandalucia.es\/iesmiravent\/wp-json\/wp\/v2\/comments?post=2104"}],"version-history":[{"count":2,"href":"https:\/\/blogsaverroes.juntadeandalucia.es\/iesmiravent\/wp-json\/wp\/v2\/posts\/2104\/revisions"}],"predecessor-version":[{"id":2107,"href":"https:\/\/blogsaverroes.juntadeandalucia.es\/iesmiravent\/wp-json\/wp\/v2\/posts\/2104\/revisions\/2107"}],"wp:featuredmedia":[{"embeddable":true,"href":"https:\/\/blogsaverroes.juntadeandalucia.es\/iesmiravent\/wp-json\/wp\/v2\/media\/2105"}],"wp:attachment":[{"href":"https:\/\/blogsaverroes.juntadeandalucia.es\/iesmiravent\/wp-json\/wp\/v2\/media?parent=2104"}],"wp:term":[{"taxonomy":"category","embeddable":true,"href":"https:\/\/blogsaverroes.juntadeandalucia.es\/iesmiravent\/wp-json\/wp\/v2\/categories?post=2104"},{"taxonomy":"post_tag","embeddable":true,"href":"https:\/\/blogsaverroes.juntadeandalucia.es\/iesmiravent\/wp-json\/wp\/v2\/tags?post=2104"}],"curies":[{"name":"wp","href":"https:\/\/api.w.org\/{rel}","templated":true}]}}