{"id":1047,"date":"2026-02-18T10:15:42","date_gmt":"2026-02-18T09:15:42","guid":{"rendered":"https:\/\/blogsaverroes.juntadeandalucia.es\/iesmunigua\/?p=1047"},"modified":"2026-02-20T11:00:15","modified_gmt":"2026-02-20T10:00:15","slug":"semana-cultural","status":"publish","type":"post","link":"https:\/\/blogsaverroes.juntadeandalucia.es\/iesmunigua\/semana-cultural\/","title":{"rendered":"Semana Cultural"},"content":{"rendered":"<h2>\ud83c\udf1f Semana Cultural en el IES Munigua<\/h2>\n<p>Los pr\u00f3ximos d\u00edas <strong>24, 25 y 26 de febrero<\/strong>, el IES Munigua celebrar\u00e1 su esperada <strong>Semana Cultural<\/strong>, una cita ya tradicional en nuestro centro que tiene como objetivo fomentar la convivencia, la creatividad y el aprendizaje desde una perspectiva diferente y participativa.<\/p>\n<p>Durante los d\u00edas <strong>24 y 25 de febrero<\/strong>, se desarrollar\u00e1n en el instituto <strong>diversos talleres organizados por los distintos departamentos did\u00e1cticos<\/strong>. El alumnado podr\u00e1 participar en actividades variadas relacionadas con la ciencia, la tecnolog\u00eda, las humanidades, el arte y el deporte, promoviendo el trabajo en equipo y el aprendizaje pr\u00e1ctico.<\/p>\n<p>La semana culminar\u00e1 el <strong>jueves 26 de febrero<\/strong> con una <strong>convivencia en el campo de f\u00fatbol de la localidad<\/strong>, donde disfrutaremos de un desayuno compartido y actividades l\u00fadicas en un ambiente distendido que reforzar\u00e1 los lazos entre alumnado y profesorado.<\/p>\n<p>Invitamos a toda la comunidad educativa a participar y disfrutar de estos d\u00edas especiales, que sin duda enriquecer\u00e1n la vida del centro.<\/p>\n<p>&nbsp;<\/p>\n","protected":false},"excerpt":{"rendered":"<p>\ud83c\udf1f Semana Cultural en el IES Munigua Los pr\u00f3ximos d\u00edas 24, 25 y 26 de febrero, el IES Munigua celebrar\u00e1 su esperada Semana Cultural, una cita ya tradicional en nuestro centro que tiene como objetivo fomentar la convivencia, la creatividad y el aprendizaje desde una perspectiva diferente y participativa. Durante los d\u00edas 24 y 25 [&hellip;]<\/p>\n","protected":false},"author":21351,"featured_media":1051,"comment_status":"closed","ping_status":"open","sticky":false,"template":"","format":"standard","meta":{"_et_pb_use_builder":"","_et_pb_old_content":"","_et_gb_content_width":"","ngg_post_thumbnail":0,"footnotes":""},"categories":[4,5],"tags":[],"aioseo_notices":[],"_links":{"self":[{"href":"https:\/\/blogsaverroes.juntadeandalucia.es\/iesmunigua\/wp-json\/wp\/v2\/posts\/1047"}],"collection":[{"href":"https:\/\/blogsaverroes.juntadeandalucia.es\/iesmunigua\/wp-json\/wp\/v2\/posts"}],"about":[{"href":"https:\/\/blogsaverroes.juntadeandalucia.es\/iesmunigua\/wp-json\/wp\/v2\/types\/post"}],"author":[{"embeddable":true,"href":"https:\/\/blogsaverroes.juntadeandalucia.es\/iesmunigua\/wp-json\/wp\/v2\/users\/21351"}],"replies":[{"embeddable":true,"href":"https:\/\/blogsaverroes.juntadeandalucia.es\/iesmunigua\/wp-json\/wp\/v2\/comments?post=1047"}],"version-history":[{"count":1,"href":"https:\/\/blogsaverroes.juntadeandalucia.es\/iesmunigua\/wp-json\/wp\/v2\/posts\/1047\/revisions"}],"predecessor-version":[{"id":1049,"href":"https:\/\/blogsaverroes.juntadeandalucia.es\/iesmunigua\/wp-json\/wp\/v2\/posts\/1047\/revisions\/1049"}],"wp:featuredmedia":[{"embeddable":true,"href":"https:\/\/blogsaverroes.juntadeandalucia.es\/iesmunigua\/wp-json\/wp\/v2\/media\/1051"}],"wp:attachment":[{"href":"https:\/\/blogsaverroes.juntadeandalucia.es\/iesmunigua\/wp-json\/wp\/v2\/media?parent=1047"}],"wp:term":[{"taxonomy":"category","embeddable":true,"href":"https:\/\/blogsaverroes.juntadeandalucia.es\/iesmunigua\/wp-json\/wp\/v2\/categories?post=1047"},{"taxonomy":"post_tag","embeddable":true,"href":"https:\/\/blogsaverroes.juntadeandalucia.es\/iesmunigua\/wp-json\/wp\/v2\/tags?post=1047"}],"curies":[{"name":"wp","href":"https:\/\/api.w.org\/{rel}","templated":true}]}}