{"id":1212,"date":"2022-04-20T16:19:48","date_gmt":"2022-04-20T16:19:48","guid":{"rendered":"http:\/\/iesmva.net\/?p=1212"},"modified":"2022-04-20T16:19:48","modified_gmt":"2022-04-20T16:19:48","slug":"uso-de-mascarillas","status":"publish","type":"post","link":"https:\/\/blogsaverroes.juntadeandalucia.es\/iesmva\/uso-de-mascarillas\/","title":{"rendered":"USO DE MASCARILLAS"},"content":{"rendered":"<p>Estimadas familias, tras las nuevas instrucciones de 20 de abril de 2022, de la viceconsejer\u00eda de educaci\u00f3n y deporte.<\/p>\n<p>A partir de ma\u00f1ana 21 de abril de 2022.<strong> No ser\u00e1 obligatorio<\/strong> el uso de mascarillas en los centros o servicios educativos. Su uso <strong>ser\u00e1 obligatorio<\/strong> en el <strong>transporte escolar<\/strong> colectivo a partir de 6 a\u00f1os, y recomendable de 3 a 5 a\u00f1os.<\/p>\n<p>Pero se mantienen todas las dem\u00e1s medidas de nuestro protocolo COVID: grupos burbujas, recreos, entradas y salidas, ventilaci\u00f3n, limpieza, distancia, higiene, etc.<\/p>\n<p>Muchas gracias por vuestra colaboraci\u00f3n.<\/p>\n","protected":false},"excerpt":{"rendered":"<p>Estimadas familias, tras las nuevas instrucciones de 20 de abril de 2022, de la viceconsejer\u00eda de educaci\u00f3n y deporte. A partir de ma\u00f1ana 21 de abril de 2022. No ser\u00e1 obligatorio el uso de mascarillas en los centros o servicios educativos. Su uso ser\u00e1 obligatorio en el transporte escolar colectivo a partir de 6 a\u00f1os, &hellip; <a href=\"https:\/\/blogsaverroes.juntadeandalucia.es\/iesmva\/uso-de-mascarillas\/\" class=\"more-link\">Continuar leyendo<span class=\"screen-reader-text\"> &#8220;USO DE MASCARILLAS&#8221;<\/span><\/a><\/p>\n","protected":false},"author":15191,"featured_media":0,"comment_status":"closed","ping_status":"open","sticky":false,"template":"","format":"standard","meta":{"ngg_post_thumbnail":0,"footnotes":""},"categories":[18],"tags":[],"aioseo_notices":[],"_links":{"self":[{"href":"https:\/\/blogsaverroes.juntadeandalucia.es\/iesmva\/wp-json\/wp\/v2\/posts\/1212"}],"collection":[{"href":"https:\/\/blogsaverroes.juntadeandalucia.es\/iesmva\/wp-json\/wp\/v2\/posts"}],"about":[{"href":"https:\/\/blogsaverroes.juntadeandalucia.es\/iesmva\/wp-json\/wp\/v2\/types\/post"}],"author":[{"embeddable":true,"href":"https:\/\/blogsaverroes.juntadeandalucia.es\/iesmva\/wp-json\/wp\/v2\/users\/15191"}],"replies":[{"embeddable":true,"href":"https:\/\/blogsaverroes.juntadeandalucia.es\/iesmva\/wp-json\/wp\/v2\/comments?post=1212"}],"version-history":[{"count":0,"href":"https:\/\/blogsaverroes.juntadeandalucia.es\/iesmva\/wp-json\/wp\/v2\/posts\/1212\/revisions"}],"wp:attachment":[{"href":"https:\/\/blogsaverroes.juntadeandalucia.es\/iesmva\/wp-json\/wp\/v2\/media?parent=1212"}],"wp:term":[{"taxonomy":"category","embeddable":true,"href":"https:\/\/blogsaverroes.juntadeandalucia.es\/iesmva\/wp-json\/wp\/v2\/categories?post=1212"},{"taxonomy":"post_tag","embeddable":true,"href":"https:\/\/blogsaverroes.juntadeandalucia.es\/iesmva\/wp-json\/wp\/v2\/tags?post=1212"}],"curies":[{"name":"wp","href":"https:\/\/api.w.org\/{rel}","templated":true}]}}