{"id":1243,"date":"2020-12-05T15:38:44","date_gmt":"2020-12-05T15:38:44","guid":{"rendered":"http:\/\/iesmva.net\/?p=993"},"modified":"2020-12-05T15:38:44","modified_gmt":"2020-12-05T15:38:44","slug":"v-carrera-solidaria","status":"publish","type":"post","link":"https:\/\/blogsaverroes.juntadeandalucia.es\/iesmva\/v-carrera-solidaria\/","title":{"rendered":"V Carrera Solidaria."},"content":{"rendered":"<p>No te pierdas el \u00e9pico <strong>video promocional<\/strong> de la V Carrera Solidaria del IES Mar\u00eda Victoria Atencia.<\/p>\n<p>Una carrera diferente, con los mismos valores y objetivos de siempre. La COVID no impedir\u00e1 que sigamos siendo solidarios. \u00a1PARTICIPA\u00a0 y aporta tu kilo de alimento!<\/p>\n<p>Trae tu Kilo de alimento* del <strong>9 al 17 de diciembre, <\/strong>para conseguir tu dorsal y anima a tus compa\u00f1eros de clase para conseguir ser el <strong>grupo m\u00e1s solidario.<\/strong><\/p>\n<p>El grupo m\u00e1s solidario conseguir\u00e1 un reconocimiento y adem\u00e1s con el dorsal, podr\u00e1s participar de forma voluntaria en el reto Tik Tok.<\/p>\n<p>Cada ma\u00f1ana un responsable de la organizaci\u00f3n pasar\u00e1 por tu clase recogiendo el alimento y anotando nombres y apellidos de los participantes en esta carrera virtual.<\/p>\n<p>En las entradas y salidas, encontrar\u00e9is un cartel indicando la puntuaci\u00f3n en la que se encuentra cada clase.<\/p>\n<h1 style=\"text-align: center\"><strong>\u00bfCu\u00e1l ser\u00e1 el grupo m\u00e1s solidario?<\/strong><\/h1>\n<p><iframe loading=\"lazy\" title=\"V Carrera Solidaria IMVA promo\" width=\"840\" height=\"473\" src=\"https:\/\/www.youtube.com\/embed\/M4uPsnKqpAs?feature=oembed\" frameborder=\"0\" allow=\"accelerometer; autoplay; clipboard-write; encrypted-media; gyroscope; picture-in-picture\" allowfullscreen><\/iframe><\/p>\n<p><em><strong>*Alimentos no perecedero ( pasta, arroz, legumbres, aceite, az\u00facar, cacao, harina&#8230;), productos de higiene personal, productos infantiles (pa\u00f1ales, potitos, leche en polvo, etc) o productos navide\u00f1os.<br \/>\n<\/strong><\/em><\/p>\n","protected":false},"excerpt":{"rendered":"<p>No te pierdas el \u00e9pico video promocional de la V Carrera Solidaria del IES Mar\u00eda Victoria Atencia. Una carrera diferente, con los mismos valores y objetivos de siempre. La COVID no impedir\u00e1 que sigamos siendo solidarios. \u00a1PARTICIPA\u00a0 y aporta tu kilo de alimento! Trae tu Kilo de alimento* del 9 al 17 de diciembre, para &hellip; <a href=\"https:\/\/blogsaverroes.juntadeandalucia.es\/iesmva\/v-carrera-solidaria\/\" class=\"more-link\">Continuar leyendo<span class=\"screen-reader-text\"> &#8220;V Carrera Solidaria.&#8221;<\/span><\/a><\/p>\n","protected":false},"author":15187,"featured_media":0,"comment_status":"closed","ping_status":"open","sticky":false,"template":"","format":"standard","meta":{"ngg_post_thumbnail":0,"footnotes":""},"categories":[18],"tags":[],"aioseo_notices":[],"_links":{"self":[{"href":"https:\/\/blogsaverroes.juntadeandalucia.es\/iesmva\/wp-json\/wp\/v2\/posts\/1243"}],"collection":[{"href":"https:\/\/blogsaverroes.juntadeandalucia.es\/iesmva\/wp-json\/wp\/v2\/posts"}],"about":[{"href":"https:\/\/blogsaverroes.juntadeandalucia.es\/iesmva\/wp-json\/wp\/v2\/types\/post"}],"author":[{"embeddable":true,"href":"https:\/\/blogsaverroes.juntadeandalucia.es\/iesmva\/wp-json\/wp\/v2\/users\/15187"}],"replies":[{"embeddable":true,"href":"https:\/\/blogsaverroes.juntadeandalucia.es\/iesmva\/wp-json\/wp\/v2\/comments?post=1243"}],"version-history":[{"count":0,"href":"https:\/\/blogsaverroes.juntadeandalucia.es\/iesmva\/wp-json\/wp\/v2\/posts\/1243\/revisions"}],"wp:attachment":[{"href":"https:\/\/blogsaverroes.juntadeandalucia.es\/iesmva\/wp-json\/wp\/v2\/media?parent=1243"}],"wp:term":[{"taxonomy":"category","embeddable":true,"href":"https:\/\/blogsaverroes.juntadeandalucia.es\/iesmva\/wp-json\/wp\/v2\/categories?post=1243"},{"taxonomy":"post_tag","embeddable":true,"href":"https:\/\/blogsaverroes.juntadeandalucia.es\/iesmva\/wp-json\/wp\/v2\/tags?post=1243"}],"curies":[{"name":"wp","href":"https:\/\/api.w.org\/{rel}","templated":true}]}}