{"id":1381,"date":"2022-10-23T13:51:01","date_gmt":"2022-10-23T12:51:01","guid":{"rendered":"https:\/\/blogsaverroes.juntadeandalucia.es\/iesmva\/?p=1381"},"modified":"2022-10-23T13:51:01","modified_gmt":"2022-10-23T12:51:01","slug":"elecciones-al-consejo-escolar","status":"publish","type":"post","link":"https:\/\/blogsaverroes.juntadeandalucia.es\/iesmva\/elecciones-al-consejo-escolar\/","title":{"rendered":"ELECCIONES AL CONSEJO ESCOLAR"},"content":{"rendered":"<p>Estimadas familias, alumnado, profesorado y personal de administraci\u00f3n y servicios.<\/p>\n<p>Tras la constituci\u00f3n de la Junta Electoral, se convocan elecciones para los distintos sectores del Consejo Escolar.<\/p>\n<p>Ha comenzado el periodo de presentaci\u00f3n de candidaturas para el consejo escolar. Invitamos a que tanto familias como alumnado presenten sus <strong>candidaturas<\/strong>. Basta con acercarse a la Secretar\u00eda del centro y rellenar el impreso. Las candidaturas se pueden presentar <strong>hasta el 3 de noviembre<\/strong>.<\/p>\n<p>-Las elecciones para el sector de las&nbsp;<strong>familias<\/strong>&nbsp;se celebrar\u00e1n el&nbsp;<strong>22 de noviembre.<\/strong><\/p>\n<p>-Las elecciones del&nbsp;<strong>alumnado<\/strong>&nbsp;tendr\u00e1n lugar durante la ma\u00f1ana del&nbsp;<strong>23 de noviembre<\/strong>.<\/p>\n<p>-En el caso del&nbsp;<strong>profesorado y el personal de administraci\u00f3n y servicios<\/strong>, sus elecciones se desarrollar\u00e1n el&nbsp;<strong>24 de noviembre<\/strong>. El profesorado ser\u00e1 convocado a claustro extraordinario por parte del secretario del centro, quedando a\u00fan por determinar la hora.<\/p>\n<p>Para ejercitar el&nbsp;<strong>voto no presencial por parte de las familias<\/strong>, el padre o madre usar\u00e1 el sistema de doble sobre:<br \/>\nEl sobre exterior se dirigir\u00e1 a la \u201cMESA ELECTORAL DE REPRESENTANTE DE PADRES Y MADRES\u201d y contendr\u00e1 la firma manuscrita y coincidente con la que aparece en el documento de identificaci\u00f3n que<br \/>\naporte (fotocopia de D.N.I., pasaporte o carn\u00e9 de conducir).<br \/>\nUn segundo sobre ir\u00e1 en blanco, cerrado y en su interior se incluir\u00e1 la papeleta del voto que se confeccionar\u00e1 del 10 al 14 de noviembre (habr\u00e1 de solicitarla en el centro o mediante correo electr\u00f3nico).<br \/>\nEl voto no presencial se enviar\u00e1 por correo certificado o se entregar\u00e1 a la direcci\u00f3n del centro durante los cinco d\u00edas anteriores al de la votaci\u00f3n, bien por el interesado, bien por otra persona en lugar del elector o electora, como por ejemplo su hijo o hija.<\/p>\n","protected":false},"excerpt":{"rendered":"<p>Estimadas familias, alumnado, profesorado y personal de administraci\u00f3n y servicios. Tras la constituci\u00f3n de la Junta Electoral, se convocan elecciones para los distintos sectores del Consejo Escolar. Ha comenzado el periodo de presentaci\u00f3n de candidaturas para el consejo escolar. Invitamos a que tanto familias como alumnado presenten sus candidaturas. Basta con acercarse a la Secretar\u00eda &hellip; <a href=\"https:\/\/blogsaverroes.juntadeandalucia.es\/iesmva\/elecciones-al-consejo-escolar\/\" class=\"more-link\">Continuar leyendo<span class=\"screen-reader-text\"> &#8220;ELECCIONES AL CONSEJO ESCOLAR&#8221;<\/span><\/a><\/p>\n","protected":false},"author":15191,"featured_media":0,"comment_status":"closed","ping_status":"open","sticky":false,"template":"","format":"standard","meta":{"ngg_post_thumbnail":0,"footnotes":""},"categories":[1],"tags":[],"aioseo_notices":[],"_links":{"self":[{"href":"https:\/\/blogsaverroes.juntadeandalucia.es\/iesmva\/wp-json\/wp\/v2\/posts\/1381"}],"collection":[{"href":"https:\/\/blogsaverroes.juntadeandalucia.es\/iesmva\/wp-json\/wp\/v2\/posts"}],"about":[{"href":"https:\/\/blogsaverroes.juntadeandalucia.es\/iesmva\/wp-json\/wp\/v2\/types\/post"}],"author":[{"embeddable":true,"href":"https:\/\/blogsaverroes.juntadeandalucia.es\/iesmva\/wp-json\/wp\/v2\/users\/15191"}],"replies":[{"embeddable":true,"href":"https:\/\/blogsaverroes.juntadeandalucia.es\/iesmva\/wp-json\/wp\/v2\/comments?post=1381"}],"version-history":[{"count":1,"href":"https:\/\/blogsaverroes.juntadeandalucia.es\/iesmva\/wp-json\/wp\/v2\/posts\/1381\/revisions"}],"predecessor-version":[{"id":1382,"href":"https:\/\/blogsaverroes.juntadeandalucia.es\/iesmva\/wp-json\/wp\/v2\/posts\/1381\/revisions\/1382"}],"wp:attachment":[{"href":"https:\/\/blogsaverroes.juntadeandalucia.es\/iesmva\/wp-json\/wp\/v2\/media?parent=1381"}],"wp:term":[{"taxonomy":"category","embeddable":true,"href":"https:\/\/blogsaverroes.juntadeandalucia.es\/iesmva\/wp-json\/wp\/v2\/categories?post=1381"},{"taxonomy":"post_tag","embeddable":true,"href":"https:\/\/blogsaverroes.juntadeandalucia.es\/iesmva\/wp-json\/wp\/v2\/tags?post=1381"}],"curies":[{"name":"wp","href":"https:\/\/api.w.org\/{rel}","templated":true}]}}